{"id":42398,"date":"2021-08-21T10:10:18","date_gmt":"2021-08-21T15:10:18","guid":{"rendered":"https:\/\/elreporterohgo.com\/noticias\/?p=42398"},"modified":"2021-08-22T12:38:17","modified_gmt":"2021-08-22T17:38:17","slug":"omar-fayad-se-reunio-con-migrantes-en-usa","status":"publish","type":"post","link":"https:\/\/elreporterohgo.com\/noticias\/2021\/08\/21\/omar-fayad-se-reunio-con-migrantes-en-usa\/","title":{"rendered":"Omar Fayad se reuni\u00f3 con migrantes en USA"},"content":{"rendered":"\n<figure class=\"wp-block-image\"><img fetchpriority=\"high\" decoding=\"async\" width=\"1024\" height=\"682\" src=\"https::\/\/elreporterohgo.com\/noticias\/wp-content\/uploads\/2021\/08\/unnamed-2021-08-21T100640.490-1024x682.jpg\" alt=\"\" class=\"wp-image-42399\" srcset=\"https:\/\/elreporterohgo.com\/noticias\/wp-content\/uploads\/2021\/08\/unnamed-2021-08-21T100640.490-1024x682.jpg 1024w, https:\/\/elreporterohgo.com\/noticias\/wp-content\/uploads\/2021\/08\/unnamed-2021-08-21T100640.490-300x200.jpg 300w, https:\/\/elreporterohgo.com\/noticias\/wp-content\/uploads\/2021\/08\/unnamed-2021-08-21T100640.490-768x512.jpg 768w, https:\/\/elreporterohgo.com\/noticias\/wp-content\/uploads\/2021\/08\/unnamed-2021-08-21T100640.490.jpg 1280w\" sizes=\"(max-width: 1024px) 100vw, 1024px\" \/><\/figure>\n\n\n\n<figure class=\"wp-block-image\"><img decoding=\"async\" width=\"1024\" height=\"682\" src=\"https::\/\/elreporterohgo.com\/noticias\/wp-content\/uploads\/2021\/08\/unnamed-2021-08-21T100713.440-1024x682.jpg\" alt=\"\" class=\"wp-image-42400\" srcset=\"https:\/\/elreporterohgo.com\/noticias\/wp-content\/uploads\/2021\/08\/unnamed-2021-08-21T100713.440-1024x682.jpg 1024w, https:\/\/elreporterohgo.com\/noticias\/wp-content\/uploads\/2021\/08\/unnamed-2021-08-21T100713.440-300x200.jpg 300w, https:\/\/elreporterohgo.com\/noticias\/wp-content\/uploads\/2021\/08\/unnamed-2021-08-21T100713.440-768x512.jpg 768w, https:\/\/elreporterohgo.com\/noticias\/wp-content\/uploads\/2021\/08\/unnamed-2021-08-21T100713.440.jpg 1280w\" sizes=\"(max-width: 1024px) 100vw, 1024px\" \/><\/figure>\n\n\n\n<p>Florida,\nEstados Unidos.- En la gira \u201cSalud, ciencia y migraci\u00f3n\u201d que realiza por el\nestado de Florida, el gobernador Omar Fayad Meneses se reuni\u00f3 con migrantes\nhidalguenses radicados en los Estados Unidos de Norteam\u00e9rica, para iniciar las\nFerias de Documentaci\u00f3n Hidalgo Cerca de Ti 2021 con el objetivo de beneficiar\ncon tr\u00e1mites administrativos a los connacionales.<\/p>\n\n\n\n<p>El Gobierno del Estado de Hidalgo, en coordinaci\u00f3n con la Secretar\u00eda de Relaciones Exteriores (SRE), el Instituto de Mexicanos en el Exterior (IME), el Consulado de M\u00e9xico en Orlando y la Federaci\u00f3n de Hidalguenses en Florida, realizaron la entrega de licencias de conducir para dar arranque formal a las seis Ferias de Documentaci\u00f3n que se llevar\u00e1n a cabo en cuatro estados de la Uni\u00f3n Americana.<\/p>\n\n\n\n<figure class=\"wp-block-image\"><img decoding=\"async\" width=\"1024\" height=\"1024\" src=\"https::\/\/elreporterohgo.com\/noticias\/wp-content\/uploads\/2021\/08\/comprocars-1024x1024.jpg\" alt=\"\" class=\"wp-image-42197\" srcset=\"https:\/\/elreporterohgo.com\/noticias\/wp-content\/uploads\/2021\/08\/comprocars-1024x1024.jpg 1024w, https:\/\/elreporterohgo.com\/noticias\/wp-content\/uploads\/2021\/08\/comprocars-150x150.jpg 150w, https:\/\/elreporterohgo.com\/noticias\/wp-content\/uploads\/2021\/08\/comprocars-300x300.jpg 300w, https:\/\/elreporterohgo.com\/noticias\/wp-content\/uploads\/2021\/08\/comprocars-768x768.jpg 768w, https:\/\/elreporterohgo.com\/noticias\/wp-content\/uploads\/2021\/08\/comprocars-160x160.jpg 160w, https:\/\/elreporterohgo.com\/noticias\/wp-content\/uploads\/2021\/08\/comprocars.jpg 1200w\" sizes=\"(max-width: 1024px) 100vw, 1024px\" \/><\/figure>\n\n\n\n<p>En un\nacto realizado en la ciudad de Clearwater, Florida, el gobernador Fayad destac\u00f3\nque para las y los hidalguenses migrantes, la licencia de conducir es un\ndocumento de identificaci\u00f3n muy importante, por ello que su administraci\u00f3n tom\u00f3\nla decisi\u00f3n de fortalecer este tr\u00e1mite en coordinaci\u00f3n con las federaciones,\nclubes y asociaciones. La gesti\u00f3n de las licencias se realiz\u00f3 de manera\nelectr\u00f3nica con la finalidad de agilizar el proceso. <\/p>\n\n\n\n<p>El\nmandatario hidalguense destac\u00f3 que incluso mexicanos de otras entidades se han\nacercado a las organizaciones hidalguenses para que les apoyen en la gesti\u00f3n de\nlas licencias; por ello anunci\u00f3: \u201ccon gusto se puede hacer el esfuerzo por\nayudarles\u2026que vean que los hidalguenses somos solidarios\u201d.<\/p>\n\n\n\n<p>Adem\u00e1s\nde las licencias, el gobierno hidalguense puede apoyar a los migrantes con\nactas de nacimiento, tr\u00e1mites administrativos, jur\u00eddicos, de propiedad, de\nherencias, entre otros, \u201cporque cuando dejan el estado, all\u00e1 se quedan sus\nfamilias\u201d.<\/p>\n\n\n\n<p>Fayad\nexhort\u00f3 a los hidalguenses radicados en diferentes estados de la Uni\u00f3n\nAmericana a utilizar las plataformas digitales, as\u00ed como se emplean en\ntransacciones comerciales y para comunicarse, para realizar diferentes\ntr\u00e1mites, entre ellos los que ofrece el gobierno hidalguense.<\/p>\n\n\n\n<p>Adelant\u00f3\nque pidi\u00f3 a su equipo de trabajo analice qu\u00e9 decreto se debe emitir para dar\nvalidez oficial a las matriculas expedidas por los consulados, para que estas\nsean admitidas en Hidalgo como identificaciones oficiales, si es que no cuentan\ncon otro documento que valide la identidad de un migrante. <\/p>\n\n\n\n<p>\u201cSer\u00e1n\nlas y los hidalguenses radicados en los estados de Georgia, Arizona, Dallas y\nFlorida los beneficiados con estas ferias, quienes podr\u00e1n aprovechar los programas\ny acciones que el gobierno de Hidalgo les ofrecer\u00e1 en los meses de agosto,\nseptiembre y octubre\u201d.<\/p>\n\n\n\n<p>Durante\nesta administraci\u00f3n, declar\u00f3 el mandatario estatal, se han realizado 20 Ferias\nde Documentaci\u00f3n Hidalgo Cerca de Ti en ocho estados de la Uni\u00f3n Americana,\nacercando el gobierno estatal a los hidalguenses que est\u00e1n fuera de nuestra\nfrontera, pero siempre cerca de su pa\u00eds, su cultura y sus familias.<\/p>\n\n\n\n<p>En las ferias,\nexpres\u00f3 Fayad, a trav\u00e9s de un esfuerzo interinstitucional del gobierno hidalguense\nse han realizado m\u00e1s de 10 mil tr\u00e1mites administrativos en favor de la\ncomunidad hidalguense en Estados Unidos.<\/p>\n\n\n\n<p>Omar\nFayad subray\u00f3 que la coordinaci\u00f3n y trabajo con seis federaciones, 21 clubes y\ncuatro asociaciones de migrantes en los EE.UU. ha sido fundamental para\nfortalecer las pol\u00edticas p\u00fablicas en beneficio de esa comunidad, pero tambi\u00e9n\npara llevar beneficios a sus lugares de origen y de sus familias.<\/p>\n\n\n\n<p>Asimismo,\nse\u00f1al\u00f3 que la comunidad migrante hidalguense en Estados Unidos, conformada por m\u00e1s\nde 368 mil personas, cuenta con todo su respaldo y por ello seguir\u00e1 impulsado\nprogramas y acciones para que ellos como sus familiares mejoren su calidad de\nvida, ya que \u201cHidalgo siempre ser\u00e1 su casa\u201d.<\/p>\n\n\n\n<p>Refiri\u00f3\nque por medio del programa Abrazando Destinos m\u00e1s de 1300 hidalguenses se han\nreencontrado con sus hijos, madres o padres. Algunos de esos reencuentros han\nsido conmovedores, despu\u00e9s de d\u00e9cadas de distanciamiento.<\/p>\n\n\n\n<p>El\ngobernador Fayad agradeci\u00f3 al Gobierno de M\u00e9xico, al presidente Andr\u00e9s Manuel\nL\u00f3pez Obrador, quien a trav\u00e9s del canciller Marcelo Ebrard Casaub\u00f3n, siempre ha\nsido aliado de las causas de Hidalgo y de su gente.<\/p>\n\n\n\n<p>\u201cPor\nsupuesto tambi\u00e9n al titular del IME, Luis Guti\u00e9rrez y al c\u00f3nsul de M\u00e9xico en\nOrlado, Juan Sabines, por su apoyo en la ejecuci\u00f3n de esta gira que ha generado\nresultados positivos en temas de salud, ciencia, nanotecnolog\u00eda y migraci\u00f3n,\ntanto para los connacionales que viven en la Uni\u00f3n Americana, como para los\nhidalguenses que radican en el territorio estatal\u201d, concluy\u00f3.<\/p>\n\n\n\n<p>El gobernador\nestuvo acompa\u00f1ado del titular del IME, Luis Guti\u00e9rrez; el secretario de\nDesarrollo Social de Hidalgo, Daniel Jim\u00e9nez Rojo; as\u00ed como de Juan Baxcajay\nCantero y Leonardo Rodr\u00edguez Da\u00f1\u00fa; presidente y vicepresidente de la Federaci\u00f3n\nde Hidalguenses en Florida, respectivamente. As\u00ed como de Lam\u00e1n Carranza\nRam\u00edrez, titular de la Unidad de Planeaci\u00f3n y Prospectiva y Alonso Huerta Cruz,\nDirector General del Consejo de Ciencia, Tecnolog\u00eda e Innovaci\u00f3n de Hidalgo.<strong><\/strong><\/p>\n","protected":false},"excerpt":{"rendered":"<p>Florida, Estados Unidos.- En la gira \u201cSalud, ciencia y migraci\u00f3n\u201d que realiza por el estado de Florida, el gobernador Omar Fayad Meneses se reuni\u00f3 con migrantes hidalguenses radicados en los Estados Unidos de Norteam\u00e9rica, para iniciar las Ferias de Documentaci\u00f3n Hidalgo Cerca de Ti 2021 con el objetivo de beneficiar con tr\u00e1mites administrativos a los<\/p>\n","protected":false},"author":2,"featured_media":42399,"comment_status":"open","ping_status":"closed","sticky":false,"template":"","format":"standard","meta":{"footnotes":""},"categories":[10],"tags":[],"class_list":{"0":"post-42398","1":"post","2":"type-post","3":"status-publish","4":"format-standard","5":"has-post-thumbnail","7":"category-hidalgo"},"_links":{"self":[{"href":"https:\/\/elreporterohgo.com\/noticias\/wp-json\/wp\/v2\/posts\/42398","targetHints":{"allow":["GET"]}}],"collection":[{"href":"https:\/\/elreporterohgo.com\/noticias\/wp-json\/wp\/v2\/posts"}],"about":[{"href":"https:\/\/elreporterohgo.com\/noticias\/wp-json\/wp\/v2\/types\/post"}],"author":[{"embeddable":true,"href":"https:\/\/elreporterohgo.com\/noticias\/wp-json\/wp\/v2\/users\/2"}],"replies":[{"embeddable":true,"href":"https:\/\/elreporterohgo.com\/noticias\/wp-json\/wp\/v2\/comments?post=42398"}],"version-history":[{"count":2,"href":"https:\/\/elreporterohgo.com\/noticias\/wp-json\/wp\/v2\/posts\/42398\/revisions"}],"predecessor-version":[{"id":42409,"href":"https:\/\/elreporterohgo.com\/noticias\/wp-json\/wp\/v2\/posts\/42398\/revisions\/42409"}],"wp:featuredmedia":[{"embeddable":true,"href":"https:\/\/elreporterohgo.com\/noticias\/wp-json\/wp\/v2\/media\/42399"}],"wp:attachment":[{"href":"https:\/\/elreporterohgo.com\/noticias\/wp-json\/wp\/v2\/media?parent=42398"}],"wp:term":[{"taxonomy":"category","embeddable":true,"href":"https:\/\/elreporterohgo.com\/noticias\/wp-json\/wp\/v2\/categories?post=42398"},{"taxonomy":"post_tag","embeddable":true,"href":"https:\/\/elreporterohgo.com\/noticias\/wp-json\/wp\/v2\/tags?post=42398"}],"curies":[{"name":"wp","href":"https:\/\/api.w.org\/{rel}","templated":true}]}}