{"id":42387,"date":"2021-08-20T17:20:10","date_gmt":"2021-08-20T22:20:10","guid":{"rendered":"https:\/\/elreporterohgo.com\/noticias\/?p=42387"},"modified":"2021-08-22T12:38:53","modified_gmt":"2021-08-22T17:38:53","slug":"recorrido-por-pabellon-de-mexico-en-el-epcot-center-del-walt-disney-world","status":"publish","type":"post","link":"https:\/\/elreporterohgo.com\/noticias\/2021\/08\/20\/recorrido-por-pabellon-de-mexico-en-el-epcot-center-del-walt-disney-world\/","title":{"rendered":"Recorrido por pabell\u00f3n de M\u00e9xico en el Epcot Center del Walt Disney World"},"content":{"rendered":"\n<figure class=\"wp-block-image\"><img fetchpriority=\"high\" decoding=\"async\" width=\"1024\" height=\"682\" src=\"https::\/\/elreporterohgo.com\/noticias\/wp-content\/uploads\/2021\/08\/unnamed-2021-08-20T171715.044-1024x682.jpg\" alt=\"\" class=\"wp-image-42388\" srcset=\"https:\/\/elreporterohgo.com\/noticias\/wp-content\/uploads\/2021\/08\/unnamed-2021-08-20T171715.044-1024x682.jpg 1024w, https:\/\/elreporterohgo.com\/noticias\/wp-content\/uploads\/2021\/08\/unnamed-2021-08-20T171715.044-300x200.jpg 300w, https:\/\/elreporterohgo.com\/noticias\/wp-content\/uploads\/2021\/08\/unnamed-2021-08-20T171715.044-768x512.jpg 768w, https:\/\/elreporterohgo.com\/noticias\/wp-content\/uploads\/2021\/08\/unnamed-2021-08-20T171715.044.jpg 1280w\" sizes=\"(max-width: 1024px) 100vw, 1024px\" \/><\/figure>\n\n\n\n<p>Orlando, Florida, Estados\nUnidos.- En compa\u00f1\u00eda del Embajador de\nM\u00e9xico en Estados Unidos, Esteban Moctezuma Barrag\u00e1n, el Gobernador Omar Fayad\nMeneses, realiz\u00f3 un recorrido por el pabell\u00f3n de M\u00e9xico en el Epcot Center del\nWalt Disney World en Florida. <\/p>\n\n\n\n<p>Durante el segundo d\u00eda de la\ngira de trabajo \u201cSalud, ciencia y migraci\u00f3n\u201d, el mandatario estatal dio a\nconocer que el objetivo es gestionar\nun espacio en este parque tem\u00e1tico para la exposici\u00f3n denominada el \u201cMes de Hidalgo\u201d, que muestre la riqueza del estado, su patrimonio gastron\u00f3mico,\ncultural y su biodiversidad.&nbsp; <\/p>\n\n\n\n<p>Epcot recibe a millones de visitantes de todo el mundo, por ello es estrat\u00e9gica la promoci\u00f3n en ese espacio, ya que con el \u201cMes de Hidalgo\u201d se cautivar\u00e1 a inversionistas y visitantes a la entidad, cabe citar que el pabell\u00f3n de M\u00e9xico en Epcot, tiene una afluencia anual de m\u00e1s de 12 millones de visitantes.<\/p>\n\n\n\n<figure class=\"wp-block-image\"><img decoding=\"async\" width=\"1024\" height=\"1024\" src=\"https::\/\/elreporterohgo.com\/noticias\/wp-content\/uploads\/2021\/08\/comprocars-1024x1024.jpg\" alt=\"\" class=\"wp-image-42197\" srcset=\"https:\/\/elreporterohgo.com\/noticias\/wp-content\/uploads\/2021\/08\/comprocars-1024x1024.jpg 1024w, https:\/\/elreporterohgo.com\/noticias\/wp-content\/uploads\/2021\/08\/comprocars-150x150.jpg 150w, https:\/\/elreporterohgo.com\/noticias\/wp-content\/uploads\/2021\/08\/comprocars-300x300.jpg 300w, https:\/\/elreporterohgo.com\/noticias\/wp-content\/uploads\/2021\/08\/comprocars-768x768.jpg 768w, https:\/\/elreporterohgo.com\/noticias\/wp-content\/uploads\/2021\/08\/comprocars-160x160.jpg 160w, https:\/\/elreporterohgo.com\/noticias\/wp-content\/uploads\/2021\/08\/comprocars.jpg 1200w\" sizes=\"(max-width: 1024px) 100vw, 1024px\" \/><\/figure>\n\n\n\n<p>El gobernador Fayad Meneses expres\u00f3 que la entidad cuenta\nla capacidad y las ganas para emprender grandes proyectos. <\/p>\n\n\n\n<p><strong>Ceremonia de inauguraci\u00f3n de la Academia Hispana de\nSheriff del Condado de Orange<\/strong><\/p>\n\n\n\n<p>Posteriormente, el cuerpo diplom\u00e1tico, integrado por el\ntitular del Instituto de los Mexicanos en el Exterior (IME) de la Secretar\u00eda de\nRelaciones Exteriores, Luis Guti\u00e9rrez; y el C\u00f3nsul de M\u00e9xico en Orlando, Juan\nSabines Guerrero; as\u00ed como el mandatario hidalguense, asistieron a la ceremonia\nde inauguraci\u00f3n de la Academia Hispana de Sheriff del Condado de Orange.<\/p>\n\n\n\n<p>Ah\u00ed, Moctezuma Barrag\u00e1n destac\u00f3 al Gobernador Fayad, como alguien que sabe mucho de seguridad, \u201cun rubro muy relevante porque construye ciudadan\u00eda, se crea conciencia c\u00edvica y es un factor para vivir en armon\u00eda\u201d.<\/p>\n\n\n\n<figure class=\"wp-block-image\"><img decoding=\"async\" width=\"1024\" height=\"1024\" src=\"https::\/\/elreporterohgo.com\/noticias\/wp-content\/uploads\/2021\/08\/comprocars-1024x1024.jpg\" alt=\"\" class=\"wp-image-42197\" srcset=\"https:\/\/elreporterohgo.com\/noticias\/wp-content\/uploads\/2021\/08\/comprocars-1024x1024.jpg 1024w, https:\/\/elreporterohgo.com\/noticias\/wp-content\/uploads\/2021\/08\/comprocars-150x150.jpg 150w, https:\/\/elreporterohgo.com\/noticias\/wp-content\/uploads\/2021\/08\/comprocars-300x300.jpg 300w, https:\/\/elreporterohgo.com\/noticias\/wp-content\/uploads\/2021\/08\/comprocars-768x768.jpg 768w, https:\/\/elreporterohgo.com\/noticias\/wp-content\/uploads\/2021\/08\/comprocars-160x160.jpg 160w, https:\/\/elreporterohgo.com\/noticias\/wp-content\/uploads\/2021\/08\/comprocars.jpg 1200w\" sizes=\"(max-width: 1024px) 100vw, 1024px\" \/><\/figure>\n\n\n\n<p>El diplom\u00e1tico\nmexicano expres\u00f3 que las y los migrantes representan\nhistorias de esfuerzo y dedicaci\u00f3n, por eso la atenci\u00f3n a ellos es fundamental.\nLos programas que el IME promueve, dijo, \u201cmuestran el lado m\u00e1s humano de la\npol\u00edtica exterior\u201d del Gobierno de M\u00e9xico.<\/p>\n\n\n\n<p>En su intervenci\u00f3n, el\ngobernador Fayad agradeci\u00f3 el respaldo y el apoyo del embajador Esteban Moctezuma Barrag\u00e1n y de los\ndiplom\u00e1ticos mexicanos en la conformaci\u00f3n de una agenda de trabajo que incidir\u00e1\nen el bienestar de los hidalguenses en el extranjero.<\/p>\n\n\n\n<p>En\ntanto, que al Sheriff John Mina, Fayad le\nreconoci\u00f3 su labor al frente de la academia de polic\u00eda, una de las m\u00e1s grandes\nde los Estados Unidos, al ser el encargado de servir y proteger a m\u00e1s de 1.4\nmillones de residentes en el condado de Orange y m\u00e1s de 75 millones de\nvisitantes anuales, tiene la encomienda de hacer de su condado el lugar m\u00e1s\nseguro para vivir, para viajar, para visitar&nbsp;\n\u201calgo en lo que coincidimos plenamente y que es lo que buscamos todos en\nlos nuestros lugares&nbsp; de residencia\u201d.<\/p>\n\n\n\n<p>Tal vez en Florida puede\nparecerles com\u00fan, pero en Hidalgo se instalaron 12 mil c\u00e1maras de\nvideovigilancia conectadas al C5i \u201cconsiderado la integraci\u00f3n tecnol\u00f3gica m\u00e1s\nacabada y sofisticada no s\u00f3lo de M\u00e9xico sino de Am\u00e9rica Latina\u201d puesta al\nservicio de toda la ciudadan\u00eda con excelentes resultados que hoy colocan a\nHidalgo entre los seis estados con mayor nivel de paz social en M\u00e9xico, en un\ntema que a todos nos resulta fundamental para el desarrollo de M\u00e9xico,\npuntualiz\u00f3 el gobernador. <\/p>\n\n\n\n<p>Fayad\nrecord\u00f3 que la Secretar\u00eda de Seguridad P\u00fablica de Hidalgo obtuvo la\ncertificaci\u00f3n internacional policial Tri-Arco de CALEA, financiada por el\ngobierno de los Estados Unidos de Norteam\u00e9rica. Hasta el momento, cit\u00f3, s\u00f3lo\nseis estados mexicanos han obtenido este nivel de acreditaci\u00f3n.<\/p>\n\n\n\n<p><strong>Reuni\u00f3n\ncon Olga Gonz\u00e1lez, alcaldesa de Kissimmee y comisionadas del condado de Osceola<\/strong><\/p>\n\n\n\n<p>En otra\nactividad de la productiva agenda de trabajo, el titular del Ejecutivo\nhidalguense se reuni\u00f3 con Olga Gonz\u00e1lez, alcaldesa de Kissimmee, la primera\nhispana y puertorrique\u00f1a en asumir esa responsabilidad; al igual que con\ncomisionadas del condado de Osceola.&nbsp; <\/p>\n\n\n\n<p>Fayad\ncalific\u00f3 este encuentro como un espacio de para hermanar vocaciones y\nvoluntades para que las mujeres y los hombres hidalguenses puedan recibir apoyo\nmigratorio y\/o orientaci\u00f3n legal cuando as\u00ed lo requieran.<\/p>\n\n\n\n<p>Destac\u00f3\nla sensibilidad de la alcaldesa y las comisionadas para encontrar soluciones\nconjuntas en beneficio de la comunidad hispana.<\/p>\n\n\n\n<p><strong>Ofrenda floral en el busto de Miguel Hidalgo y\nCostilla<\/strong><strong><\/strong><\/p>\n\n\n\n<p>Finalmente, en el Parque\nEola, sitio emblem\u00e1tico de Orlando y espacio de encuentro de migrantes\nmexicanos, el gobernador Omar Fayad deposit\u00f3 una ofrenda floral en el busto de\nMiguel Hidalgo y Costilla, Padre de la Patria y de quien la entidad lleva el\nnombre.<\/p>\n\n\n\n<p>Para finalizar las\nactividades del d\u00eda, el jefe del Ejecutivo hidalguense cen\u00f3 con el embajador\nEsteban Moctezuma Barrag\u00e1n, Luis Aguirre, titular del IME y Juan Sabines,\nc\u00f3nsul de M\u00e9xico en Orlando, a quienes les refrend\u00f3 su agradecimiento por la\nrealizaci\u00f3n de la gira que tendr\u00e1 efectos multiplicadores para la comunidad\nmigrante y sus familias.<\/p>\n\n\n\n<p>Durante la jornada, el\nGobernador estuvo acompa\u00f1ado por el vicec\u00f3nsul, Javier de la Vega; el titular\nde la Unidad de Planeaci\u00f3n, Lam\u00e1n Carranza Ram\u00edrez; el secretario de Desarrollo\nSocial, Daniel Jim\u00e9nez Rojo y Alonso Huerta Cruz, director general del Consejo\nde Ciencia, Tecnolog\u00eda e Innovaci\u00f3n de Hidalgo.<\/p>\n","protected":false},"excerpt":{"rendered":"<p>Orlando, Florida, Estados Unidos.- En compa\u00f1\u00eda del Embajador de M\u00e9xico en Estados Unidos, Esteban Moctezuma Barrag\u00e1n, el Gobernador Omar Fayad Meneses, realiz\u00f3 un recorrido por el pabell\u00f3n de M\u00e9xico en el Epcot Center del Walt Disney World en Florida. Durante el segundo d\u00eda de la gira de trabajo \u201cSalud, ciencia y migraci\u00f3n\u201d, el mandatario estatal<\/p>\n","protected":false},"author":2,"featured_media":42388,"comment_status":"open","ping_status":"closed","sticky":false,"template":"","format":"standard","meta":{"footnotes":""},"categories":[10],"tags":[],"class_list":{"0":"post-42387","1":"post","2":"type-post","3":"status-publish","4":"format-standard","5":"has-post-thumbnail","7":"category-hidalgo"},"_links":{"self":[{"href":"https:\/\/elreporterohgo.com\/noticias\/wp-json\/wp\/v2\/posts\/42387","targetHints":{"allow":["GET"]}}],"collection":[{"href":"https:\/\/elreporterohgo.com\/noticias\/wp-json\/wp\/v2\/posts"}],"about":[{"href":"https:\/\/elreporterohgo.com\/noticias\/wp-json\/wp\/v2\/types\/post"}],"author":[{"embeddable":true,"href":"https:\/\/elreporterohgo.com\/noticias\/wp-json\/wp\/v2\/users\/2"}],"replies":[{"embeddable":true,"href":"https:\/\/elreporterohgo.com\/noticias\/wp-json\/wp\/v2\/comments?post=42387"}],"version-history":[{"count":3,"href":"https:\/\/elreporterohgo.com\/noticias\/wp-json\/wp\/v2\/posts\/42387\/revisions"}],"predecessor-version":[{"id":42410,"href":"https:\/\/elreporterohgo.com\/noticias\/wp-json\/wp\/v2\/posts\/42387\/revisions\/42410"}],"wp:featuredmedia":[{"embeddable":true,"href":"https:\/\/elreporterohgo.com\/noticias\/wp-json\/wp\/v2\/media\/42388"}],"wp:attachment":[{"href":"https:\/\/elreporterohgo.com\/noticias\/wp-json\/wp\/v2\/media?parent=42387"}],"wp:term":[{"taxonomy":"category","embeddable":true,"href":"https:\/\/elreporterohgo.com\/noticias\/wp-json\/wp\/v2\/categories?post=42387"},{"taxonomy":"post_tag","embeddable":true,"href":"https:\/\/elreporterohgo.com\/noticias\/wp-json\/wp\/v2\/tags?post=42387"}],"curies":[{"name":"wp","href":"https:\/\/api.w.org\/{rel}","templated":true}]}}