{"id":42364,"date":"2021-08-19T10:59:46","date_gmt":"2021-08-19T15:59:46","guid":{"rendered":"https:\/\/elreporterohgo.com\/noticias\/?p=42364"},"modified":"2021-08-21T00:02:31","modified_gmt":"2021-08-21T05:02:31","slug":"las-llamas-consumieron-una-camioneta","status":"publish","type":"post","link":"https:\/\/elreporterohgo.com\/noticias\/2021\/08\/19\/las-llamas-consumieron-una-camioneta\/","title":{"rendered":"Las llamas consumieron una camioneta"},"content":{"rendered":"\n<figure class=\"wp-block-image\"><img fetchpriority=\"high\" decoding=\"async\" width=\"1024\" height=\"768\" src=\"https::\/\/elreporterohgo.com\/noticias\/wp-content\/uploads\/2021\/08\/9a8d3de4-4aee-4db7-a40e-4d912bc7194c-1024x768.jpg\" alt=\"\" class=\"wp-image-42365\" srcset=\"https:\/\/elreporterohgo.com\/noticias\/wp-content\/uploads\/2021\/08\/9a8d3de4-4aee-4db7-a40e-4d912bc7194c-1024x768.jpg 1024w, https:\/\/elreporterohgo.com\/noticias\/wp-content\/uploads\/2021\/08\/9a8d3de4-4aee-4db7-a40e-4d912bc7194c-300x225.jpg 300w, https:\/\/elreporterohgo.com\/noticias\/wp-content\/uploads\/2021\/08\/9a8d3de4-4aee-4db7-a40e-4d912bc7194c-768x576.jpg 768w, https:\/\/elreporterohgo.com\/noticias\/wp-content\/uploads\/2021\/08\/9a8d3de4-4aee-4db7-a40e-4d912bc7194c.jpg 1040w\" sizes=\"(max-width: 1024px) 100vw, 1024px\" \/><\/figure>\n\n\n\n<figure class=\"wp-block-image\"><img decoding=\"async\" width=\"719\" height=\"647\" src=\"https::\/\/elreporterohgo.com\/noticias\/wp-content\/uploads\/2021\/08\/2c5edd83-064f-44f8-a66b-8a74b9a93993-2.jpg\" alt=\"\" class=\"wp-image-42366\" srcset=\"https:\/\/elreporterohgo.com\/noticias\/wp-content\/uploads\/2021\/08\/2c5edd83-064f-44f8-a66b-8a74b9a93993-2.jpg 719w, https:\/\/elreporterohgo.com\/noticias\/wp-content\/uploads\/2021\/08\/2c5edd83-064f-44f8-a66b-8a74b9a93993-2-300x270.jpg 300w\" sizes=\"(max-width: 719px) 100vw, 719px\" \/><\/figure>\n\n\n\n<p>Ignoran las causas del siniestro<\/p>\n\n\n\n<p>Por Juan Sabino Cruz<\/p>\n\n\n\n<p>CIUDAD SAHAGUN.- Por causas hasta el momento desconocidas,\nal amanecer de hoy, las llamas consumieron modesta camioneta estacionada en un\ndomicilio de la popular colonia Abecedario de esta industrial ciudad.<\/p>\n\n\n\n<p>Eduardo Zepeda, Director de Protecci\u00f3n Civil de Tepeapulco, dio a conocer que aproximadamente a las 06:50 horas en las oficinas de Secretar\u00eda de Seguridad P\u00fablica se recibi\u00f3 el reporte donde se indica el incendio de un veh\u00edculo en la colonia Abecedario. <br><br><\/p>\n\n\n\n<figure class=\"wp-block-image\"><img decoding=\"async\" width=\"1024\" height=\"1024\" src=\"https::\/\/elreporterohgo.com\/noticias\/wp-content\/uploads\/2021\/08\/comprocars-1024x1024.jpg\" alt=\"\" class=\"wp-image-42197\" srcset=\"https:\/\/elreporterohgo.com\/noticias\/wp-content\/uploads\/2021\/08\/comprocars-1024x1024.jpg 1024w, https:\/\/elreporterohgo.com\/noticias\/wp-content\/uploads\/2021\/08\/comprocars-150x150.jpg 150w, https:\/\/elreporterohgo.com\/noticias\/wp-content\/uploads\/2021\/08\/comprocars-300x300.jpg 300w, https:\/\/elreporterohgo.com\/noticias\/wp-content\/uploads\/2021\/08\/comprocars-768x768.jpg 768w, https:\/\/elreporterohgo.com\/noticias\/wp-content\/uploads\/2021\/08\/comprocars-160x160.jpg 160w, https:\/\/elreporterohgo.com\/noticias\/wp-content\/uploads\/2021\/08\/comprocars.jpg 1200w\" sizes=\"(max-width: 1024px) 100vw, 1024px\" \/><\/figure>\n\n\n\n<p>El jefe de Protecci\u00f3n Civil y dos elementos acudieron a\natender el siniestro, lograron apagar las llamas que consum\u00edan la camioneta\nFord, Windstar, color azul, matr\u00edcula MDX-9506, por fortuna no hubo lesionados.<\/p>\n\n\n\n<p>Qued\u00f3 claro que hasta el momento se desconoces las causas del siniestro que causo elevados da\u00f1os materiales.<\/p>\n\n\n\n<figure class=\"wp-block-image\"><img loading=\"lazy\" decoding=\"async\" width=\"768\" height=\"1024\" src=\"https::\/\/elreporterohgo.com\/noticias\/wp-content\/uploads\/2021\/08\/117e3e44-37da-4f4f-aa46-146895ecc57f-1-768x1024.jpg\" alt=\"\" class=\"wp-image-42368\" srcset=\"https:\/\/elreporterohgo.com\/noticias\/wp-content\/uploads\/2021\/08\/117e3e44-37da-4f4f-aa46-146895ecc57f-1-768x1024.jpg 768w, https:\/\/elreporterohgo.com\/noticias\/wp-content\/uploads\/2021\/08\/117e3e44-37da-4f4f-aa46-146895ecc57f-1-225x300.jpg 225w, https:\/\/elreporterohgo.com\/noticias\/wp-content\/uploads\/2021\/08\/117e3e44-37da-4f4f-aa46-146895ecc57f-1.jpg 780w\" sizes=\"(max-width: 768px) 100vw, 768px\" \/><\/figure>\n","protected":false},"excerpt":{"rendered":"<p>Ignoran las causas del siniestro Por Juan Sabino Cruz CIUDAD SAHAGUN.- Por causas hasta el momento desconocidas, al amanecer de hoy, las llamas consumieron modesta camioneta estacionada en un domicilio de la popular colonia Abecedario de esta industrial ciudad. Eduardo Zepeda, Director de Protecci\u00f3n Civil de Tepeapulco, dio a conocer que aproximadamente a las 06:50<\/p>\n","protected":false},"author":2,"featured_media":42367,"comment_status":"open","ping_status":"closed","sticky":false,"template":"","format":"standard","meta":{"footnotes":""},"categories":[10],"tags":[],"class_list":{"0":"post-42364","1":"post","2":"type-post","3":"status-publish","4":"format-standard","5":"has-post-thumbnail","7":"category-hidalgo"},"_links":{"self":[{"href":"https:\/\/elreporterohgo.com\/noticias\/wp-json\/wp\/v2\/posts\/42364","targetHints":{"allow":["GET"]}}],"collection":[{"href":"https:\/\/elreporterohgo.com\/noticias\/wp-json\/wp\/v2\/posts"}],"about":[{"href":"https:\/\/elreporterohgo.com\/noticias\/wp-json\/wp\/v2\/types\/post"}],"author":[{"embeddable":true,"href":"https:\/\/elreporterohgo.com\/noticias\/wp-json\/wp\/v2\/users\/2"}],"replies":[{"embeddable":true,"href":"https:\/\/elreporterohgo.com\/noticias\/wp-json\/wp\/v2\/comments?post=42364"}],"version-history":[{"count":2,"href":"https:\/\/elreporterohgo.com\/noticias\/wp-json\/wp\/v2\/posts\/42364\/revisions"}],"predecessor-version":[{"id":42396,"href":"https:\/\/elreporterohgo.com\/noticias\/wp-json\/wp\/v2\/posts\/42364\/revisions\/42396"}],"wp:featuredmedia":[{"embeddable":true,"href":"https:\/\/elreporterohgo.com\/noticias\/wp-json\/wp\/v2\/media\/42367"}],"wp:attachment":[{"href":"https:\/\/elreporterohgo.com\/noticias\/wp-json\/wp\/v2\/media?parent=42364"}],"wp:term":[{"taxonomy":"category","embeddable":true,"href":"https:\/\/elreporterohgo.com\/noticias\/wp-json\/wp\/v2\/categories?post=42364"},{"taxonomy":"post_tag","embeddable":true,"href":"https:\/\/elreporterohgo.com\/noticias\/wp-json\/wp\/v2\/tags?post=42364"}],"curies":[{"name":"wp","href":"https:\/\/api.w.org\/{rel}","templated":true}]}}