{"id":42356,"date":"2021-08-19T09:45:08","date_gmt":"2021-08-19T14:45:08","guid":{"rendered":"https:\/\/elreporterohgo.com\/noticias\/?p=42356"},"modified":"2021-08-21T00:03:27","modified_gmt":"2021-08-21T05:03:27","slug":"se-fugaron-dos-internos-del-penal-de-pachuca","status":"publish","type":"post","link":"https:\/\/elreporterohgo.com\/noticias\/2021\/08\/19\/se-fugaron-dos-internos-del-penal-de-pachuca\/","title":{"rendered":"Se fugaron dos internos del penal de Pachuca"},"content":{"rendered":"\n<figure class=\"wp-block-image\"><img fetchpriority=\"high\" decoding=\"async\" width=\"1024\" height=\"688\" src=\"https::\/\/elreporterohgo.com\/noticias\/wp-content\/uploads\/2021\/08\/ratasv-2-1-1024x688.jpg\" alt=\"\" class=\"wp-image-42360\" srcset=\"https:\/\/elreporterohgo.com\/noticias\/wp-content\/uploads\/2021\/08\/ratasv-2-1-1024x688.jpg 1024w, https:\/\/elreporterohgo.com\/noticias\/wp-content\/uploads\/2021\/08\/ratasv-2-1-300x202.jpg 300w, https:\/\/elreporterohgo.com\/noticias\/wp-content\/uploads\/2021\/08\/ratasv-2-1-768x516.jpg 768w, https:\/\/elreporterohgo.com\/noticias\/wp-content\/uploads\/2021\/08\/ratasv-2-1.jpg 1585w\" sizes=\"(max-width: 1024px) 100vw, 1024px\" \/><\/figure>\n\n\n\n<p>Se fugaron dos internos del penal de Pachuca<\/p>\n\n\n\n<p>En una hora les presentamos el video <\/p>\n\n\n\n<p>Parece que contaron \u201cfacilidades\u201d para huir<\/p>\n\n\n\n<p>Tardaron m\u00e1s de un ahora en reportar la evasi\u00f3n<\/p>\n\n\n\n<p>Hac\u00edan limpieza en oficinas <\/p>\n\n\n\n<p>Por Juan Sabino Cruz<\/p>\n\n\n\n<p>PACHUCA, Hgo.- Dos sujetos acusados por transporte de armas\ny cartuchos exclusivos para las fuerzas armadas de M\u00e9xico y otro involucrado en\nel delito de violaci\u00f3n, esta ma\u00f1ana, fueron reportados como fugados del penal\nde la capital Hidalguense, todo indica que contaron con facilidades para dejar\nel penal.<\/p>\n\n\n\n<p>La fuga de estos delincuentes origino, esta ma\u00f1ana, gran\nmovilizaci\u00f3n de todas las autoridades policiacas, repartieron fichas de los\nevadidos para localizarlos y regresarlos a la celda.<\/p>\n\n\n\n<p>Giovanni Moreno San Juan, de 30 a\u00f1os, vecino de Ciudad Neza\nen el Estado de M\u00e9xico, el pasado siete de julio fue ingresado al penal de\nPachuca, est\u00e1 involucrado en portaci\u00f3n de arma de fuego y transporte de\ncartuchos exclusivos para las fuerzas armadas.<\/p>\n\n\n\n<p>El segundo fugado es Jos\u00e9 Luis Alvarado Hidario, de 24 a\u00f1os,\nvecino de la colonia Tulipanes, en el Municipio de Mineral de la Reforma,\ningreso al penal de Pachuca el pasado 2 de julio por estar involucrado en el\ndelito de abuso sexual equiparado.<\/p>\n\n\n\n<p>SIN PISTAS<\/p>\n\n\n\n<p>Todo indica que hasta el momento nadie sabe en qu\u00e9 momento abandonaron el penal los ahora evadidos, hay quienes informar que la fuga fue la noche de ayer, sin embargo, fue a las 08 horas de hoy jueves 19 de agosto cuando se dio la voz de alerta por la fuga.<\/p>\n\n\n\n<figure class=\"wp-block-image\"><img decoding=\"async\" width=\"1024\" height=\"1024\" src=\"https::\/\/elreporterohgo.com\/noticias\/wp-content\/uploads\/2021\/08\/comprocars-1024x1024.jpg\" alt=\"\" class=\"wp-image-42197\" srcset=\"https:\/\/elreporterohgo.com\/noticias\/wp-content\/uploads\/2021\/08\/comprocars-1024x1024.jpg 1024w, https:\/\/elreporterohgo.com\/noticias\/wp-content\/uploads\/2021\/08\/comprocars-150x150.jpg 150w, https:\/\/elreporterohgo.com\/noticias\/wp-content\/uploads\/2021\/08\/comprocars-300x300.jpg 300w, https:\/\/elreporterohgo.com\/noticias\/wp-content\/uploads\/2021\/08\/comprocars-768x768.jpg 768w, https:\/\/elreporterohgo.com\/noticias\/wp-content\/uploads\/2021\/08\/comprocars-160x160.jpg 160w, https:\/\/elreporterohgo.com\/noticias\/wp-content\/uploads\/2021\/08\/comprocars.jpg 1200w\" sizes=\"(max-width: 1024px) 100vw, 1024px\" \/><\/figure>\n\n\n\n<p>ULTIMA HORA<\/p>\n\n\n\n<p>Originalmente se dijo que no hab\u00eda pistas, sin embargo ha\nquedado claro que estos dos internos contaron con todas las facilidades para\nescapar, pues presuntamente hac\u00edan trabajos de limpieza en oficinas\nadministrativas sin contar con vigilancia.<\/p>\n\n\n\n<p>Vieron las facilidades y, a las 6:30 horas decidieron\nescapar al salir apresurados por la puerta grande, sin que nadie se cruzara en\nsu camino.<\/p>\n\n\n\n<p>Fue hasta las 7:40 horas cuando se dio la alerta de la fuga,\nuna hora con diez minutos despu\u00e9s de la evasi\u00f3n, tiempo suficiente para poner\nmuchos kil\u00f3metros de por medio.<\/p>\n\n\n\n<p>En estos momentos existen \u201cfiltros\u201d policiacos por todas las\ncarreteras de Hidalgo en espera de interceptar alg\u00fan transporte donde viajen\nlos maleantes.<\/p>\n\n\n\n<p>En unos minutos , en este medio, podr\u00e1 ver el video de la fuga. &nbsp;&nbsp; <\/p>\n\n\n\n<p><a href=\"https:s:\/\/www.facebook.com\/ELREPORTERO.NOTICIAS\/videos\/1711950232339157\">https:s:\/\/www.facebook.com\/ELREPORTERO.NOTICIAS\/videos\/1711950232339157<\/a><\/p>\n\n\n\n<figure class=\"wp-block-image\"><img decoding=\"async\" width=\"1024\" height=\"819\" src=\"https::\/\/elreporterohgo.com\/noticias\/wp-content\/uploads\/2021\/08\/d7b85975-5bcd-4a91-83ae-179d3f5f0329-1024x819.jpg\" alt=\"\" class=\"wp-image-42358\" srcset=\"https:\/\/elreporterohgo.com\/noticias\/wp-content\/uploads\/2021\/08\/d7b85975-5bcd-4a91-83ae-179d3f5f0329-1024x819.jpg 1024w, https:\/\/elreporterohgo.com\/noticias\/wp-content\/uploads\/2021\/08\/d7b85975-5bcd-4a91-83ae-179d3f5f0329-300x240.jpg 300w, https:\/\/elreporterohgo.com\/noticias\/wp-content\/uploads\/2021\/08\/d7b85975-5bcd-4a91-83ae-179d3f5f0329-768x614.jpg 768w, https:\/\/elreporterohgo.com\/noticias\/wp-content\/uploads\/2021\/08\/d7b85975-5bcd-4a91-83ae-179d3f5f0329.jpg 1280w\" sizes=\"(max-width: 1024px) 100vw, 1024px\" \/><\/figure>\n\n\n\n<p>COMUNICADO OFICIAL<\/p>\n\n\n\n<p>Se buscan por evasi\u00f3n del Centro de Reinserci\u00f3n Social de\nPachuca<\/p>\n\n\n\n<p>La ma\u00f1ana de este jueves 19 de agosto, personal de seguridad\npenitenciaria inform\u00f3 sobre la evasi\u00f3n de dos personas en reclusi\u00f3n en el\nCentro de Reinserci\u00f3n Social de Pachuca.<\/p>\n\n\n\n<p>Los hombres son identificados como Jos\u00e9 Luis Alvarado\nHidario, de 23 a\u00f1os, originario de Mineral de la Reforma, Hidalgo, y Giovanni\nMoreno San Juan, de 30 a\u00f1os, originario de Ciudad Nezahualc\u00f3yotl, Estado de\nM\u00e9xico.<\/p>\n\n\n\n<p>Por lo anterior, elementos de las instituciones de seguridad\ny justicia en la regi\u00f3n implementan operativo de b\u00fasqueda de los individuos.<\/p>\n\n\n\n<p>La Subsecretar\u00eda de Reinserci\u00f3n Social solicita la\ncolaboraci\u00f3n de la ciudadan\u00eda para que aporte informaci\u00f3n al respecto a trav\u00e9s\ndel n\u00famero de Emergencias 911 y\/o 089 de Denuncia An\u00f3nima.<\/p>\n","protected":false},"excerpt":{"rendered":"<p>Se fugaron dos internos del penal de Pachuca En una hora les presentamos el video Parece que contaron \u201cfacilidades\u201d para huir Tardaron m\u00e1s de un ahora en reportar la evasi\u00f3n Hac\u00edan limpieza en oficinas Por Juan Sabino Cruz PACHUCA, Hgo.- Dos sujetos acusados por transporte de armas y cartuchos exclusivos para las fuerzas armadas de<\/p>\n","protected":false},"author":2,"featured_media":42357,"comment_status":"open","ping_status":"closed","sticky":false,"template":"","format":"standard","meta":{"footnotes":""},"categories":[10],"tags":[],"class_list":{"0":"post-42356","1":"post","2":"type-post","3":"status-publish","4":"format-standard","5":"has-post-thumbnail","7":"category-hidalgo"},"_links":{"self":[{"href":"https:\/\/elreporterohgo.com\/noticias\/wp-json\/wp\/v2\/posts\/42356","targetHints":{"allow":["GET"]}}],"collection":[{"href":"https:\/\/elreporterohgo.com\/noticias\/wp-json\/wp\/v2\/posts"}],"about":[{"href":"https:\/\/elreporterohgo.com\/noticias\/wp-json\/wp\/v2\/types\/post"}],"author":[{"embeddable":true,"href":"https:\/\/elreporterohgo.com\/noticias\/wp-json\/wp\/v2\/users\/2"}],"replies":[{"embeddable":true,"href":"https:\/\/elreporterohgo.com\/noticias\/wp-json\/wp\/v2\/comments?post=42356"}],"version-history":[{"count":5,"href":"https:\/\/elreporterohgo.com\/noticias\/wp-json\/wp\/v2\/posts\/42356\/revisions"}],"predecessor-version":[{"id":42397,"href":"https:\/\/elreporterohgo.com\/noticias\/wp-json\/wp\/v2\/posts\/42356\/revisions\/42397"}],"wp:featuredmedia":[{"embeddable":true,"href":"https:\/\/elreporterohgo.com\/noticias\/wp-json\/wp\/v2\/media\/42357"}],"wp:attachment":[{"href":"https:\/\/elreporterohgo.com\/noticias\/wp-json\/wp\/v2\/media?parent=42356"}],"wp:term":[{"taxonomy":"category","embeddable":true,"href":"https:\/\/elreporterohgo.com\/noticias\/wp-json\/wp\/v2\/categories?post=42356"},{"taxonomy":"post_tag","embeddable":true,"href":"https:\/\/elreporterohgo.com\/noticias\/wp-json\/wp\/v2\/tags?post=42356"}],"curies":[{"name":"wp","href":"https:\/\/api.w.org\/{rel}","templated":true}]}}