{"id":42320,"date":"2021-08-18T16:39:31","date_gmt":"2021-08-18T21:39:31","guid":{"rendered":"https:\/\/elreporterohgo.com\/noticias\/?p=42320"},"modified":"2021-08-18T22:19:05","modified_gmt":"2021-08-19T03:19:05","slug":"diputados-plurinominales-del-pri-recibieron-constancia-de-acreditacion","status":"publish","type":"post","link":"https:\/\/elreporterohgo.com\/noticias\/2021\/08\/18\/diputados-plurinominales-del-pri-recibieron-constancia-de-acreditacion\/","title":{"rendered":"Diputados plurinominales del PRI recibieron constancia de acreditaci\u00f3n"},"content":{"rendered":"\n<p><strong>D<\/strong><\/p>\n\n\n\n<figure class=\"wp-block-image\"><img fetchpriority=\"high\" decoding=\"async\" width=\"1024\" height=\"692\" src=\"https::\/\/elreporterohgo.com\/noticias\/wp-content\/uploads\/2021\/08\/Foto-06-1024x692.jpg\" alt=\"\" class=\"wp-image-42321\" srcset=\"https:\/\/elreporterohgo.com\/noticias\/wp-content\/uploads\/2021\/08\/Foto-06-1024x692.jpg 1024w, https:\/\/elreporterohgo.com\/noticias\/wp-content\/uploads\/2021\/08\/Foto-06-300x203.jpg 300w, https:\/\/elreporterohgo.com\/noticias\/wp-content\/uploads\/2021\/08\/Foto-06-768x519.jpg 768w\" sizes=\"(max-width: 1024px) 100vw, 1024px\" \/><\/figure>\n\n\n\n<figure class=\"wp-block-image\"><img decoding=\"async\" width=\"1024\" height=\"702\" src=\"https::\/\/elreporterohgo.com\/noticias\/wp-content\/uploads\/2021\/08\/Foto-03-2-1024x702.jpg\" alt=\"\" class=\"wp-image-42322\" srcset=\"https:\/\/elreporterohgo.com\/noticias\/wp-content\/uploads\/2021\/08\/Foto-03-2-1024x702.jpg 1024w, https:\/\/elreporterohgo.com\/noticias\/wp-content\/uploads\/2021\/08\/Foto-03-2-300x206.jpg 300w, https:\/\/elreporterohgo.com\/noticias\/wp-content\/uploads\/2021\/08\/Foto-03-2-768x527.jpg 768w\" sizes=\"(max-width: 1024px) 100vw, 1024px\" \/><\/figure>\n\n\n\n<p>Pachuca, Hgo.- &nbsp;Encabezados por Julio\nValera Piedras, presidente del Comit\u00e9 Directivo Estatal del Partido\nRevolucionario Institucional (PRI), las y los diputados electos de dicho\ninstituto pol\u00edtico recibieron su constancia de asignaci\u00f3n que los acredita como\ndiputados locales por la v\u00eda de representaci\u00f3n proporcional.<\/p>\n\n\n\n<p>En las instalaciones del Instituto Estatal Electoral de Hidalgo (IEEH), el secretario ejecutivo Uriel Lugo Huerta, entreg\u00f3 las constancias a: Julio Valera Piedras; Michelle Calder\u00f3n Ram\u00edrez y Yezmin Salom\u00f3n Shehin titular y suplente respectivamente; Roc\u00edo Sosa Jim\u00e9nez y Adriana Rivera Peralta, titular y suplente.<\/p>\n\n\n\n<figure class=\"wp-block-image\"><img decoding=\"async\" width=\"1024\" height=\"1024\" src=\"https::\/\/elreporterohgo.com\/noticias\/wp-content\/uploads\/2021\/08\/comprocars-1024x1024.jpg\" alt=\"\" class=\"wp-image-42197\" srcset=\"https:\/\/elreporterohgo.com\/noticias\/wp-content\/uploads\/2021\/08\/comprocars-1024x1024.jpg 1024w, https:\/\/elreporterohgo.com\/noticias\/wp-content\/uploads\/2021\/08\/comprocars-150x150.jpg 150w, https:\/\/elreporterohgo.com\/noticias\/wp-content\/uploads\/2021\/08\/comprocars-300x300.jpg 300w, https:\/\/elreporterohgo.com\/noticias\/wp-content\/uploads\/2021\/08\/comprocars-768x768.jpg 768w, https:\/\/elreporterohgo.com\/noticias\/wp-content\/uploads\/2021\/08\/comprocars-160x160.jpg 160w, https:\/\/elreporterohgo.com\/noticias\/wp-content\/uploads\/2021\/08\/comprocars.jpg 1200w\" sizes=\"(max-width: 1024px) 100vw, 1024px\" \/><\/figure>\n\n\n\n<p>Tambi\u00e9n recibieron\nconstancia: Alejandro Enciso Arellano y Roberto Rico Ruiz, titular y suplente;\nadem\u00e1s de Juan de Dios Pontigo Loyola y Juan Carlos Robles Acosta, titular y\nsuplente respectivamente. <\/p>\n\n\n\n<p>Al hacer uso de la\nvoz el presidente del PRI y diputado local, Julio Valera, se\u00f1al\u00f3 sentirse satisfecho\ny con certeza de un buen futuro para Hidalgo, ya que las y los diputados\nelectos, son cuadros que abonan en favor de las causas del partido y, al igual\nque el primer priista Omar Fayad, tienen el compromiso de construir una mejor\nentidad y velar por los intereses de las y los hidalguenses.<\/p>\n\n\n\n<p>Indic\u00f3 que el IEEH\ncuenta con un aliado, el Revolucionario Institucional, lo anterior, al referir\nque existen muchos pendientes en materia de reformas electorales.<\/p>\n\n\n\n<p>\u201cTodos los partidos\ndebemos trabajar en ello, pero particularmente en el PRI tenemos mucha claridad\nsobre lo que respecta en las reformas y las leyes electorales\u201d, acentu\u00f3 el\ndirigente del Revolucionario Institucional.<\/p>\n","protected":false},"excerpt":{"rendered":"<p>D Pachuca, Hgo.- &nbsp;Encabezados por Julio Valera Piedras, presidente del Comit\u00e9 Directivo Estatal del Partido Revolucionario Institucional (PRI), las y los diputados electos de dicho instituto pol\u00edtico recibieron su constancia de asignaci\u00f3n que los acredita como diputados locales por la v\u00eda de representaci\u00f3n proporcional. En las instalaciones del Instituto Estatal Electoral de Hidalgo (IEEH), el<\/p>\n","protected":false},"author":2,"featured_media":42322,"comment_status":"open","ping_status":"closed","sticky":false,"template":"","format":"standard","meta":{"footnotes":""},"categories":[10],"tags":[],"class_list":{"0":"post-42320","1":"post","2":"type-post","3":"status-publish","4":"format-standard","5":"has-post-thumbnail","7":"category-hidalgo"},"_links":{"self":[{"href":"https:\/\/elreporterohgo.com\/noticias\/wp-json\/wp\/v2\/posts\/42320","targetHints":{"allow":["GET"]}}],"collection":[{"href":"https:\/\/elreporterohgo.com\/noticias\/wp-json\/wp\/v2\/posts"}],"about":[{"href":"https:\/\/elreporterohgo.com\/noticias\/wp-json\/wp\/v2\/types\/post"}],"author":[{"embeddable":true,"href":"https:\/\/elreporterohgo.com\/noticias\/wp-json\/wp\/v2\/users\/2"}],"replies":[{"embeddable":true,"href":"https:\/\/elreporterohgo.com\/noticias\/wp-json\/wp\/v2\/comments?post=42320"}],"version-history":[{"count":2,"href":"https:\/\/elreporterohgo.com\/noticias\/wp-json\/wp\/v2\/posts\/42320\/revisions"}],"predecessor-version":[{"id":42328,"href":"https:\/\/elreporterohgo.com\/noticias\/wp-json\/wp\/v2\/posts\/42320\/revisions\/42328"}],"wp:featuredmedia":[{"embeddable":true,"href":"https:\/\/elreporterohgo.com\/noticias\/wp-json\/wp\/v2\/media\/42322"}],"wp:attachment":[{"href":"https:\/\/elreporterohgo.com\/noticias\/wp-json\/wp\/v2\/media?parent=42320"}],"wp:term":[{"taxonomy":"category","embeddable":true,"href":"https:\/\/elreporterohgo.com\/noticias\/wp-json\/wp\/v2\/categories?post=42320"},{"taxonomy":"post_tag","embeddable":true,"href":"https:\/\/elreporterohgo.com\/noticias\/wp-json\/wp\/v2\/tags?post=42320"}],"curies":[{"name":"wp","href":"https:\/\/api.w.org\/{rel}","templated":true}]}}