{"id":42317,"date":"2021-08-18T16:29:36","date_gmt":"2021-08-18T21:29:36","guid":{"rendered":"https:\/\/elreporterohgo.com\/noticias\/?p=42317"},"modified":"2021-08-18T22:19:41","modified_gmt":"2021-08-19T03:19:41","slug":"tractocamion-en-llamas-deja-como-saldo-un-muerto-y-dos-heridos","status":"publish","type":"post","link":"https:\/\/elreporterohgo.com\/noticias\/2021\/08\/18\/tractocamion-en-llamas-deja-como-saldo-un-muerto-y-dos-heridos\/","title":{"rendered":"Tractocami\u00f3n en llamas deja como saldo un muerto y dos heridos"},"content":{"rendered":"\n<figure class=\"wp-block-image\"><img fetchpriority=\"high\" decoding=\"async\" width=\"1024\" height=\"768\" src=\"https::\/\/elreporterohgo.com\/noticias\/wp-content\/uploads\/2021\/08\/1024px-Gilo_Hidalgo_5776729693-1024x768.jpg\" alt=\"\" class=\"wp-image-42318\" srcset=\"https:\/\/elreporterohgo.com\/noticias\/wp-content\/uploads\/2021\/08\/1024px-Gilo_Hidalgo_5776729693.jpg 1024w, https:\/\/elreporterohgo.com\/noticias\/wp-content\/uploads\/2021\/08\/1024px-Gilo_Hidalgo_5776729693-300x225.jpg 300w, https:\/\/elreporterohgo.com\/noticias\/wp-content\/uploads\/2021\/08\/1024px-Gilo_Hidalgo_5776729693-768x576.jpg 768w\" sizes=\"(max-width: 1024px) 100vw, 1024px\" \/><\/figure>\n\n\n\n<p>Eloxochitl\u00e1n, Hgo.- Un hombre muerto y dos lesionados graves\nfue el saldo que dej\u00f3 el incendio de un tracto cami\u00f3n que estall\u00f3 en llamas\ntras tocar los cables de alta tensi\u00f3n, la tarde de ayer, en la localidad de Agua\nFr\u00eda.<\/p>\n\n\n\n<p>La Agencia de Seguridad Estatal dio a conocer que recibieron\nuna llamada telef\u00f3nica donde les reportaron un accidente de tr\u00e1nsito en el\nreferido lugar.<\/p>\n\n\n\n<p>Efectivos de Seguridad Municipal acudieron al lugar donde localizaron el accidente de un tracto cami\u00f3n International, color blanco, con placas del Servicio P\u00fablico Federal, conducido por un hombre identificado por sus iniciales como J.M.G.R., de 41 a\u00f1os, quien iba acompa\u00f1ado por dos personas.<\/p>\n\n\n\n<figure class=\"wp-block-image\"><img decoding=\"async\" width=\"1024\" height=\"1024\" src=\"https::\/\/elreporterohgo.com\/noticias\/wp-content\/uploads\/2021\/08\/comprocars-1024x1024.jpg\" alt=\"\" class=\"wp-image-42197\" srcset=\"https:\/\/elreporterohgo.com\/noticias\/wp-content\/uploads\/2021\/08\/comprocars-1024x1024.jpg 1024w, https:\/\/elreporterohgo.com\/noticias\/wp-content\/uploads\/2021\/08\/comprocars-150x150.jpg 150w, https:\/\/elreporterohgo.com\/noticias\/wp-content\/uploads\/2021\/08\/comprocars-300x300.jpg 300w, https:\/\/elreporterohgo.com\/noticias\/wp-content\/uploads\/2021\/08\/comprocars-768x768.jpg 768w, https:\/\/elreporterohgo.com\/noticias\/wp-content\/uploads\/2021\/08\/comprocars-160x160.jpg 160w, https:\/\/elreporterohgo.com\/noticias\/wp-content\/uploads\/2021\/08\/comprocars.jpg 1200w\" sizes=\"(max-width: 1024px) 100vw, 1024px\" \/><\/figure>\n\n\n\n<p>Oficiales de la Agencia de Seguridad Estatal informaron que\nel cami\u00f3n toc\u00f3 los cables de alta tensi\u00f3n y en consecuencia estall\u00f3 en llamas,\nuno de los ocupantes muri\u00f3, mientras que el conductor y el otro acompa\u00f1ante\nfueron reportados como lesionados leves.<\/p>\n\n\n\n<p>Personal de Protecci\u00f3n Civil Municipal presto auxilio a los lesionados\nque fueron trasladados al Centro de Salud de Eloxochitl\u00e1n.<\/p>\n\n\n\n<p>El sitio qued\u00f3 resguardado para ser procesado por personal\nde la Procuradur\u00eda General de Justicia de Hidalgo y se realicen las diligencias\nlegales. <\/p>\n","protected":false},"excerpt":{"rendered":"<p>Eloxochitl\u00e1n, Hgo.- Un hombre muerto y dos lesionados graves fue el saldo que dej\u00f3 el incendio de un tracto cami\u00f3n que estall\u00f3 en llamas tras tocar los cables de alta tensi\u00f3n, la tarde de ayer, en la localidad de Agua Fr\u00eda. La Agencia de Seguridad Estatal dio a conocer que recibieron una llamada telef\u00f3nica donde<\/p>\n","protected":false},"author":2,"featured_media":42318,"comment_status":"open","ping_status":"closed","sticky":false,"template":"","format":"standard","meta":{"footnotes":""},"categories":[10],"tags":[],"class_list":{"0":"post-42317","1":"post","2":"type-post","3":"status-publish","4":"format-standard","5":"has-post-thumbnail","7":"category-hidalgo"},"_links":{"self":[{"href":"https:\/\/elreporterohgo.com\/noticias\/wp-json\/wp\/v2\/posts\/42317","targetHints":{"allow":["GET"]}}],"collection":[{"href":"https:\/\/elreporterohgo.com\/noticias\/wp-json\/wp\/v2\/posts"}],"about":[{"href":"https:\/\/elreporterohgo.com\/noticias\/wp-json\/wp\/v2\/types\/post"}],"author":[{"embeddable":true,"href":"https:\/\/elreporterohgo.com\/noticias\/wp-json\/wp\/v2\/users\/2"}],"replies":[{"embeddable":true,"href":"https:\/\/elreporterohgo.com\/noticias\/wp-json\/wp\/v2\/comments?post=42317"}],"version-history":[{"count":2,"href":"https:\/\/elreporterohgo.com\/noticias\/wp-json\/wp\/v2\/posts\/42317\/revisions"}],"predecessor-version":[{"id":42329,"href":"https:\/\/elreporterohgo.com\/noticias\/wp-json\/wp\/v2\/posts\/42317\/revisions\/42329"}],"wp:featuredmedia":[{"embeddable":true,"href":"https:\/\/elreporterohgo.com\/noticias\/wp-json\/wp\/v2\/media\/42318"}],"wp:attachment":[{"href":"https:\/\/elreporterohgo.com\/noticias\/wp-json\/wp\/v2\/media?parent=42317"}],"wp:term":[{"taxonomy":"category","embeddable":true,"href":"https:\/\/elreporterohgo.com\/noticias\/wp-json\/wp\/v2\/categories?post=42317"},{"taxonomy":"post_tag","embeddable":true,"href":"https:\/\/elreporterohgo.com\/noticias\/wp-json\/wp\/v2\/tags?post=42317"}],"curies":[{"name":"wp","href":"https:\/\/api.w.org\/{rel}","templated":true}]}}