{"id":42314,"date":"2021-08-18T14:48:08","date_gmt":"2021-08-18T19:48:08","guid":{"rendered":"https:\/\/elreporterohgo.com\/noticias\/?p=42314"},"modified":"2021-08-18T22:20:43","modified_gmt":"2021-08-19T03:20:43","slug":"programa-de-la-34-feria-universitaria-del-libro%ef%bb%bfpresenta-uaeh","status":"publish","type":"post","link":"https:\/\/elreporterohgo.com\/noticias\/2021\/08\/18\/programa-de-la-34-feria-universitaria-del-libro%ef%bb%bfpresenta-uaeh\/","title":{"rendered":"Programa de la 34 Feria Universitaria del Libro\ufeffPresenta UAEH"},"content":{"rendered":"\n<p><strong>P<\/strong><em>*<\/em><\/p>\n\n\n\n<figure class=\"wp-block-image\"><img fetchpriority=\"high\" decoding=\"async\" width=\"629\" height=\"1024\" src=\"https::\/\/elreporterohgo.com\/noticias\/wp-content\/uploads\/2021\/08\/07-629x1024.jpg\" alt=\"\" class=\"wp-image-42315\" srcset=\"https:\/\/elreporterohgo.com\/noticias\/wp-content\/uploads\/2021\/08\/07-629x1024.jpg 629w, https:\/\/elreporterohgo.com\/noticias\/wp-content\/uploads\/2021\/08\/07-184x300.jpg 184w, https:\/\/elreporterohgo.com\/noticias\/wp-content\/uploads\/2021\/08\/07-768x1250.jpg 768w\" sizes=\"(max-width: 629px) 100vw, 629px\" \/><\/figure>\n\n\n\n<p>Tulancingo de Bravo, Hidalgo. \u2013 La Universidad\nAut\u00f3noma del Estado de Hidalgo (UAEH) present\u00f3 en rueda de prensa el programa\nde actividades de la edici\u00f3n n\u00famero 34 de la Feria Universitaria del Libro\n(FUL) 2021, a realizarse del 27 de agosto al 05 de septiembre de manera virtual,\nbajo la tem\u00e1tica de Futuro Sostenible y como pa\u00eds invitado Austria. <\/p>\n\n\n\n<p>A trav\u00e9s de plataformas digitales y teniendo como\nescenario el Centro Integral de Servicios Acad\u00e9micos de la Ciudad Universitaria\nde Tulancingo de la UAEH, el rector Adolfo Pontigo Loyola, en compa\u00f1\u00eda del\npresidente de la FUL, Marco Antonio Alfaro Morales; Ilona Hoyos, ministra y directora\ndel Foro Cultural de la Embajada de Austria en M\u00e9xico; Juan Luis Arzoz Arbide, presidente\nde la C\u00e1mara Nacional de la Industria Editorial Mexicana (CANIEM), as\u00ed como Armando\nZunzunegui&nbsp; Escamilla, director de\nPromoci\u00f3n Deportiva de la UAEH, dieron a conocer los pormenores de la fiesta\nuniversitaria de las letras, con m\u00e1s de 30 a\u00f1os de tradici\u00f3n en pro de la\nlectura. <\/p>\n\n\n\n<p>\u201cLa cultura, que tiene qu\u00e9 ver tambi\u00e9n con la educaci\u00f3n es la mejor inversi\u00f3n que se puede hacer en un pa\u00eds. Una feria del libro da a las personas un gran bagaje cultural y este es tan importante como lo es la docencia y la investigaci\u00f3n, que son funciones que dan sustento a las universidades p\u00fablicas\u201d, declar\u00f3 el rector Adolfo Pontigo Loyola durante la rueda prensa. <br><\/p>\n\n\n\n<figure class=\"wp-block-image\"><img decoding=\"async\" width=\"1024\" height=\"1024\" src=\"https::\/\/elreporterohgo.com\/noticias\/wp-content\/uploads\/2021\/08\/comprocars-1024x1024.jpg\" alt=\"\" class=\"wp-image-42197\" srcset=\"https:\/\/elreporterohgo.com\/noticias\/wp-content\/uploads\/2021\/08\/comprocars-1024x1024.jpg 1024w, https:\/\/elreporterohgo.com\/noticias\/wp-content\/uploads\/2021\/08\/comprocars-150x150.jpg 150w, https:\/\/elreporterohgo.com\/noticias\/wp-content\/uploads\/2021\/08\/comprocars-300x300.jpg 300w, https:\/\/elreporterohgo.com\/noticias\/wp-content\/uploads\/2021\/08\/comprocars-768x768.jpg 768w, https:\/\/elreporterohgo.com\/noticias\/wp-content\/uploads\/2021\/08\/comprocars-160x160.jpg 160w, https:\/\/elreporterohgo.com\/noticias\/wp-content\/uploads\/2021\/08\/comprocars.jpg 1200w\" sizes=\"(max-width: 1024px) 100vw, 1024px\" \/><\/figure>\n\n\n\n<p>Se\u00f1al\u00f3 que desde 2020 \u201cLa Feria de Todos\u201d asumi\u00f3 el\nreto que signific\u00f3 la pandemia por COVID-19, al ofrecer sus actividades\ntotalmente de manera virtual en el megaportal <a href=\"about:blank\">https:s:\/\/www.uaeh.edu.mx\/ful<\/a>, por lo que sent\u00f3 precedente al ser una\nde las primeras a nivel nacional en efectuarse de esta forma. Es as\u00ed como la\nUAEH confirma su compromiso social y se convierte en la primera instituci\u00f3n de\neducaci\u00f3n superior en brindar su feria de libro de manera digital, por lo que\npromete llegar a m\u00e1s p\u00fablico en el pa\u00eds y el extranjero. <\/p>\n\n\n\n<p>El presidente de la C\u00e1mara Nacional de la Industria\nEditorial Mexicana, Juan Luis Arzoz Arbide, enfatiz\u00f3 que \u201ctras 34 a\u00f1os, estamos\nante una de las ferias del libro m\u00e1s importante del estado y del pa\u00eds, que a lo\nlargo de tres d\u00e9cadas se ha distinguido por impulsar la vida cultural de\nHidalgo y m\u00e1s all\u00e1 de sus fronteras, acogiendo en su seno a generaciones de\nlectores que esperan con entusiasmo este acontecimiento\u201d. <\/p>\n\n\n\n<p>Expuso que los libros son el veh\u00edculo m\u00e1s importante\npara el intercambio de ideas, conocimientos e idiosincrasias, as\u00ed como la\nb\u00fasqueda de soluciones de conflictos, pues la difusi\u00f3n de la lectura y el libro\nabre puertas inimaginables de desarrollo. \u201cLos invito a todos a seguir\ntrabajando hombro con hombro en favor de la lectura y acercarnos a\u00fan m\u00e1s para\ncrear m\u00e1s lectores del siglo XXI\u201d, expres\u00f3. <\/p>\n\n\n\n<p>En su oportunidad, Ilona Hoyos, ministra y directora\ndel Foro Cultural de la Embajada de Austria en M\u00e9xico, se congratul\u00f3 por la\nparticipaci\u00f3n de su pa\u00eds como invitado de honor de la edici\u00f3n 34. Indic\u00f3 que la\naportaci\u00f3n a la cultura mundial ha sido vasta, misma que podr\u00e1 disfrutarse a\ntrav\u00e9s de las actividades de la FUL 2021. <\/p>\n\n\n\n<p>\u201cLos Encuentros como los que se realizar\u00e1n en la Feria\nUniversitaria del Libro nos permitir\u00e1 construir puentes entre nuestros pa\u00edses,\nmostr\u00e1ndonos una ventana cultural entre M\u00e9xico y Austria, en este caso, y\nofrecernos un programa integral de conocimiento\u201d, manifest\u00f3. <\/p>\n\n\n\n<p>En tanto, el presidente de la FUL, Marco Antonio\nAlfaro Morales puntualiz\u00f3 que el programa de la FUL 2021 mantendr\u00e1 su calidad,\nmismo que estar\u00e1 plagado de personalidades que acompa\u00f1ar\u00e1n su desarrollo,\nadem\u00e1s de la realizaci\u00f3n de eventos dirigidos a los profesionales, como las\nJornadas Universitarias de Biblioteconom\u00eda, el Encuentro de Traductores, la\nIlustraFUL y el Encuentro de FULTubers. A ello se suma el Tercer Encuentro de\nPoes\u00eda, la FUL Ni\u00f1os, el Marat\u00f3n Virtual de Lectura, as\u00ed como la FUL J\u00f3venes y\nel Coloquio Acad\u00e9mico que reflexionar\u00e1 sobre el Futuro Sostenible.<\/p>\n\n\n\n<p>Al hacer la invitaci\u00f3n para ser parte de la fiesta\nuniversitaria de las letras, Alfaro Morales apunt\u00f3 que la FUL de la Universidad\nAut\u00f3noma del Estado de Hidalgo est\u00e1 entre las cinco ferias m\u00e1s importantes del\npa\u00eds, gracias al apoyo de la comunidad de esta casa de estudios, principalmente\ndel Patronato Universitario.&nbsp; <\/p>\n\n\n\n<p>En el megaportal de la FUL se podr\u00e1 consultar el\nprograma de actividades, en el que se conjuntar\u00e1 la participaci\u00f3n de todas las\neditoriales comerciales, universitarias, independientes, nacionales,\ninternacionales y la C\u00e1mara Nacional de la Industria Editorial. A todo esto, se\nsuma una app interactiva y la implementaci\u00f3n de un Centro de Control y\nOperaci\u00f3n.<\/p>\n\n\n\n<p>La m\u00e1xima casa de estudios de Hidalgo plantea\npresentar al p\u00fablico 334 actividades virtuales. De este n\u00famero, 205 ser\u00e1n\neditoriales; 15 del pa\u00eds invitado de honor; 35 eventos de FUL Ni\u00f1os; siete de\nFUL J\u00f3venes; 17 del Coloquio; 14 de IlustraFUL; 12 del Encuentro de Poes\u00eda;\nseis del Encuentro de Traductores; dos del Encuentro Universitario de Libreros;\n10 presentaciones en el foro art\u00edstico; dos ceremonias; cuatro entregas de\npremios y reconocimientos; cuatro exposiciones, y un Marat\u00f3n de Lectura.<\/p>\n\n\n\n<p>Como cada a\u00f1o, la Feria Universitaria del Libro\ndistinguir\u00e1 a personalidades que han aportado al campo de las ciencias, la\ncultura o las causas sociales. El Premio \u201cJuan Cris\u00f3stomo Doria a las\nHumanidades 2020\u201d ser\u00e1 otorgado al escritor mexicano de novela negra \u00c9lmer\nMendoza. <\/p>\n\n\n\n<p>Mientras, el Reconocimiento Universitario al\nDesarrollo de la Industria Editorial ser\u00e1 para Ediciones Tecolote; el M\u00e9rito\nEditorial Universitario 2020 se entregar\u00e1 a la Universidad Nacional Aut\u00f3noma de\nM\u00e9xico (UNAM); y el Reconocimiento Universitario de Fomento a la Lectura \u201cProf.\nRafael Cravioto Mu\u00f1oz\u201d se conceder\u00e1 a la mediadora de lectura de la Escuela\nSuperior de Tizayuca (ESTi), Silvia Concepci\u00f3n Acosta. <\/p>\n\n\n\n<p>En cuanto al programa art\u00edstico de la FUL 2021,\nbrillar\u00e1 la presencia de la Orquesta Sinf\u00f3nica de la Universidad Aut\u00f3noma del\nEstado de Hidalgo (OSUAEH), la obra teatral \u201cEl gigante comenubes\u201d, un\nEncuentro de compositores hidalguenses, la presencia de jazz, m\u00fasica de\nmariachi, danza, huapango, salsa y para cerrar con broche de oro, el concierto\n\u201cManzanero por siempre\u201d, dedicado a la memoria del compositor yucateco. <\/p>\n\n\n\n<p>Algunas de las personalidades que destacan en el\nprograma de la fiesta universitaria de las letras son Anaclara Muro, Marcela Lagarde,\nSalvador Jara Guerrero, H\u00e9ctor Aguilar Cam\u00edn, Pedro Salmer\u00f3n, Yanira Garc\u00eda,\nAlberto Chimal, Sandra Becerril, Rafael Avi\u00f1a, Jos\u00e9 Woldenberg, Carmen Mu\u00f1oz,\nMirta Rene\u00e9, entre otros.<\/p>\n\n\n\n<p>Adem\u00e1s, por primera ocasi\u00f3n se realizar\u00e1 la edici\u00f3n 16\nde la tradicional Carrera Atl\u00e9tica de manera virtual, que este a\u00f1o ser\u00e1\nparticipativa. En este sentido, el director de Promoci\u00f3n Deportiva de la UAEH,\nArmando Zunzunegui Escamilla explic\u00f3 que las y los interesados en ser parte\npodr\u00e1n inscribirse en dos modalidades: 8 y 34 kil\u00f3metros, siendo la primera de\nforma individual y la segunda por equipos o familia de dos a 10 integrantes.<\/p>\n\n\n\n<p>Coment\u00f3 que la convocatoria se puede consultar en la\nliga <a href=\"about:blank\">https:s:\/\/www.uaeh.edu.mx\/ful\/2021\/carrera\/<\/a>, donde tambi\u00e9n est\u00e1 disponible el\nregistro. <\/p>\n\n\n\n<p>Es as\u00ed como la UAEH cumple con una de sus funciones\nsustantivas, la de acercar a su comunidad y p\u00fablico en general a la cultura.\nComo cada edici\u00f3n, habr\u00e1 un programa formidable para que ni\u00f1os, padres de\nfamilia, acad\u00e9micos e investigadores compartan el espacio ideal con las\neditoriales, con el fin de fomentar el h\u00e1bito de la lectura.\n\nLa rueda de prensa se puede visualizar\nnuevamente en la liga <a href=\"about:blank\">https:s:\/\/www.facebook.com\/OficialUAEH\/videos\/359277299241217<\/a><\/p>\n","protected":false},"excerpt":{"rendered":"<p>P* Tulancingo de Bravo, Hidalgo. \u2013 La Universidad Aut\u00f3noma del Estado de Hidalgo (UAEH) present\u00f3 en rueda de prensa el programa de actividades de la edici\u00f3n n\u00famero 34 de la Feria Universitaria del Libro (FUL) 2021, a realizarse del 27 de agosto al 05 de septiembre de manera virtual, bajo la tem\u00e1tica de Futuro Sostenible<\/p>\n","protected":false},"author":2,"featured_media":42315,"comment_status":"open","ping_status":"closed","sticky":false,"template":"","format":"standard","meta":{"footnotes":""},"categories":[10],"tags":[],"class_list":{"0":"post-42314","1":"post","2":"type-post","3":"status-publish","4":"format-standard","5":"has-post-thumbnail","7":"category-hidalgo"},"_links":{"self":[{"href":"https:\/\/elreporterohgo.com\/noticias\/wp-json\/wp\/v2\/posts\/42314","targetHints":{"allow":["GET"]}}],"collection":[{"href":"https:\/\/elreporterohgo.com\/noticias\/wp-json\/wp\/v2\/posts"}],"about":[{"href":"https:\/\/elreporterohgo.com\/noticias\/wp-json\/wp\/v2\/types\/post"}],"author":[{"embeddable":true,"href":"https:\/\/elreporterohgo.com\/noticias\/wp-json\/wp\/v2\/users\/2"}],"replies":[{"embeddable":true,"href":"https:\/\/elreporterohgo.com\/noticias\/wp-json\/wp\/v2\/comments?post=42314"}],"version-history":[{"count":2,"href":"https:\/\/elreporterohgo.com\/noticias\/wp-json\/wp\/v2\/posts\/42314\/revisions"}],"predecessor-version":[{"id":42330,"href":"https:\/\/elreporterohgo.com\/noticias\/wp-json\/wp\/v2\/posts\/42314\/revisions\/42330"}],"wp:featuredmedia":[{"embeddable":true,"href":"https:\/\/elreporterohgo.com\/noticias\/wp-json\/wp\/v2\/media\/42315"}],"wp:attachment":[{"href":"https:\/\/elreporterohgo.com\/noticias\/wp-json\/wp\/v2\/media?parent=42314"}],"wp:term":[{"taxonomy":"category","embeddable":true,"href":"https:\/\/elreporterohgo.com\/noticias\/wp-json\/wp\/v2\/categories?post=42314"},{"taxonomy":"post_tag","embeddable":true,"href":"https:\/\/elreporterohgo.com\/noticias\/wp-json\/wp\/v2\/tags?post=42314"}],"curies":[{"name":"wp","href":"https:\/\/api.w.org\/{rel}","templated":true}]}}