{"id":42231,"date":"2021-08-13T11:06:18","date_gmt":"2021-08-13T16:06:18","guid":{"rendered":"https:\/\/elreporterohgo.com\/noticias\/?p=42231"},"modified":"2021-08-13T23:57:47","modified_gmt":"2021-08-14T04:57:47","slug":"ciencia-y-tecnologia-con-mayor-conviccion-en-la-educacion-de-calidad","status":"publish","type":"post","link":"https:\/\/elreporterohgo.com\/noticias\/2021\/08\/13\/ciencia-y-tecnologia-con-mayor-conviccion-en-la-educacion-de-calidad\/","title":{"rendered":"Ciencia y tecnolog\u00eda con mayor convicci\u00f3n en la educaci\u00f3n de calidad"},"content":{"rendered":"\n<figure class=\"wp-block-image\"><img fetchpriority=\"high\" decoding=\"async\" width=\"1024\" height=\"683\" src=\"https::\/\/elreporterohgo.com\/noticias\/wp-content\/uploads\/2021\/08\/unnamed-2021-08-13T110309.198-1024x683.jpg\" alt=\"\" class=\"wp-image-42232\" srcset=\"https:\/\/elreporterohgo.com\/noticias\/wp-content\/uploads\/2021\/08\/unnamed-2021-08-13T110309.198-1024x683.jpg 1024w, https:\/\/elreporterohgo.com\/noticias\/wp-content\/uploads\/2021\/08\/unnamed-2021-08-13T110309.198-300x200.jpg 300w, https:\/\/elreporterohgo.com\/noticias\/wp-content\/uploads\/2021\/08\/unnamed-2021-08-13T110309.198-768x512.jpg 768w, https:\/\/elreporterohgo.com\/noticias\/wp-content\/uploads\/2021\/08\/unnamed-2021-08-13T110309.198.jpg 1920w\" sizes=\"(max-width: 1024px) 100vw, 1024px\" \/><\/figure>\n\n\n\n<p>Pachuca,\nHgo.- Hoy m\u00e1s que nunca es momento de priorizar a la ciencia y la tecnolog\u00eda\ncon mayor convicci\u00f3n en la educaci\u00f3n de calidad, para resolver los retos de\nnuestra sociedad, declar\u00f3 el gobernador Omar Fayad al encabezar la develaci\u00f3n de\nletras de oro del Instituto Tecnol\u00f3gico de Pachuca (ITP) con motivo de su\nquincuag\u00e9simo aniversario, en el Congreso del Estado de Hidalgo.<\/p>\n\n\n\n<p>El mandatario reconoci\u00f3 a miles de hombres y mujeres que con talento, dedicaci\u00f3n, esfuerzo, valor y sentido humano, a lo largo d\u00e9cadas, alcanzaron una formaci\u00f3n integral con la que han construido un M\u00e9xico mejor.<\/p>\n\n\n\n<figure class=\"wp-block-image\"><img decoding=\"async\" width=\"1024\" height=\"1024\" src=\"https::\/\/elreporterohgo.com\/noticias\/wp-content\/uploads\/2021\/08\/comprocars-1024x1024.jpg\" alt=\"\" class=\"wp-image-42197\" srcset=\"https:\/\/elreporterohgo.com\/noticias\/wp-content\/uploads\/2021\/08\/comprocars-1024x1024.jpg 1024w, https:\/\/elreporterohgo.com\/noticias\/wp-content\/uploads\/2021\/08\/comprocars-150x150.jpg 150w, https:\/\/elreporterohgo.com\/noticias\/wp-content\/uploads\/2021\/08\/comprocars-300x300.jpg 300w, https:\/\/elreporterohgo.com\/noticias\/wp-content\/uploads\/2021\/08\/comprocars-768x768.jpg 768w, https:\/\/elreporterohgo.com\/noticias\/wp-content\/uploads\/2021\/08\/comprocars-160x160.jpg 160w, https:\/\/elreporterohgo.com\/noticias\/wp-content\/uploads\/2021\/08\/comprocars.jpg 1200w\" sizes=\"(max-width: 1024px) 100vw, 1024px\" \/><\/figure>\n\n\n\n<p>\u201cQuiero\nreiterar mi felicitaci\u00f3n al Instituto Tecnol\u00f3gico de Pachuca que se encuentra\nentre las primeras 210 instituciones de Educaci\u00f3n Superior en M\u00e9xico, de\nacuerdo con el UniRank 2020, s\u00e9 que el reconocimiento del Congreso de Hidalgo\npara sumar con letras de oro en el muro de honor de este Sal\u00f3n de Plenos, los\ninspirar\u00e1 para superar los logros de sus primeros 50 a\u00f1os\u201d.<\/p>\n\n\n\n<p>Insisti\u00f3\nen que Hidalgo tiene que seguir creciendo para todos, por ello invit\u00f3 a cada\nuno a seguir trabajando coordinadamente para seguir abonando a la\ntransformaci\u00f3n del estado con una sociedad m\u00e1s justa y sustentable, de ah\u00ed que\nsu gobierno diera respuesta a los trabajadores de educaci\u00f3n superior, tras m\u00e1s\n30 a\u00f1os de gestiones para contar con servicios de seguridad social como un acto\nde justicia a los derechos de dicho sector.<\/p>\n\n\n\n<p>En su\noportunidad, los diputados Asael Hern\u00e1ndez Cer\u00f3n, presidente de la Junta de\nGobierno, y V\u00edctor Osmid Guerrero coincidieron en que esta instituci\u00f3n es semillero\nde ingenieros y t\u00e9cnicos altamente calificados, que ha representado dignamente\na los profesionales del pa\u00eds, que desde su creaci\u00f3n, fueron proyectados para\npermitir un salto econ\u00f3mico para la naci\u00f3n.<\/p>\n\n\n\n<p>Innovaci\u00f3n\ny desarrollo sustentable como modelo acad\u00e9mico de esta instituci\u00f3n, han\npermitido responder de una forma m\u00e1s efectiva y certera a las necesidades de la\npoblaci\u00f3n, favoreciendo con ello la inclusi\u00f3n social y la incorporaci\u00f3n al\nmercado laboral gracias a su formaci\u00f3n altamente especializada que no se\nobtiene en otros espacios, reflejando su alta efectividad en espacios\nproductivos y de servicios.<\/p>\n\n\n\n<p>El 21 de\nseptiembre de 1971 el entonces Instituto Tecnol\u00f3gico Regional de Pachuca n\u00famero\n20, hoy denominado Tecnol\u00f3gico Nacional de M\u00e9xico Campus Pachuca, inici\u00f3\nactividades con poco m\u00e1s de 500 alumnos y con dos carreras: Ingenier\u00eda\nIndustrial Mec\u00e1nica e Ingenier\u00eda Industrial en El\u00e9ctrica. <\/p>\n\n\n\n<p>50 a\u00f1os\ndespu\u00e9s, el Instituto Tecnol\u00f3gico de Pachuca tiene una matr\u00edcula estudiantil de\nm\u00e1s de 5 mil 500 alumnos, inscritos en alguna de las doce carreras que conforman\nsu oferta educativa. A la fecha, el ITP ha beneficiado a la sociedad mexicana\ncon 15 mil egresados, que pertenecen a m\u00e1s de 40 generaciones de profesionales.<\/p>\n\n\n\n<p>En esta\nadministraci\u00f3n increment\u00f3 en 13.4 por ciento (%) el n\u00famero de estudiantes que\ncursan la educaci\u00f3n superior: 13 mil 700 alumnos m\u00e1s, con respecto al inicio del\ngobierno de Omar Fayad. En total, existen 110 instituciones de dicho nivel\neducativo que ofrecen cursos a m\u00e1s de 115 mil j\u00f3venes. Cabe mencionar que el\n40% de la matr\u00edcula total es atendida por instituciones dependientes del\ngobierno estatal.<\/p>\n","protected":false},"excerpt":{"rendered":"<p>Pachuca, Hgo.- Hoy m\u00e1s que nunca es momento de priorizar a la ciencia y la tecnolog\u00eda con mayor convicci\u00f3n en la educaci\u00f3n de calidad, para resolver los retos de nuestra sociedad, declar\u00f3 el gobernador Omar Fayad al encabezar la develaci\u00f3n de letras de oro del Instituto Tecnol\u00f3gico de Pachuca (ITP) con motivo de su quincuag\u00e9simo<\/p>\n","protected":false},"author":2,"featured_media":42232,"comment_status":"open","ping_status":"closed","sticky":false,"template":"","format":"standard","meta":{"footnotes":""},"categories":[10],"tags":[],"class_list":{"0":"post-42231","1":"post","2":"type-post","3":"status-publish","4":"format-standard","5":"has-post-thumbnail","7":"category-hidalgo"},"_links":{"self":[{"href":"https:\/\/elreporterohgo.com\/noticias\/wp-json\/wp\/v2\/posts\/42231","targetHints":{"allow":["GET"]}}],"collection":[{"href":"https:\/\/elreporterohgo.com\/noticias\/wp-json\/wp\/v2\/posts"}],"about":[{"href":"https:\/\/elreporterohgo.com\/noticias\/wp-json\/wp\/v2\/types\/post"}],"author":[{"embeddable":true,"href":"https:\/\/elreporterohgo.com\/noticias\/wp-json\/wp\/v2\/users\/2"}],"replies":[{"embeddable":true,"href":"https:\/\/elreporterohgo.com\/noticias\/wp-json\/wp\/v2\/comments?post=42231"}],"version-history":[{"count":2,"href":"https:\/\/elreporterohgo.com\/noticias\/wp-json\/wp\/v2\/posts\/42231\/revisions"}],"predecessor-version":[{"id":42244,"href":"https:\/\/elreporterohgo.com\/noticias\/wp-json\/wp\/v2\/posts\/42231\/revisions\/42244"}],"wp:featuredmedia":[{"embeddable":true,"href":"https:\/\/elreporterohgo.com\/noticias\/wp-json\/wp\/v2\/media\/42232"}],"wp:attachment":[{"href":"https:\/\/elreporterohgo.com\/noticias\/wp-json\/wp\/v2\/media?parent=42231"}],"wp:term":[{"taxonomy":"category","embeddable":true,"href":"https:\/\/elreporterohgo.com\/noticias\/wp-json\/wp\/v2\/categories?post=42231"},{"taxonomy":"post_tag","embeddable":true,"href":"https:\/\/elreporterohgo.com\/noticias\/wp-json\/wp\/v2\/tags?post=42231"}],"curies":[{"name":"wp","href":"https:\/\/api.w.org\/{rel}","templated":true}]}}