{"id":42228,"date":"2021-08-13T10:58:11","date_gmt":"2021-08-13T15:58:11","guid":{"rendered":"https:\/\/elreporterohgo.com\/noticias\/?p=42228"},"modified":"2021-08-13T23:57:24","modified_gmt":"2021-08-14T04:57:24","slug":"banda-de-secuestradores-fue-enviada-a-prision","status":"publish","type":"post","link":"https:\/\/elreporterohgo.com\/noticias\/2021\/08\/13\/banda-de-secuestradores-fue-enviada-a-prision\/","title":{"rendered":"Banda de secuestradores fue enviada a prisi\u00f3n"},"content":{"rendered":"\n<figure class=\"wp-block-image\"><img fetchpriority=\"high\" decoding=\"async\" width=\"888\" height=\"608\" src=\"https::\/\/elreporterohgo.com\/noticias\/wp-content\/uploads\/2021\/08\/00000-2.jpg\" alt=\"\" class=\"wp-image-42229\" srcset=\"https:\/\/elreporterohgo.com\/noticias\/wp-content\/uploads\/2021\/08\/00000-2.jpg 888w, https:\/\/elreporterohgo.com\/noticias\/wp-content\/uploads\/2021\/08\/00000-2-300x205.jpg 300w, https:\/\/elreporterohgo.com\/noticias\/wp-content\/uploads\/2021\/08\/00000-2-768x526.jpg 768w\" sizes=\"(max-width: 888px) 100vw, 888px\" \/><\/figure>\n\n\n\n<p>TULA DE ALLENDE, hGO.- La Unidad Especializada en el Combate al Secuestro (UECS) de la Procuradur\u00eda General de Justicia del estado de Hidalgo detuvo y consigui\u00f3 la vinculaci\u00f3n a proceso de ocho personas, por secuestro agravado ocurrido en Tula de Allende.<\/p>\n\n\n\n<p>Los hechos que fueron materia de la imputaci\u00f3n contra Jaime \u201cN\u201d, Rom\u00e1n \u201cN\u201d, Natalia \u201cN\u201d, Juan Valent\u00edn \u201cN\u201d, Abel \u201cN\u201d, Milicsa \u201cN\u201d, Wendi Marlene \u201cN\u201d y Jovani \u201cN\u201d, ocurrieron el pasado 20 de julio al exterior de una carpinter\u00eda propiedad de la v\u00edctima quien fue privada de su libertad.<\/p>\n\n\n\n<figure class=\"wp-block-image\"><img decoding=\"async\" width=\"1024\" height=\"1024\" src=\"https::\/\/elreporterohgo.com\/noticias\/wp-content\/uploads\/2021\/08\/comprocars-1024x1024.jpg\" alt=\"\" class=\"wp-image-42197\" srcset=\"https:\/\/elreporterohgo.com\/noticias\/wp-content\/uploads\/2021\/08\/comprocars-1024x1024.jpg 1024w, https:\/\/elreporterohgo.com\/noticias\/wp-content\/uploads\/2021\/08\/comprocars-150x150.jpg 150w, https:\/\/elreporterohgo.com\/noticias\/wp-content\/uploads\/2021\/08\/comprocars-300x300.jpg 300w, https:\/\/elreporterohgo.com\/noticias\/wp-content\/uploads\/2021\/08\/comprocars-768x768.jpg 768w, https:\/\/elreporterohgo.com\/noticias\/wp-content\/uploads\/2021\/08\/comprocars-160x160.jpg 160w, https:\/\/elreporterohgo.com\/noticias\/wp-content\/uploads\/2021\/08\/comprocars.jpg 1200w\" sizes=\"(max-width: 1024px) 100vw, 1024px\" \/><\/figure>\n\n\n\n<p>Despu\u00e9s de lo ocurrido, familiares del\nagraviado recibieron llamadas telef\u00f3nicas mediante las que se les exigi\u00f3 una\nfuerte cantidad de dinero a cambio de su libertad; adem\u00e1s enviaron videos donde\nse exhib\u00eda la tortura que sufr\u00eda la persona plagiada.&nbsp;<\/p>\n\n\n\n<p>Al tener conocimiento de lo sucedido,\nla familia del agraviado denunci\u00f3 ante UECS y con base en el inicio de la\ncarpeta de investigaci\u00f3n, agentes del Ministerio P\u00fablico iniciaron las\nindagatorias correspondientes mientras que personal especializado se encarg\u00f3 de\nlas negociaciones y otro equipo brind\u00f3 atenci\u00f3n psicol\u00f3gica a familiares del\nplagiado.<\/p>\n\n\n\n<p>Con el apoyo de hombres y mujeres\nagentes analistas, personal a cargo de labores de inteligencia y agentes de la\nPolic\u00eda Investigadora adscritos a la UECS se mont\u00f3 un operativo t\u00e1ctico\nmediante el que se detuvo a los probables.<\/p>\n\n\n\n<p>Como parte de estas acciones se\nintervino un inmueble para el rescate de la v\u00edctima, quien fue hallada sin\nvida.<\/p>\n\n\n\n<p>Los detenidos fueron puestos a\ndisposici\u00f3n de la autoridad judicial, misma que durante la audiencia inicial y\ncon base en la formulaci\u00f3n de la imputaci\u00f3n a cargo del Ministerio P\u00fablico,\nfueron vinculados a proceso por secuestro agravado.<\/p>\n\n\n\n<p>Como medida cautelar, a los probables\nse les impuso la prisi\u00f3n preventiva oficiosa. El plazo para el cierre de la\ninvestigaci\u00f3n complementaria es de seis meses.<\/p>\n","protected":false},"excerpt":{"rendered":"<p>TULA DE ALLENDE, hGO.- La Unidad Especializada en el Combate al Secuestro (UECS) de la Procuradur\u00eda General de Justicia del estado de Hidalgo detuvo y consigui\u00f3 la vinculaci\u00f3n a proceso de ocho personas, por secuestro agravado ocurrido en Tula de Allende. Los hechos que fueron materia de la imputaci\u00f3n contra Jaime \u201cN\u201d, Rom\u00e1n \u201cN\u201d, Natalia<\/p>\n","protected":false},"author":2,"featured_media":42229,"comment_status":"open","ping_status":"closed","sticky":false,"template":"","format":"standard","meta":{"footnotes":""},"categories":[10],"tags":[],"class_list":{"0":"post-42228","1":"post","2":"type-post","3":"status-publish","4":"format-standard","5":"has-post-thumbnail","7":"category-hidalgo"},"_links":{"self":[{"href":"https:\/\/elreporterohgo.com\/noticias\/wp-json\/wp\/v2\/posts\/42228","targetHints":{"allow":["GET"]}}],"collection":[{"href":"https:\/\/elreporterohgo.com\/noticias\/wp-json\/wp\/v2\/posts"}],"about":[{"href":"https:\/\/elreporterohgo.com\/noticias\/wp-json\/wp\/v2\/types\/post"}],"author":[{"embeddable":true,"href":"https:\/\/elreporterohgo.com\/noticias\/wp-json\/wp\/v2\/users\/2"}],"replies":[{"embeddable":true,"href":"https:\/\/elreporterohgo.com\/noticias\/wp-json\/wp\/v2\/comments?post=42228"}],"version-history":[{"count":2,"href":"https:\/\/elreporterohgo.com\/noticias\/wp-json\/wp\/v2\/posts\/42228\/revisions"}],"predecessor-version":[{"id":42243,"href":"https:\/\/elreporterohgo.com\/noticias\/wp-json\/wp\/v2\/posts\/42228\/revisions\/42243"}],"wp:featuredmedia":[{"embeddable":true,"href":"https:\/\/elreporterohgo.com\/noticias\/wp-json\/wp\/v2\/media\/42229"}],"wp:attachment":[{"href":"https:\/\/elreporterohgo.com\/noticias\/wp-json\/wp\/v2\/media?parent=42228"}],"wp:term":[{"taxonomy":"category","embeddable":true,"href":"https:\/\/elreporterohgo.com\/noticias\/wp-json\/wp\/v2\/categories?post=42228"},{"taxonomy":"post_tag","embeddable":true,"href":"https:\/\/elreporterohgo.com\/noticias\/wp-json\/wp\/v2\/tags?post=42228"}],"curies":[{"name":"wp","href":"https:\/\/api.w.org\/{rel}","templated":true}]}}