{"id":42221,"date":"2021-08-13T10:17:24","date_gmt":"2021-08-13T15:17:24","guid":{"rendered":"https:\/\/elreporterohgo.com\/noticias\/?p=42221"},"modified":"2021-08-13T23:56:28","modified_gmt":"2021-08-14T04:56:28","slug":"operativo-hidalgo-seguro-en-el-altiplano-de-hidalgo","status":"publish","type":"post","link":"https:\/\/elreporterohgo.com\/noticias\/2021\/08\/13\/operativo-hidalgo-seguro-en-el-altiplano-de-hidalgo\/","title":{"rendered":"Operativo Hidalgo Seguro en el Altiplano de Hidalgo"},"content":{"rendered":"\n<figure class=\"wp-block-image\"><img fetchpriority=\"high\" decoding=\"async\" width=\"753\" height=\"398\" src=\"https::\/\/elreporterohgo.com\/noticias\/wp-content\/uploads\/2021\/08\/d348dc65-19f6-428f-b489-8e47f4996d59-2.jpg\" alt=\"\" class=\"wp-image-42222\" srcset=\"https:\/\/elreporterohgo.com\/noticias\/wp-content\/uploads\/2021\/08\/d348dc65-19f6-428f-b489-8e47f4996d59-2.jpg 753w, https:\/\/elreporterohgo.com\/noticias\/wp-content\/uploads\/2021\/08\/d348dc65-19f6-428f-b489-8e47f4996d59-2-300x159.jpg 300w\" sizes=\"(max-width: 753px) 100vw, 753px\" \/><\/figure>\n\n\n\n<figure class=\"wp-block-image\"><img decoding=\"async\" width=\"1024\" height=\"683\" src=\"https::\/\/elreporterohgo.com\/noticias\/wp-content\/uploads\/2021\/08\/IMG_1064-1024x683.jpg\" alt=\"\" class=\"wp-image-42223\" srcset=\"https:\/\/elreporterohgo.com\/noticias\/wp-content\/uploads\/2021\/08\/IMG_1064-1024x683.jpg 1024w, https:\/\/elreporterohgo.com\/noticias\/wp-content\/uploads\/2021\/08\/IMG_1064-300x200.jpg 300w, https:\/\/elreporterohgo.com\/noticias\/wp-content\/uploads\/2021\/08\/IMG_1064-768x512.jpg 768w\" sizes=\"(max-width: 1024px) 100vw, 1024px\" \/><\/figure>\n\n\n\n<p>Acciones para combatir la acci\u00f3n de los delincuentes<\/p>\n\n\n\n<p>Por Juan\nSabino Cruz<\/p>\n\n\n\n<p>APAN, Hgo.- Espectacular\nmovilizaci\u00f3n policiaca se registr\u00f3 esta ma\u00f1ana en la cabecera municipal de\nApan, se habl\u00f3 de supuesta audiencia de un criminal de peso, la realidad es que\nse trata de un operativo interinstitucional de seguridad.<\/p>\n\n\n\n<p>Colaboradores de EL REPORTERO, la ma\u00f1ana de hoy, informaron que por lo menos doce patrullas de la Polic\u00eda Estatal y otras de la Polic\u00eda Municipal con decenas de uniformados se congregaron en la explanada de la cabecera municipal de Apan.<\/p>\n\n\n\n<figure class=\"wp-block-image\"><img decoding=\"async\" width=\"1024\" height=\"1024\" src=\"https::\/\/elreporterohgo.com\/noticias\/wp-content\/uploads\/2021\/08\/comprocars-1024x1024.jpg\" alt=\"\" class=\"wp-image-42197\" srcset=\"https:\/\/elreporterohgo.com\/noticias\/wp-content\/uploads\/2021\/08\/comprocars-1024x1024.jpg 1024w, https:\/\/elreporterohgo.com\/noticias\/wp-content\/uploads\/2021\/08\/comprocars-150x150.jpg 150w, https:\/\/elreporterohgo.com\/noticias\/wp-content\/uploads\/2021\/08\/comprocars-300x300.jpg 300w, https:\/\/elreporterohgo.com\/noticias\/wp-content\/uploads\/2021\/08\/comprocars-768x768.jpg 768w, https:\/\/elreporterohgo.com\/noticias\/wp-content\/uploads\/2021\/08\/comprocars-160x160.jpg 160w, https:\/\/elreporterohgo.com\/noticias\/wp-content\/uploads\/2021\/08\/comprocars.jpg 1200w\" sizes=\"(max-width: 1024px) 100vw, 1024px\" \/><\/figure>\n\n\n\n<p>Un mando\npoliciaco presuntamente expreso: \u201cRevisen cualquier veh\u00edculo con l\u00e1minas\nsospechosas\u201d. Inclusive, se coment\u00f3 que al parecer toda la movilizaci\u00f3n obedec\u00eda\na la audiencia de alg\u00fan peligroso criminal.<\/p>\n\n\n\n<p>OPERATIVO<\/p>\n\n\n\n<p>La realidad\nes que a las 9:10 horas de hoy, fue puesto en marcha un operativo de seguridad interinstitucional\ndonde participan efectivos de la Polic\u00eda Estatal y municipales.<\/p>\n\n\n\n<p>Fueron\nestablecidos tres puntos de vigilancia que son:<\/p>\n\n\n\n<p>&#8211; Carretera\nEstatal Apan-Tepeapulco, altura de Colonia 20 de Noviembre.<\/p>\n\n\n\n<p>&#8211; Carretera\nApan &#8211; La Uni\u00f3n, altura del Restaurante \u00abLas Ranas\u00bb.<\/p>\n\n\n\n<p>&#8211; Carretera\nApan-Calpulalpan, como referencia en la gasolinera G500.<\/p>\n\n\n\n<p>En forma\nefectiva se busca detener el creciente \u00edndice delictivo en beneficio de la\npoblaci\u00f3n en general del Apan y el altiplano en general.<\/p>\n","protected":false},"excerpt":{"rendered":"<p>Acciones para combatir la acci\u00f3n de los delincuentes Por Juan Sabino Cruz APAN, Hgo.- Espectacular movilizaci\u00f3n policiaca se registr\u00f3 esta ma\u00f1ana en la cabecera municipal de Apan, se habl\u00f3 de supuesta audiencia de un criminal de peso, la realidad es que se trata de un operativo interinstitucional de seguridad. Colaboradores de EL REPORTERO, la ma\u00f1ana<\/p>\n","protected":false},"author":2,"featured_media":42222,"comment_status":"open","ping_status":"closed","sticky":false,"template":"","format":"standard","meta":{"footnotes":""},"categories":[10],"tags":[],"class_list":{"0":"post-42221","1":"post","2":"type-post","3":"status-publish","4":"format-standard","5":"has-post-thumbnail","7":"category-hidalgo"},"_links":{"self":[{"href":"https:\/\/elreporterohgo.com\/noticias\/wp-json\/wp\/v2\/posts\/42221","targetHints":{"allow":["GET"]}}],"collection":[{"href":"https:\/\/elreporterohgo.com\/noticias\/wp-json\/wp\/v2\/posts"}],"about":[{"href":"https:\/\/elreporterohgo.com\/noticias\/wp-json\/wp\/v2\/types\/post"}],"author":[{"embeddable":true,"href":"https:\/\/elreporterohgo.com\/noticias\/wp-json\/wp\/v2\/users\/2"}],"replies":[{"embeddable":true,"href":"https:\/\/elreporterohgo.com\/noticias\/wp-json\/wp\/v2\/comments?post=42221"}],"version-history":[{"count":2,"href":"https:\/\/elreporterohgo.com\/noticias\/wp-json\/wp\/v2\/posts\/42221\/revisions"}],"predecessor-version":[{"id":42241,"href":"https:\/\/elreporterohgo.com\/noticias\/wp-json\/wp\/v2\/posts\/42221\/revisions\/42241"}],"wp:featuredmedia":[{"embeddable":true,"href":"https:\/\/elreporterohgo.com\/noticias\/wp-json\/wp\/v2\/media\/42222"}],"wp:attachment":[{"href":"https:\/\/elreporterohgo.com\/noticias\/wp-json\/wp\/v2\/media?parent=42221"}],"wp:term":[{"taxonomy":"category","embeddable":true,"href":"https:\/\/elreporterohgo.com\/noticias\/wp-json\/wp\/v2\/categories?post=42221"},{"taxonomy":"post_tag","embeddable":true,"href":"https:\/\/elreporterohgo.com\/noticias\/wp-json\/wp\/v2\/tags?post=42221"}],"curies":[{"name":"wp","href":"https:\/\/api.w.org\/{rel}","templated":true}]}}