{"id":42187,"date":"2021-08-10T17:17:27","date_gmt":"2021-08-10T22:17:27","guid":{"rendered":"https:\/\/elreporterohgo.com\/noticias\/?p=42187"},"modified":"2021-08-12T16:02:21","modified_gmt":"2021-08-12T21:02:21","slug":"alerta-asaltan-para-robar-bicicletas-de-gama-alta","status":"publish","type":"post","link":"https:\/\/elreporterohgo.com\/noticias\/2021\/08\/10\/alerta-asaltan-para-robar-bicicletas-de-gama-alta\/","title":{"rendered":"Alerta: Asaltan para robar bicicletas de gama alta"},"content":{"rendered":"\n<figure class=\"wp-block-image\"><img fetchpriority=\"high\" decoding=\"async\" width=\"1024\" height=\"774\" src=\"https::\/\/elreporterohgo.com\/noticias\/wp-content\/uploads\/2021\/08\/0000bici-2-1024x774.jpg\" alt=\"\" class=\"wp-image-42188\" srcset=\"https:\/\/elreporterohgo.com\/noticias\/wp-content\/uploads\/2021\/08\/0000bici-2-1024x774.jpg 1024w, https:\/\/elreporterohgo.com\/noticias\/wp-content\/uploads\/2021\/08\/0000bici-2-300x227.jpg 300w, https:\/\/elreporterohgo.com\/noticias\/wp-content\/uploads\/2021\/08\/0000bici-2-768x581.jpg 768w, https:\/\/elreporterohgo.com\/noticias\/wp-content\/uploads\/2021\/08\/0000bici-2.jpg 1592w\" sizes=\"(max-width: 1024px) 100vw, 1024px\" \/><figcaption>En la foto aparece la costosa bicicleta robada a un menor y el coche con plca en que viajaban la ladrona.<\/figcaption><\/figure>\n\n\n\n<p>Mujeres maleantes viajan en chevy blanco<\/p>\n\n\n\n<p>Por Juan Sabino Cruz<\/p>\n\n\n\n<p>APAN, Hgo.- Bandas de maleantes integradas por mujeres son se\u00f1aladas de cometer asaltos en agravio de j\u00f3venes a quienes les roban sus bicicletas, especialmente de gama alta, una de las v\u00edctimas fue un jovencito que ya denuncio ante el agente del Ministerio P\u00fablico.<\/p>\n\n\n\n<p><a href=\"https:s:\/\/www.facebook.com\/juansabino.cruzpelcastre\/videos\/519834869102693\">https:s:\/\/www.facebook.com\/juansabino.cruzpelcastre\/videos\/519834869102693<\/a><\/p>\n\n\n\n<p>Invitan a la poblaci\u00f3n en general a estar en alerta para\nevitar convertirse en v\u00edctima de las delincuentes que viajan en un autom\u00f3vil\nChevrolet Chevy, color blanco.<\/p>\n\n\n\n<p>En entrevista con Sergio, padre del menor afectado, explic\u00f3\nque, aproximadamente a las 12:15 horas de ayer, su hijo de 16 a\u00f1os circulaba en\nla calle Hidalgo, iba con direcci\u00f3n al barrio El Calvario en su bicicleta de\nfibra de carbono marca \u201cMar\u00edn\u201d, color gris del mismo metal, adem\u00e1s tiene rines\ny letras rojas.<\/p>\n\n\n\n<p>Una mujer gorda, chaparra y morena que viajaba en un autom\u00f3vil Chevrolet Chevy, color blanco, placas NAX-21-32 del Estado de M\u00e9xico, bajo de su coche para intervenir al menor y preguntarle por la ubicaci\u00f3n de un laboratorio cl\u00ednico.<\/p>\n\n\n\n<figure class=\"wp-block-image\"><img decoding=\"async\" width=\"1024\" height=\"1024\" src=\"https::\/\/elreporterohgo.com\/noticias\/wp-content\/uploads\/2021\/08\/comprocars-1024x1024.jpg\" alt=\"\" class=\"wp-image-42197\" srcset=\"https:\/\/elreporterohgo.com\/noticias\/wp-content\/uploads\/2021\/08\/comprocars-1024x1024.jpg 1024w, https:\/\/elreporterohgo.com\/noticias\/wp-content\/uploads\/2021\/08\/comprocars-150x150.jpg 150w, https:\/\/elreporterohgo.com\/noticias\/wp-content\/uploads\/2021\/08\/comprocars-300x300.jpg 300w, https:\/\/elreporterohgo.com\/noticias\/wp-content\/uploads\/2021\/08\/comprocars-768x768.jpg 768w, https:\/\/elreporterohgo.com\/noticias\/wp-content\/uploads\/2021\/08\/comprocars-160x160.jpg 160w, https:\/\/elreporterohgo.com\/noticias\/wp-content\/uploads\/2021\/08\/comprocars.jpg 1200w\" sizes=\"(max-width: 1024px) 100vw, 1024px\" \/><\/figure>\n\n\n\n<p>El adolescente responde no saber sobre el establecimiento,\nsin embargo, es sorprendido por la desconocida que lo amaga con un arma\npunzante y lo obliga a caminar por la calle Hidalgo, despu\u00e9s interviene otra f\u00e9mina\nalta, morena y delgada quien lo despoja de su mochila y la bicicleta de gama\nalta con precio promedio de 50 mil pesos.<\/p>\n\n\n\n<p>La amenaza contin\u00faa y el chiquillo es obligado a caminar\nhasta llegar a la calle Lauro L, M\u00e9ndez, lugar donde aprovecha un descuido de\nla mujer asaltante y huye corriendo, busco su bicicleta pero ya no encontr\u00f3 a\nla maleante que se la quit\u00f3.<\/p>\n\n\n\n<p>&nbsp;El padre del afectado\nexplic\u00f3 que llam\u00f3 a su hijo y este le coment\u00f3 lo ocurrido, inclusive, todo\nquedo documentado con videos de camas de video de la zona donde se cometi\u00f3 el\nviolento asalto.<\/p>\n\n\n\n<p>Los hechos fueron denunciaos en la carpeta de investigaci\u00f3n NUC-\n00631 iniciada ante el agente del Ministerio P\u00fablico.<\/p>\n\n\n\n<p>RECURRENTES ASALTOS<\/p>\n\n\n\n<p>El entrevistado explic\u00f3 que el uso de la bicicleta es una\ntendencia que est\u00e1 en aumento en la zona del altiplano, en Hidalgo, en M\u00e9xico y\nel mundo, por esta raz\u00f3n muchas personas adquieres veh\u00edculos de gama alta y\nsurgen delincuentes que con una mirada saben cu\u00e1les son los biciclos caros para\nrobarlos.<\/p>\n\n\n\n<p>Invito a la poblaci\u00f3n a extremar medidas de precauci\u00f3n y no\ndejarse sorprender por los ladrones que en este caso resultaron ser mujeres. Inclusive,\nde ubicar el carro donde viajaban las delincuentes informarlo a la polic\u00eda.<\/p>\n","protected":false},"excerpt":{"rendered":"<p>Mujeres maleantes viajan en chevy blanco Por Juan Sabino Cruz APAN, Hgo.- Bandas de maleantes integradas por mujeres son se\u00f1aladas de cometer asaltos en agravio de j\u00f3venes a quienes les roban sus bicicletas, especialmente de gama alta, una de las v\u00edctimas fue un jovencito que ya denuncio ante el agente del Ministerio P\u00fablico. https:s:\/\/www.facebook.com\/juansabino.cruzpelcastre\/videos\/519834869102693 Invitan<\/p>\n","protected":false},"author":2,"featured_media":42188,"comment_status":"open","ping_status":"closed","sticky":false,"template":"","format":"standard","meta":{"footnotes":""},"categories":[10],"tags":[],"class_list":{"0":"post-42187","1":"post","2":"type-post","3":"status-publish","4":"format-standard","5":"has-post-thumbnail","7":"category-hidalgo"},"_links":{"self":[{"href":"https:\/\/elreporterohgo.com\/noticias\/wp-json\/wp\/v2\/posts\/42187","targetHints":{"allow":["GET"]}}],"collection":[{"href":"https:\/\/elreporterohgo.com\/noticias\/wp-json\/wp\/v2\/posts"}],"about":[{"href":"https:\/\/elreporterohgo.com\/noticias\/wp-json\/wp\/v2\/types\/post"}],"author":[{"embeddable":true,"href":"https:\/\/elreporterohgo.com\/noticias\/wp-json\/wp\/v2\/users\/2"}],"replies":[{"embeddable":true,"href":"https:\/\/elreporterohgo.com\/noticias\/wp-json\/wp\/v2\/comments?post=42187"}],"version-history":[{"count":3,"href":"https:\/\/elreporterohgo.com\/noticias\/wp-json\/wp\/v2\/posts\/42187\/revisions"}],"predecessor-version":[{"id":42199,"href":"https:\/\/elreporterohgo.com\/noticias\/wp-json\/wp\/v2\/posts\/42187\/revisions\/42199"}],"wp:featuredmedia":[{"embeddable":true,"href":"https:\/\/elreporterohgo.com\/noticias\/wp-json\/wp\/v2\/media\/42188"}],"wp:attachment":[{"href":"https:\/\/elreporterohgo.com\/noticias\/wp-json\/wp\/v2\/media?parent=42187"}],"wp:term":[{"taxonomy":"category","embeddable":true,"href":"https:\/\/elreporterohgo.com\/noticias\/wp-json\/wp\/v2\/categories?post=42187"},{"taxonomy":"post_tag","embeddable":true,"href":"https:\/\/elreporterohgo.com\/noticias\/wp-json\/wp\/v2\/tags?post=42187"}],"curies":[{"name":"wp","href":"https:\/\/api.w.org\/{rel}","templated":true}]}}