{"id":42176,"date":"2021-08-10T15:15:39","date_gmt":"2021-08-10T20:15:39","guid":{"rendered":"https:\/\/elreporterohgo.com\/noticias\/?p=42176"},"modified":"2021-08-12T16:03:27","modified_gmt":"2021-08-12T21:03:27","slug":"%ef%bb%bfintervambio-academico-entre-seph-y-unam","status":"publish","type":"post","link":"https:\/\/elreporterohgo.com\/noticias\/2021\/08\/10\/%ef%bb%bfintervambio-academico-entre-seph-y-unam\/","title":{"rendered":"\ufeffIntervambio acad\u00e9mico entre SEPH y UNAM"},"content":{"rendered":"\n<p><strong>INTERCAMBIO\nACAD\u00c9MICO ENTRE SEPH Y UNAM<\/strong><\/p>\n\n\n\n<figure class=\"wp-block-image\"><img fetchpriority=\"high\" decoding=\"async\" width=\"991\" height=\"714\" src=\"https::\/\/elreporterohgo.com\/noticias\/wp-content\/uploads\/2021\/08\/foto-boletin-seph-3-2.jpeg\" alt=\"\" class=\"wp-image-42177\" srcset=\"https:\/\/elreporterohgo.com\/noticias\/wp-content\/uploads\/2021\/08\/foto-boletin-seph-3-2.jpeg 991w, https:\/\/elreporterohgo.com\/noticias\/wp-content\/uploads\/2021\/08\/foto-boletin-seph-3-2-300x216.jpeg 300w, https:\/\/elreporterohgo.com\/noticias\/wp-content\/uploads\/2021\/08\/foto-boletin-seph-3-2-768x553.jpeg 768w\" sizes=\"(max-width: 991px) 100vw, 991px\" \/><\/figure>\n\n\n\n<p>Como\nparte de la pol\u00edtica de articulaci\u00f3n que impulsa el gobierno de Omar Fayad para\nfavorecer el desarrollo acad\u00e9mico de la entidad, la Secretar\u00eda de Educaci\u00f3n\nP\u00fablica de Hidalgo (SEPH) y la Universidad Nacional Aut\u00f3noma de M\u00e9xico (UNAM)\nfirmaron Convenio General de Colaboraci\u00f3n con la presencia del titular de la\nSEPH, Atilano Rodr\u00edguez P\u00e9rez, y el secretario de Desarrollo Institucional de\nla UNAM, Alberto Ken Oyama Nakagawa.<\/p>\n\n\n\n<p>Dicho\nconvenio tiene como objetivo principal dar continuidad al desarrollo conjunto\nde proyectos y programas en los campos de la docencia y la investigaci\u00f3n en\nEducaci\u00f3n B\u00e1sica, Media Superior y Superior, lo cual incluye promover,\norganizar e impartir cursos de actualizaci\u00f3n, especializaci\u00f3n o de posgrado\ndirigido a la comunidad educativa por parte de la UNAM.<\/p>\n\n\n\n<p>Entre los beneficios que otorga este trabajo de articulaci\u00f3n, se encuentra el intercambio de experiencias en las \u00e1reas de inter\u00e9s, seminarios, conferencias, simposios, encuentros, mesas redondas, y otros relativos en materia acad\u00e9mica, cultural o deportiva de ambas partes y el intercambio y coedici\u00f3n de material bibliogr\u00e1fico.<\/p>\n\n\n\n<figure class=\"wp-block-image\"><img decoding=\"async\" width=\"1024\" height=\"1024\" src=\"https::\/\/elreporterohgo.com\/noticias\/wp-content\/uploads\/2021\/08\/comprocars-1024x1024.jpg\" alt=\"\" class=\"wp-image-42197\" srcset=\"https:\/\/elreporterohgo.com\/noticias\/wp-content\/uploads\/2021\/08\/comprocars-1024x1024.jpg 1024w, https:\/\/elreporterohgo.com\/noticias\/wp-content\/uploads\/2021\/08\/comprocars-150x150.jpg 150w, https:\/\/elreporterohgo.com\/noticias\/wp-content\/uploads\/2021\/08\/comprocars-300x300.jpg 300w, https:\/\/elreporterohgo.com\/noticias\/wp-content\/uploads\/2021\/08\/comprocars-768x768.jpg 768w, https:\/\/elreporterohgo.com\/noticias\/wp-content\/uploads\/2021\/08\/comprocars-160x160.jpg 160w, https:\/\/elreporterohgo.com\/noticias\/wp-content\/uploads\/2021\/08\/comprocars.jpg 1200w\" sizes=\"(max-width: 1024px) 100vw, 1024px\" \/><\/figure>\n\n\n\n<p>Es\nimportante destacar que los convenios de colaboraci\u00f3n forman parte de la\npol\u00edtica educativa de Omar Fayad, ya que resultado de estos, es que se ofrece a\nlas y los docentes m\u00e1s y mejores herramientas que los fortalece en el proceso\nde ense\u00f1anza-aprendizaje y que impacta el desarrollo acad\u00e9mico de las y los\nestudiantes de Hidalgo.<\/p>\n\n\n\n<p>Lo\nanterior representa la cristalizaci\u00f3n del trabajo que se ha venido\ndesarrollando en los \u00faltimos a\u00f1os de manera conjunta, y ha sido muy importante\npara la SEPH emprender estas tareas de colaboraci\u00f3n con la m\u00e1xima casa de\nestudios, que van desde conferencias hasta proyectos de formaci\u00f3n docente de\ncar\u00e1cter digital para facilitar y mejorar las pr\u00e1cticas educativas.<\/p>\n\n\n\n<p>En\nla firma de convenio, el secretario Atilano Rodr\u00edguez estuvo acompa\u00f1ado por los\nsubsecretarios de la SEPH: de Educaci\u00f3n B\u00e1sica, Francisca Ram\u00edrez Analco; de Planeaci\u00f3n,\nAng\u00e9lica Bravo Cadena; de Administraci\u00f3n y Finanzas, Pablo Moreno Calva y de\nEducaci\u00f3n Media Superior y Superior, Juan Benito Ram\u00edrez Romero.<\/p>\n","protected":false},"excerpt":{"rendered":"<p>INTERCAMBIO ACAD\u00c9MICO ENTRE SEPH Y UNAM Como parte de la pol\u00edtica de articulaci\u00f3n que impulsa el gobierno de Omar Fayad para favorecer el desarrollo acad\u00e9mico de la entidad, la Secretar\u00eda de Educaci\u00f3n P\u00fablica de Hidalgo (SEPH) y la Universidad Nacional Aut\u00f3noma de M\u00e9xico (UNAM) firmaron Convenio General de Colaboraci\u00f3n con la presencia del titular de<\/p>\n","protected":false},"author":2,"featured_media":42177,"comment_status":"open","ping_status":"closed","sticky":false,"template":"","format":"standard","meta":{"footnotes":""},"categories":[10],"tags":[],"class_list":{"0":"post-42176","1":"post","2":"type-post","3":"status-publish","4":"format-standard","5":"has-post-thumbnail","7":"category-hidalgo"},"_links":{"self":[{"href":"https:\/\/elreporterohgo.com\/noticias\/wp-json\/wp\/v2\/posts\/42176","targetHints":{"allow":["GET"]}}],"collection":[{"href":"https:\/\/elreporterohgo.com\/noticias\/wp-json\/wp\/v2\/posts"}],"about":[{"href":"https:\/\/elreporterohgo.com\/noticias\/wp-json\/wp\/v2\/types\/post"}],"author":[{"embeddable":true,"href":"https:\/\/elreporterohgo.com\/noticias\/wp-json\/wp\/v2\/users\/2"}],"replies":[{"embeddable":true,"href":"https:\/\/elreporterohgo.com\/noticias\/wp-json\/wp\/v2\/comments?post=42176"}],"version-history":[{"count":2,"href":"https:\/\/elreporterohgo.com\/noticias\/wp-json\/wp\/v2\/posts\/42176\/revisions"}],"predecessor-version":[{"id":42202,"href":"https:\/\/elreporterohgo.com\/noticias\/wp-json\/wp\/v2\/posts\/42176\/revisions\/42202"}],"wp:featuredmedia":[{"embeddable":true,"href":"https:\/\/elreporterohgo.com\/noticias\/wp-json\/wp\/v2\/media\/42177"}],"wp:attachment":[{"href":"https:\/\/elreporterohgo.com\/noticias\/wp-json\/wp\/v2\/media?parent=42176"}],"wp:term":[{"taxonomy":"category","embeddable":true,"href":"https:\/\/elreporterohgo.com\/noticias\/wp-json\/wp\/v2\/categories?post=42176"},{"taxonomy":"post_tag","embeddable":true,"href":"https:\/\/elreporterohgo.com\/noticias\/wp-json\/wp\/v2\/tags?post=42176"}],"curies":[{"name":"wp","href":"https:\/\/api.w.org\/{rel}","templated":true}]}}