{"id":42172,"date":"2021-08-10T09:11:10","date_gmt":"2021-08-10T14:11:10","guid":{"rendered":"https:\/\/elreporterohgo.com\/noticias\/?p=42172"},"modified":"2021-08-12T16:03:51","modified_gmt":"2021-08-12T21:03:51","slug":"mejora-al-transporte-publico-individual-en-hidalgo","status":"publish","type":"post","link":"https:\/\/elreporterohgo.com\/noticias\/2021\/08\/10\/mejora-al-transporte-publico-individual-en-hidalgo\/","title":{"rendered":"Mejora al transporte p\u00fablico individual en Hidalgo"},"content":{"rendered":"\n<figure class=\"wp-block-image\"><img fetchpriority=\"high\" decoding=\"async\" width=\"1024\" height=\"617\" src=\"https::\/\/elreporterohgo.com\/noticias\/wp-content\/uploads\/2021\/08\/unnamed-2021-08-10T090212.607-1024x617.jpg\" alt=\"\" class=\"wp-image-42173\" srcset=\"https:\/\/elreporterohgo.com\/noticias\/wp-content\/uploads\/2021\/08\/unnamed-2021-08-10T090212.607-1024x617.jpg 1024w, https:\/\/elreporterohgo.com\/noticias\/wp-content\/uploads\/2021\/08\/unnamed-2021-08-10T090212.607-300x181.jpg 300w, https:\/\/elreporterohgo.com\/noticias\/wp-content\/uploads\/2021\/08\/unnamed-2021-08-10T090212.607-768x463.jpg 768w, https:\/\/elreporterohgo.com\/noticias\/wp-content\/uploads\/2021\/08\/unnamed-2021-08-10T090212.607.jpg 1585w\" sizes=\"(max-width: 1024px) 100vw, 1024px\" \/><\/figure>\n\n\n\n<p>Pachuca de\nSoto, Hgo.- Con la visi\u00f3n del gobernador Omar Fayad Meneses de trabajo en\nequipo para obtener mejores resultados, la Secretar\u00eda de Movilidad y Transporte\n(SEMOT) a trav\u00e9s del Sistema de Transporte Convencional de Hidalgo (STCH),\njunto con la empresa permisionaria de Taxi Contigo, han encaminado esfuerzos de\nla mano de transportistas de todo el estado para el \u00e9xito de este plan de\nmejora al transporte p\u00fablico individual en Hidalgo.<\/p>\n\n\n\n<p>Jos\u00e9 Luis\nGuevara Mu\u00f1oz, Secretario de Movilidad y Transporte, indic\u00f3 que en d\u00edas pasados\nlas autoridades y los transportistas llevaron a cabo diversas reuniones de\nevaluaci\u00f3n del programa que actualmente se encuentra en el periodo de prueba de\ntres meses en el que los concesionarios de Pachuca y la Zona Metropolitana no\nrealizan pago alguno por los servicios tecnol\u00f3gicos, tal y como se acord\u00f3 en\npasadas reuniones y se formaliz\u00f3 con la publicaci\u00f3n en el Peri\u00f3dico Oficial del\nEstado de Hidalgo (POEH).<\/p>\n\n\n\n<p>Por lo anterior, autoridades y transportistas mantienen el di\u00e1logo constructivo con la finalidad de conocer sus necesidades, propuestas y expectativas que son de gran utilidad para robustecer el plan de modernizaci\u00f3n Taxi Contigo y al final lograr los beneficios que se esperan para usuarios, concesionarios y conductores.<\/p>\n\n\n\n<figure class=\"wp-block-image\"><img decoding=\"async\" width=\"1024\" height=\"1024\" src=\"https::\/\/elreporterohgo.com\/noticias\/wp-content\/uploads\/2021\/08\/comprocars-1024x1024.jpg\" alt=\"\" class=\"wp-image-42197\" srcset=\"https:\/\/elreporterohgo.com\/noticias\/wp-content\/uploads\/2021\/08\/comprocars-1024x1024.jpg 1024w, https:\/\/elreporterohgo.com\/noticias\/wp-content\/uploads\/2021\/08\/comprocars-150x150.jpg 150w, https:\/\/elreporterohgo.com\/noticias\/wp-content\/uploads\/2021\/08\/comprocars-300x300.jpg 300w, https:\/\/elreporterohgo.com\/noticias\/wp-content\/uploads\/2021\/08\/comprocars-768x768.jpg 768w, https:\/\/elreporterohgo.com\/noticias\/wp-content\/uploads\/2021\/08\/comprocars-160x160.jpg 160w, https:\/\/elreporterohgo.com\/noticias\/wp-content\/uploads\/2021\/08\/comprocars.jpg 1200w\" sizes=\"(max-width: 1024px) 100vw, 1024px\" \/><\/figure>\n\n\n\n<p>En este\nsentido, l\u00edderes transportistas de la Federaci\u00f3n de Uniones de Trabajadores del\nVolante&nbsp; (FUTV) y de la agrupaci\u00f3n\nTransportistas Unidos de Hidalgo A.C. informaron que de igual forma han\nsostenido reuniones con diputados integrantes de la Comisi\u00f3n de Comunicaciones\ny Transportes del Congreso del Estado de Hidalgo, quienes han manifestado su\napoyo a este innovador plan \u00fanico en el pa\u00eds con el que se lograr\u00e1 proteger al\nsector transportista, la modernizaci\u00f3n, la reactivaci\u00f3n econ\u00f3mica y la mejora\ndel servicio para los usuarios.<\/p>\n\n\n\n<p>Por\n\u00faltimo, se inform\u00f3 que las reuniones de evaluaci\u00f3n entre autoridades y\ntransportistas continuar\u00e1n en las siguientes semanas a fin de llevar a cabo los\najustes necesarios a Taxi Contigo para lograr los objetivos planteados.<\/p>\n","protected":false},"excerpt":{"rendered":"<p>Pachuca de Soto, Hgo.- Con la visi\u00f3n del gobernador Omar Fayad Meneses de trabajo en equipo para obtener mejores resultados, la Secretar\u00eda de Movilidad y Transporte (SEMOT) a trav\u00e9s del Sistema de Transporte Convencional de Hidalgo (STCH), junto con la empresa permisionaria de Taxi Contigo, han encaminado esfuerzos de la mano de transportistas de todo<\/p>\n","protected":false},"author":2,"featured_media":42173,"comment_status":"open","ping_status":"closed","sticky":false,"template":"","format":"standard","meta":{"footnotes":""},"categories":[10],"tags":[],"class_list":{"0":"post-42172","1":"post","2":"type-post","3":"status-publish","4":"format-standard","5":"has-post-thumbnail","7":"category-hidalgo"},"_links":{"self":[{"href":"https:\/\/elreporterohgo.com\/noticias\/wp-json\/wp\/v2\/posts\/42172","targetHints":{"allow":["GET"]}}],"collection":[{"href":"https:\/\/elreporterohgo.com\/noticias\/wp-json\/wp\/v2\/posts"}],"about":[{"href":"https:\/\/elreporterohgo.com\/noticias\/wp-json\/wp\/v2\/types\/post"}],"author":[{"embeddable":true,"href":"https:\/\/elreporterohgo.com\/noticias\/wp-json\/wp\/v2\/users\/2"}],"replies":[{"embeddable":true,"href":"https:\/\/elreporterohgo.com\/noticias\/wp-json\/wp\/v2\/comments?post=42172"}],"version-history":[{"count":2,"href":"https:\/\/elreporterohgo.com\/noticias\/wp-json\/wp\/v2\/posts\/42172\/revisions"}],"predecessor-version":[{"id":42203,"href":"https:\/\/elreporterohgo.com\/noticias\/wp-json\/wp\/v2\/posts\/42172\/revisions\/42203"}],"wp:featuredmedia":[{"embeddable":true,"href":"https:\/\/elreporterohgo.com\/noticias\/wp-json\/wp\/v2\/media\/42173"}],"wp:attachment":[{"href":"https:\/\/elreporterohgo.com\/noticias\/wp-json\/wp\/v2\/media?parent=42172"}],"wp:term":[{"taxonomy":"category","embeddable":true,"href":"https:\/\/elreporterohgo.com\/noticias\/wp-json\/wp\/v2\/categories?post=42172"},{"taxonomy":"post_tag","embeddable":true,"href":"https:\/\/elreporterohgo.com\/noticias\/wp-json\/wp\/v2\/tags?post=42172"}],"curies":[{"name":"wp","href":"https:\/\/api.w.org\/{rel}","templated":true}]}}