{"id":42165,"date":"2021-08-09T13:27:05","date_gmt":"2021-08-09T18:27:05","guid":{"rendered":"https:\/\/elreporterohgo.com\/noticias\/?p=42165"},"modified":"2021-08-09T13:27:06","modified_gmt":"2021-08-09T18:27:06","slug":"hallaron-muerta-a-una-jovencita","status":"publish","type":"post","link":"https:\/\/elreporterohgo.com\/noticias\/2021\/08\/09\/hallaron-muerta-a-una-jovencita\/","title":{"rendered":"Hallaron muerta a una jovencita"},"content":{"rendered":"\n<figure class=\"wp-block-image\"><img fetchpriority=\"high\" decoding=\"async\" width=\"780\" height=\"618\" src=\"https::\/\/elreporterohgo.com\/noticias\/wp-content\/uploads\/2021\/08\/73090902-4ee6-41ed-8881-d72e8d3c8496-2.jpg\" alt=\"\" class=\"wp-image-42166\" srcset=\"https:\/\/elreporterohgo.com\/noticias\/wp-content\/uploads\/2021\/08\/73090902-4ee6-41ed-8881-d72e8d3c8496-2.jpg 780w, https:\/\/elreporterohgo.com\/noticias\/wp-content\/uploads\/2021\/08\/73090902-4ee6-41ed-8881-d72e8d3c8496-2-300x238.jpg 300w, https:\/\/elreporterohgo.com\/noticias\/wp-content\/uploads\/2021\/08\/73090902-4ee6-41ed-8881-d72e8d3c8496-2-768x608.jpg 768w\" sizes=\"(max-width: 780px) 100vw, 780px\" \/><\/figure>\n\n\n\n<p>Todo indica que se trata de un suicidio<\/p>\n\n\n\n<p>Por MARIO ESCAMILLA<\/p>\n\n\n\n<p>APAN, HGO.- &nbsp;Por causas\nhasta el momento desconocidas, el d\u00eda de ayer, una adolecente decidi\u00f3 escapar\npor la puerta falsa al colgarse de en su hogar.<\/p>\n\n\n\n<p>Lugare\u00f1os pidieron el apoyo de param\u00e9dicos de Protecci\u00f3n\nCivil Municipal para atender una emergencia en un hogar de la comunidad de San\nMiguel de las Tunas, municipio de Apan.<\/p>\n\n\n\n<p>La afligida madre identificada por sus iniciales como R.M.M.G.,\ndijo a la polic\u00eda que encontr\u00f3 a su menor hija suspendida de una varilla con\nuna cuerda en un cuarto habilitado como entrada y salida del hogar.<\/p>\n\n\n\n<p>Los param\u00e9dicos trataron de ayudar, sin embargo, la joven\nidentificada por sus iniciales como L.E.R.M., de 17 a\u00f1os, ya no ten\u00eda signos\nvitales, hab\u00eda muerto.<\/p>\n\n\n\n<p>Personal de Servicios Periciales y agentes de la Polic\u00eda de\nInvestigaci\u00f3n se hicieron cargo para procesar el lugar en busca de indicios que\nayuden a esclarecer los hechos y deslindar responsabilidades.<\/p>\n","protected":false},"excerpt":{"rendered":"<p>Todo indica que se trata de un suicidio Por MARIO ESCAMILLA APAN, HGO.- &nbsp;Por causas hasta el momento desconocidas, el d\u00eda de ayer, una adolecente decidi\u00f3 escapar por la puerta falsa al colgarse de en su hogar. Lugare\u00f1os pidieron el apoyo de param\u00e9dicos de Protecci\u00f3n Civil Municipal para atender una emergencia en un hogar de<\/p>\n","protected":false},"author":2,"featured_media":42166,"comment_status":"open","ping_status":"closed","sticky":false,"template":"","format":"standard","meta":{"footnotes":""},"categories":[10],"tags":[],"class_list":{"0":"post-42165","1":"post","2":"type-post","3":"status-publish","4":"format-standard","5":"has-post-thumbnail","7":"category-hidalgo"},"_links":{"self":[{"href":"https:\/\/elreporterohgo.com\/noticias\/wp-json\/wp\/v2\/posts\/42165","targetHints":{"allow":["GET"]}}],"collection":[{"href":"https:\/\/elreporterohgo.com\/noticias\/wp-json\/wp\/v2\/posts"}],"about":[{"href":"https:\/\/elreporterohgo.com\/noticias\/wp-json\/wp\/v2\/types\/post"}],"author":[{"embeddable":true,"href":"https:\/\/elreporterohgo.com\/noticias\/wp-json\/wp\/v2\/users\/2"}],"replies":[{"embeddable":true,"href":"https:\/\/elreporterohgo.com\/noticias\/wp-json\/wp\/v2\/comments?post=42165"}],"version-history":[{"count":1,"href":"https:\/\/elreporterohgo.com\/noticias\/wp-json\/wp\/v2\/posts\/42165\/revisions"}],"predecessor-version":[{"id":42167,"href":"https:\/\/elreporterohgo.com\/noticias\/wp-json\/wp\/v2\/posts\/42165\/revisions\/42167"}],"wp:featuredmedia":[{"embeddable":true,"href":"https:\/\/elreporterohgo.com\/noticias\/wp-json\/wp\/v2\/media\/42166"}],"wp:attachment":[{"href":"https:\/\/elreporterohgo.com\/noticias\/wp-json\/wp\/v2\/media?parent=42165"}],"wp:term":[{"taxonomy":"category","embeddable":true,"href":"https:\/\/elreporterohgo.com\/noticias\/wp-json\/wp\/v2\/categories?post=42165"},{"taxonomy":"post_tag","embeddable":true,"href":"https:\/\/elreporterohgo.com\/noticias\/wp-json\/wp\/v2\/tags?post=42165"}],"curies":[{"name":"wp","href":"https:\/\/api.w.org\/{rel}","templated":true}]}}