{"id":42162,"date":"2021-08-09T12:58:11","date_gmt":"2021-08-09T17:58:11","guid":{"rendered":"https:\/\/elreporterohgo.com\/noticias\/?p=42162"},"modified":"2021-08-09T12:58:12","modified_gmt":"2021-08-09T17:58:12","slug":"secuestradores-y-feminicida-ya-pasaran-muchos-anos-en-prision","status":"publish","type":"post","link":"https:\/\/elreporterohgo.com\/noticias\/2021\/08\/09\/secuestradores-y-feminicida-ya-pasaran-muchos-anos-en-prision\/","title":{"rendered":"Secuestradores y feminicida ya pasaran muchos a\u00f1os en prisi\u00f3n"},"content":{"rendered":"\n<figure class=\"wp-block-image\"><img fetchpriority=\"high\" decoding=\"async\" width=\"359\" height=\"233\" src=\"https::\/\/elreporterohgo.com\/noticias\/wp-content\/uploads\/2021\/08\/safe_image-2.jpg\" alt=\"\" class=\"wp-image-42163\" srcset=\"https:\/\/elreporterohgo.com\/noticias\/wp-content\/uploads\/2021\/08\/safe_image-2.jpg 359w, https:\/\/elreporterohgo.com\/noticias\/wp-content\/uploads\/2021\/08\/safe_image-2-300x195.jpg 300w\" sizes=\"(max-width: 359px) 100vw, 359px\" \/><\/figure>\n\n\n\n<p>Ya est\u00e1n tras las rejas<\/p>\n\n\n\n<p>TLAXCOAPAN, Hgo.- Mediante las\ninvestigaciones realizadas por elementos de la Unidad Especializada en el\nCombate al Secuestro (UECS), se acredit\u00f3 la plena responsabilidad de cuatro\npersonas en hechos que la ley se\u00f1ala como secuestro agravado, motivo por el que\nfueron sentenciados a 50 a\u00f1os de prisi\u00f3n.<\/p>\n\n\n\n<p>La imputaci\u00f3n contra Jonathan\n\u201cN\u201d, Brian \u201cN\u201d, Arturo \u201cN\u201d y Camilo \u201cN\u201d deriv\u00f3 de un suceso que tuvo lugar en\nTlaxcoapan, en marzo del 2020, cuando la v\u00edctima caminaba por la v\u00eda p\u00fablica en\nel momento que sus plagiarios los privaron ilegalmente de su libertad, esto con\nla finalidad pedir rescate a cambio de su libertad y de atentar contra su vida.<\/p>\n\n\n\n<p>Una vez que la denuncia de lo\nocurrido se recibi\u00f3 ante el Ministerio P\u00fabico, personal de la UECS intervino y\ncon labores de inteligencia as\u00ed como t\u00e1cticas se rescat\u00f3 a la v\u00edctima.<\/p>\n\n\n\n<p>En las mismas acciones se detuvo\na cuatro personas, quienes fueron presentados en la agencia del Ministerio\nP\u00fablico y posteriormente llevados ante un juez de control para que en audiencia\ninicial se dictara la vinculaci\u00f3n a proceso.&nbsp;&nbsp;<\/p>\n\n\n\n<p>Posteriormente personal de la\nunidad antisecuestros realiz\u00f3 las investigaciones complementarias hasta\nagotarse las etapas del proceso penal.<\/p>\n\n\n\n<p>Finalmente un tribunal de\nenjuiciamiento determin\u00f3 que Jonathan \u201cN\u201d, Brian \u201cN\u201d, Arturo \u201cN\u201d y Camilo \u201cN\u201d,\neran responsables de secuestro agravado, por lo que les dict\u00f3 sentencia\ncondenatoria de 50 a\u00f1os de prisi\u00f3n.<\/p>\n\n\n\n<p>MAT\u00d3 A SU MUJER<\/p>\n\n\n\n<p>MINERAL DEL CHICO.- Luego de que\nla Fiscal\u00eda Especializada para la Atenci\u00f3n de Delitos de G\u00e9nero acreditar\u00e1 ante\nun juez penal la responsabilidad de una persona por feminicidio, se obtuvo &nbsp;sentencia de 25 a\u00f1os de prisi\u00f3n.<\/p>\n\n\n\n<p>Los hechos que derivaron en la\ncarpeta de investigaci\u00f3n que se integr\u00f3 bajo el protocolo de feminicidio,\nocurrieron el 2 de abril del 2019 en Mineral del Chico, cuando elementos de la\nPolic\u00eda de Investigaci\u00f3n localizaron el cuerpo sin vida de una persona del sexo\nfemenino.<\/p>\n\n\n\n<p>A partir del hallazgo intervino\nla Fiscal\u00eda, autoridad que a trav\u00e9s de una agente del<\/p>\n\n\n\n<p>Ministerio P\u00fablico investig\u00f3 lo\nocurrido y se alleg\u00f3 de datos de prueba contra el probable responsable, quien\nest\u00e1 identificado como Edgar \u201cN\u201d.&nbsp;<\/p>\n\n\n\n<p>La autoridad ministerial solicit\u00f3\nal juez la orden de aprehensi\u00f3n contra el agresor y una vez concedida, dicho\nmandamiento judicial fue cumplimentada por elementos de la Polic\u00eda\nInvestigadora.<\/p>\n\n\n\n<p>Finalmente a trav\u00e9s de un\nprocedimiento abreviado, un juez penal dict\u00f3 sentencia condenatoria de 25 a\u00f1os\nde prisi\u00f3n por feminicidio. El ahora sentenciado deber\u00e1 pagar una multa por la\nreparaci\u00f3n del da\u00f1o.<\/p>\n","protected":false},"excerpt":{"rendered":"<p>Ya est\u00e1n tras las rejas TLAXCOAPAN, Hgo.- Mediante las investigaciones realizadas por elementos de la Unidad Especializada en el Combate al Secuestro (UECS), se acredit\u00f3 la plena responsabilidad de cuatro personas en hechos que la ley se\u00f1ala como secuestro agravado, motivo por el que fueron sentenciados a 50 a\u00f1os de prisi\u00f3n. La imputaci\u00f3n contra Jonathan<\/p>\n","protected":false},"author":2,"featured_media":42163,"comment_status":"open","ping_status":"closed","sticky":false,"template":"","format":"standard","meta":{"footnotes":""},"categories":[10],"tags":[],"class_list":{"0":"post-42162","1":"post","2":"type-post","3":"status-publish","4":"format-standard","5":"has-post-thumbnail","7":"category-hidalgo"},"_links":{"self":[{"href":"https:\/\/elreporterohgo.com\/noticias\/wp-json\/wp\/v2\/posts\/42162","targetHints":{"allow":["GET"]}}],"collection":[{"href":"https:\/\/elreporterohgo.com\/noticias\/wp-json\/wp\/v2\/posts"}],"about":[{"href":"https:\/\/elreporterohgo.com\/noticias\/wp-json\/wp\/v2\/types\/post"}],"author":[{"embeddable":true,"href":"https:\/\/elreporterohgo.com\/noticias\/wp-json\/wp\/v2\/users\/2"}],"replies":[{"embeddable":true,"href":"https:\/\/elreporterohgo.com\/noticias\/wp-json\/wp\/v2\/comments?post=42162"}],"version-history":[{"count":1,"href":"https:\/\/elreporterohgo.com\/noticias\/wp-json\/wp\/v2\/posts\/42162\/revisions"}],"predecessor-version":[{"id":42164,"href":"https:\/\/elreporterohgo.com\/noticias\/wp-json\/wp\/v2\/posts\/42162\/revisions\/42164"}],"wp:featuredmedia":[{"embeddable":true,"href":"https:\/\/elreporterohgo.com\/noticias\/wp-json\/wp\/v2\/media\/42163"}],"wp:attachment":[{"href":"https:\/\/elreporterohgo.com\/noticias\/wp-json\/wp\/v2\/media?parent=42162"}],"wp:term":[{"taxonomy":"category","embeddable":true,"href":"https:\/\/elreporterohgo.com\/noticias\/wp-json\/wp\/v2\/categories?post=42162"},{"taxonomy":"post_tag","embeddable":true,"href":"https:\/\/elreporterohgo.com\/noticias\/wp-json\/wp\/v2\/tags?post=42162"}],"curies":[{"name":"wp","href":"https:\/\/api.w.org\/{rel}","templated":true}]}}