{"id":42156,"date":"2021-08-09T12:16:10","date_gmt":"2021-08-09T17:16:10","guid":{"rendered":"https:\/\/elreporterohgo.com\/noticias\/?p=42156"},"modified":"2021-08-09T12:16:11","modified_gmt":"2021-08-09T17:16:11","slug":"omar-fayad-refrenda-su-compromiso-por-el-desarrollo-de-pueblos-indigenas","status":"publish","type":"post","link":"https:\/\/elreporterohgo.com\/noticias\/2021\/08\/09\/omar-fayad-refrenda-su-compromiso-por-el-desarrollo-de-pueblos-indigenas\/","title":{"rendered":"Omar Fayad refrenda su compromiso por el desarrollo de pueblos ind\u00edgenas"},"content":{"rendered":"\n<figure class=\"wp-block-image\"><img fetchpriority=\"high\" decoding=\"async\" width=\"1024\" height=\"682\" src=\"https::\/\/elreporterohgo.com\/noticias\/wp-content\/uploads\/2021\/08\/unnamed-2021-08-09T121041.765-1024x682.jpg\" alt=\"\" class=\"wp-image-42157\" srcset=\"https:\/\/elreporterohgo.com\/noticias\/wp-content\/uploads\/2021\/08\/unnamed-2021-08-09T121041.765-1024x682.jpg 1024w, https:\/\/elreporterohgo.com\/noticias\/wp-content\/uploads\/2021\/08\/unnamed-2021-08-09T121041.765-300x200.jpg 300w, https:\/\/elreporterohgo.com\/noticias\/wp-content\/uploads\/2021\/08\/unnamed-2021-08-09T121041.765-768x512.jpg 768w, https:\/\/elreporterohgo.com\/noticias\/wp-content\/uploads\/2021\/08\/unnamed-2021-08-09T121041.765.jpg 1280w\" sizes=\"(max-width: 1024px) 100vw, 1024px\" \/><\/figure>\n\n\n\n<p>Con\ndiferentes programas y acciones el gobernador Omar Fayad refrenda su compromiso\ny prioridad por el desarrollo de los pueblos ind\u00edgenas del estado, durante su\nadministraci\u00f3n reconocemos su gran aportaci\u00f3n social, cultural, econ\u00f3mica y\npol\u00edtica que representan, raz\u00f3n por la que se trabaja de manera coordinada con\nlos diferentes \u00f3rdenes de gobierno, afirm\u00f3 el titular de la Comisi\u00f3n Estatal\npara el Desarrollo Sostenible de los Pueblos Ind\u00edgenas (CEDPSI), C\u00e9sar Herrera\nLara.<\/p>\n\n\n\n<p>El\nfuncionario estatal comparti\u00f3 que, en el marco del D\u00eda Internacional de los Pueblos\nInd\u00edgenas, no hay mejor manera de conmemorar que reafirmando el compromiso que\nel gobernador del estado, Omar Fayad tiene con nuestros hermanos ind\u00edgenas.<\/p>\n\n\n\n<p>La\npandemia por Covid-19 contin\u00faa, situaci\u00f3n que ha afectado a la sociedad\nmexicana e hidalguense, pero la atenci\u00f3n que el gobierno estatal otorga a los\npueblos ind\u00edgenas no se ha detenido, a trav\u00e9s de la CEDSPI implement\u00f3 pol\u00edticas\np\u00fablicas que apoyan el desarrollo y el bienestar de las familias originarias.<\/p>\n\n\n\n<p>El\ncomisionado de la CEDSPI invit\u00f3 a la poblaci\u00f3n a consultar las actividades que\nse han preparado con motivo de la conmemoraci\u00f3n del D\u00eda Internacional de los\nPueblos Ind\u00edgenas, entre ellas un ciclo de conferencias que se llevar\u00e1 a cabo\nde manera virtual y a trav\u00e9s de las p\u00e1ginas oficiales de la dependencia;\ncharlas con invitados especiales; un concurso de fotograf\u00eda en el que los\nparticipantes destacar\u00e1n la cultura y tradici\u00f3n de los pueblos ind\u00edgenas; la develaci\u00f3n\nde placas en diferentes municipios que los acredita como <em>municipios incluyentes Ind\u00edgenas,<\/em> denominaci\u00f3n otorgada al cumplir con diferentes\ncriterios; entre otras actividades. <\/p>\n\n\n\n<p>Herrera\nLara reiter\u00f3 su compromiso con los hermanos ind\u00edgenas y agradeci\u00f3 a\ndependencias del Poder Ejecutivo y de diferentes organismos que son un reflejo\ndel trabajo coordinado que encabeza el gobernador Omar Fayad.<\/p>\n","protected":false},"excerpt":{"rendered":"<p>Con diferentes programas y acciones el gobernador Omar Fayad refrenda su compromiso y prioridad por el desarrollo de los pueblos ind\u00edgenas del estado, durante su administraci\u00f3n reconocemos su gran aportaci\u00f3n social, cultural, econ\u00f3mica y pol\u00edtica que representan, raz\u00f3n por la que se trabaja de manera coordinada con los diferentes \u00f3rdenes de gobierno, afirm\u00f3 el titular<\/p>\n","protected":false},"author":2,"featured_media":42157,"comment_status":"open","ping_status":"closed","sticky":false,"template":"","format":"standard","meta":{"footnotes":""},"categories":[10],"tags":[],"class_list":{"0":"post-42156","1":"post","2":"type-post","3":"status-publish","4":"format-standard","5":"has-post-thumbnail","7":"category-hidalgo"},"_links":{"self":[{"href":"https:\/\/elreporterohgo.com\/noticias\/wp-json\/wp\/v2\/posts\/42156","targetHints":{"allow":["GET"]}}],"collection":[{"href":"https:\/\/elreporterohgo.com\/noticias\/wp-json\/wp\/v2\/posts"}],"about":[{"href":"https:\/\/elreporterohgo.com\/noticias\/wp-json\/wp\/v2\/types\/post"}],"author":[{"embeddable":true,"href":"https:\/\/elreporterohgo.com\/noticias\/wp-json\/wp\/v2\/users\/2"}],"replies":[{"embeddable":true,"href":"https:\/\/elreporterohgo.com\/noticias\/wp-json\/wp\/v2\/comments?post=42156"}],"version-history":[{"count":1,"href":"https:\/\/elreporterohgo.com\/noticias\/wp-json\/wp\/v2\/posts\/42156\/revisions"}],"predecessor-version":[{"id":42158,"href":"https:\/\/elreporterohgo.com\/noticias\/wp-json\/wp\/v2\/posts\/42156\/revisions\/42158"}],"wp:featuredmedia":[{"embeddable":true,"href":"https:\/\/elreporterohgo.com\/noticias\/wp-json\/wp\/v2\/media\/42157"}],"wp:attachment":[{"href":"https:\/\/elreporterohgo.com\/noticias\/wp-json\/wp\/v2\/media?parent=42156"}],"wp:term":[{"taxonomy":"category","embeddable":true,"href":"https:\/\/elreporterohgo.com\/noticias\/wp-json\/wp\/v2\/categories?post=42156"},{"taxonomy":"post_tag","embeddable":true,"href":"https:\/\/elreporterohgo.com\/noticias\/wp-json\/wp\/v2\/tags?post=42156"}],"curies":[{"name":"wp","href":"https:\/\/api.w.org\/{rel}","templated":true}]}}