{"id":42155,"date":"2021-08-09T12:24:25","date_gmt":"2021-08-09T17:24:25","guid":{"rendered":"https:\/\/elreporterohgo.com\/noticias\/?p=42155"},"modified":"2021-08-09T12:24:25","modified_gmt":"2021-08-09T17:24:25","slug":"la-suma-del-saber-ancestral-y-la-tecnica-han-dejado-una-estela-de-conocimiento-para-resolver-problemas-comunes-omar-fayad","status":"publish","type":"post","link":"https:\/\/elreporterohgo.com\/noticias\/2021\/08\/09\/la-suma-del-saber-ancestral-y-la-tecnica-han-dejado-una-estela-de-conocimiento-para-resolver-problemas-comunes-omar-fayad\/","title":{"rendered":"\u201cLa suma del saber ancestral y la t\u00e9cnica han dejado una estela de conocimiento para resolver problemas comunes\u201d: Omar Fayad"},"content":{"rendered":"\n<p><strong> <\/strong><\/p>\n\n\n\n<figure class=\"wp-block-image\"><img fetchpriority=\"high\" decoding=\"async\" width=\"1024\" height=\"682\" src=\"https::\/\/elreporterohgo.com\/noticias\/wp-content\/uploads\/2021\/08\/unnamed-2021-08-09T122019.590-1024x682.jpg\" alt=\"\" class=\"wp-image-42159\" srcset=\"https:\/\/elreporterohgo.com\/noticias\/wp-content\/uploads\/2021\/08\/unnamed-2021-08-09T122019.590-1024x682.jpg 1024w, https:\/\/elreporterohgo.com\/noticias\/wp-content\/uploads\/2021\/08\/unnamed-2021-08-09T122019.590-300x200.jpg 300w, https:\/\/elreporterohgo.com\/noticias\/wp-content\/uploads\/2021\/08\/unnamed-2021-08-09T122019.590-768x512.jpg 768w, https:\/\/elreporterohgo.com\/noticias\/wp-content\/uploads\/2021\/08\/unnamed-2021-08-09T122019.590.jpg 1280w\" sizes=\"(max-width: 1024px) 100vw, 1024px\" \/><\/figure>\n\n\n\n<figure class=\"wp-block-image\"><img decoding=\"async\" width=\"1024\" height=\"682\" src=\"https::\/\/elreporterohgo.com\/noticias\/wp-content\/uploads\/2021\/08\/unnamed-2021-08-09T122027.007-1024x682.jpg\" alt=\"\" class=\"wp-image-42160\" srcset=\"https:\/\/elreporterohgo.com\/noticias\/wp-content\/uploads\/2021\/08\/unnamed-2021-08-09T122027.007-1024x682.jpg 1024w, https:\/\/elreporterohgo.com\/noticias\/wp-content\/uploads\/2021\/08\/unnamed-2021-08-09T122027.007-300x200.jpg 300w, https:\/\/elreporterohgo.com\/noticias\/wp-content\/uploads\/2021\/08\/unnamed-2021-08-09T122027.007-768x512.jpg 768w, https:\/\/elreporterohgo.com\/noticias\/wp-content\/uploads\/2021\/08\/unnamed-2021-08-09T122027.007.jpg 1280w\" sizes=\"(max-width: 1024px) 100vw, 1024px\" \/><\/figure>\n\n\n\n<p>Ciudad\nde M\u00e9xico.- En nombre del pueblo de\nHidalgo el gobernador Omar Fayad agradeci\u00f3 a las y los j\u00f3venes participantes de\nla segunda edici\u00f3n del Programa\nde Inmersi\u00f3n Cultural y Voluntariado 2021 el di\u00e1logo que sostuvieron con mujeres ind\u00edgenas, con comisariados, con delegados,\ncon funcionarios p\u00fablicos y presidentes municipales, durante la clausura de la\niniciativa del Gobierno de M\u00e9xico realizada en el complejo cultural Los Pinos.<\/p>\n\n\n\n<p>Los exhort\u00f3 a interiorizar el valor del\nvoluntariado, por haber asistido a quienes m\u00e1s los necesitan, a los adultos\nmayores, a los migrantes, a los enfermos, a los ind\u00edgenas y con ello han\ndemostrado un genuino af\u00e1n por el bien com\u00fan.&nbsp;\n\u201cLa suma del saber ancestral y la t\u00e9cnica han dejado una estela de\nconocimiento para resolver problemas comunes\u201d; por ello los nombr\u00f3 embajadores de\nla cultura y tradiciones de Hidalgo.<\/p>\n\n\n\n<p>\u201cSin\nciencia, sin investigaci\u00f3n, sin artistas, ni poetas, sin personas de buena\nvoluntad la sociedad ser\u00eda un colapso\u201d, por ello el mandatario valor\u00f3 el\nesfuerzo de la juventud participante, de sus padres, de la Secretar\u00eda de\nRelaciones Exteriores (SRE) del Gobierno de M\u00e9xico, pues este tipo de programas\npermitir\u00e1n ser mejores como pa\u00eds y ser m\u00e1s competitivos.<\/p>\n\n\n\n<p>Les\ndijo que si buscan encontrar\u00e1n en el conocimiento un complemento para la vida y\ns\u00f3lo a trav\u00e9s del conocimiento podr\u00e1 garantizar el futuro de los suyos en un\nmundo cada vez m\u00e1s especializado y competitivo.<\/p>\n\n\n\n<p>Expuso\nlos avances que en materia de ciencia y tecnolog\u00eda registra Hidalgo, entre\nellos cit\u00f3 el lanzamiento del primer nanosat\u00e9lite 100% mexicano a la \u00d3rbita Baja\nde la Tierra; y en alianza con la UNAM, la Planta Aceleradora de Negocios\nBiotecnol\u00f3gicos, dedicada a la\nproducci\u00f3n de vacunas, anticuerpos monoclonales, prote\u00ednas como factores de\ncrecimiento y mol\u00e9culas que constituyen la medicina moderna.<\/p>\n\n\n\n<p>El\ngobernador Fayad agradeci\u00f3 al canciller Marcelo Ebrard Casaub\u00f3n por permitir\nque Hidalgo participara por segunda ocasi\u00f3n en el programa que consider\u00f3 \u201cmuy\ncompleto\u201d al ser social, cultural, les permite a las y los participantes tener\nuna visi\u00f3n muy profunda de las ra\u00edces y costumbres de M\u00e9xico; reiter\u00f3 su\ndisposici\u00f3n para seguir colaborando en este tipo de acciones.<\/p>\n\n\n\n<p>En\nsu mensaje el titular del Instituto de los Mexicanos\nen el Exterior (IME) de la Secretar\u00eda de Relaciones Exteriores, Luis Guti\u00e9rrez Reyes, reconoci\u00f3 la\nparticipaci\u00f3n del gobernador Omar Fayad y del titular de la Unidad de\nPlaneaci\u00f3n y Prospectiva, Lam\u00e1n Carranza Ram\u00edrez.<\/p>\n\n\n\n<p>El funcionario federal destac\u00f3\nlas actividades realizadas en Hidalgo, como recorridos a diferentes museos,\ncontacto con integrantes de organismos de la sociedad civil; visitas a Mineral\ndel Chico, al complejo Citnova, Tulancingo, Mineral del Monte y la Zona\nArqueol\u00f3gica de Tula; adem\u00e1s visitaron espacios de ecoturismo y conservaci\u00f3n\nambiental, conocieron a artesanos, participaron en actividades culturales sobre\ntradiciones y pueblos ind\u00edgenas; acercamiento a instituciones tecnol\u00f3gicas,\nreforestaci\u00f3n, talleres para atender sectores claves del desarrollo y\nvoluntariado para remozar espacios p\u00fablicos.<\/p>\n\n\n\n<p>Guti\u00e9rrez Reyes\nrefiri\u00f3 que el programa va m\u00e1s all\u00e1 de la visita de la juventud a su\npa\u00eds de origen, sino que tambi\u00e9n los j\u00f3venes contribuyan con las comunidades que\nlos recibieron, es decir aprovechar la experiencia y conocimientos de las y los\nparticipantes para tener un impacto en las comunidades receptoras \u201ces la base\nde nuestro programa\u201d que todo los involucrados contribuyan y de esta manera\ndejen su huella en M\u00e9xico.<\/p>\n\n\n\n<p>Adelant\u00f3\nque en los primeros d\u00edas de noviembre y con el apoyo de la Embajada de M\u00e9xico\nen Estados Unidos de Norteam\u00e9rica se realizar\u00e1 un encuentro j\u00f3venes <em>dreamers\nDACA<\/em>, de la costa Este y del Centro, en el Centro Cultural de M\u00e9xico en\nWashington.<\/p>\n\n\n\n<p>Gabriel\nEmanuel Alonso, <em>dreamer<\/em> y perteneciente al DACA (por sus siglas en\ningl\u00e9s de Acci\u00f3n Diferida para los\nLlegados en la Infancia), quien desde hace 18 a\u00f1os no visitaba M\u00e9xico comparti\u00f3\nsus experiencias en el encuentro, sus recuerdos de \u201clos trabajadores y de\nla gente luchadora que todos los d\u00edas se levanta para tener un futuro\u201d.<\/p>\n\n\n\n<p>Sus\npadres -dijo- migraron a EE. UU. en el af\u00e1n de darle una vida mejor a \u00e9l y a su\nhermano, quienes hoy est\u00e1n cumpliendo sus sue\u00f1os y los sue\u00f1os de sus padres.\n\u201cMi padre siempre me ha dicho que se siente muy orgulloso de m\u00ed, pero es al\nrev\u00e9s yo me siento muy orgulloso de \u00e9l y de mi madre por todo el esfuerzo que\nhicieron\u2026porque todos tenemos sue\u00f1os, todos somos <em>dreamers<\/em>\u201d.<\/p>\n\n\n\n<p>Arturo\nRocha Hern\u00e1ndez, en representaci\u00f3n de Roberto Velasco \u00c1lvarez, titular de la\nUnidad para Am\u00e9rica del Norte de la SRE, manifest\u00f3 que el programa es un exitoso\nesquema de colaboraci\u00f3n que permite al Gobierno de M\u00e9xico crear puentes entre\nla juventud y los pa\u00edses;&nbsp; se\u00f1al\u00f3 que por\nprimera ocasi\u00f3n Canad\u00e1 se involucr\u00f3 en el programa, ello demuestra que a los\ntres pa\u00edses les une m\u00e1s que una vecindad geogr\u00e1fica \u201csomos vecinos, somos\naliados, somos amigos y en algunos casos tambi\u00e9n somos familia\u201d.<\/p>\n\n\n\n<p>El ministro\nconsejero para la diplomacia p\u00fablica de la Embajada de EE. UU. en M\u00e9xico,\nWilliam Ostick, coincidi\u00f3 en que los j\u00f3venes participantes son verdaderos\nembajadores, dijo que su pa\u00eds es una naci\u00f3n construida por migrantes, receptor\nde todos los pa\u00edses del mundo, en tal sentido, se siti\u00f3 orgulloso de ver a los\nparticipantes tocando el pa\u00eds de origen de sus padres y abuelos \u201cy eso\nfortalece la relaci\u00f3n binacional entre M\u00e9xico y Estados Unidos\u201d.<\/p>\n","protected":false},"excerpt":{"rendered":"<p>Ciudad de M\u00e9xico.- En nombre del pueblo de Hidalgo el gobernador Omar Fayad agradeci\u00f3 a las y los j\u00f3venes participantes de la segunda edici\u00f3n del Programa de Inmersi\u00f3n Cultural y Voluntariado 2021 el di\u00e1logo que sostuvieron con mujeres ind\u00edgenas, con comisariados, con delegados, con funcionarios p\u00fablicos y presidentes municipales, durante la clausura de la iniciativa<\/p>\n","protected":false},"author":2,"featured_media":42159,"comment_status":"open","ping_status":"closed","sticky":false,"template":"","format":"standard","meta":{"footnotes":""},"categories":[10],"tags":[],"class_list":{"0":"post-42155","1":"post","2":"type-post","3":"status-publish","4":"format-standard","5":"has-post-thumbnail","7":"category-hidalgo"},"_links":{"self":[{"href":"https:\/\/elreporterohgo.com\/noticias\/wp-json\/wp\/v2\/posts\/42155","targetHints":{"allow":["GET"]}}],"collection":[{"href":"https:\/\/elreporterohgo.com\/noticias\/wp-json\/wp\/v2\/posts"}],"about":[{"href":"https:\/\/elreporterohgo.com\/noticias\/wp-json\/wp\/v2\/types\/post"}],"author":[{"embeddable":true,"href":"https:\/\/elreporterohgo.com\/noticias\/wp-json\/wp\/v2\/users\/2"}],"replies":[{"embeddable":true,"href":"https:\/\/elreporterohgo.com\/noticias\/wp-json\/wp\/v2\/comments?post=42155"}],"version-history":[{"count":1,"href":"https:\/\/elreporterohgo.com\/noticias\/wp-json\/wp\/v2\/posts\/42155\/revisions"}],"predecessor-version":[{"id":42161,"href":"https:\/\/elreporterohgo.com\/noticias\/wp-json\/wp\/v2\/posts\/42155\/revisions\/42161"}],"wp:featuredmedia":[{"embeddable":true,"href":"https:\/\/elreporterohgo.com\/noticias\/wp-json\/wp\/v2\/media\/42159"}],"wp:attachment":[{"href":"https:\/\/elreporterohgo.com\/noticias\/wp-json\/wp\/v2\/media?parent=42155"}],"wp:term":[{"taxonomy":"category","embeddable":true,"href":"https:\/\/elreporterohgo.com\/noticias\/wp-json\/wp\/v2\/categories?post=42155"},{"taxonomy":"post_tag","embeddable":true,"href":"https:\/\/elreporterohgo.com\/noticias\/wp-json\/wp\/v2\/tags?post=42155"}],"curies":[{"name":"wp","href":"https:\/\/api.w.org\/{rel}","templated":true}]}}