{"id":42130,"date":"2021-08-07T00:31:44","date_gmt":"2021-08-07T05:31:44","guid":{"rendered":"https:\/\/elreporterohgo.com\/noticias\/?p=42130"},"modified":"2021-08-07T00:31:45","modified_gmt":"2021-08-07T05:31:45","slug":"exigen-contienda-imparcial-para-elegir-a-la-proxima-dirigencia-del-pan","status":"publish","type":"post","link":"https:\/\/elreporterohgo.com\/noticias\/2021\/08\/07\/exigen-contienda-imparcial-para-elegir-a-la-proxima-dirigencia-del-pan\/","title":{"rendered":"Exigen contienda imparcial para elegir a la pr\u00f3xima dirigencia del PAN"},"content":{"rendered":"\n<figure class=\"wp-block-image\"><img fetchpriority=\"high\" decoding=\"async\" width=\"1024\" height=\"804\" src=\"https::\/\/elreporterohgo.com\/noticias\/wp-content\/uploads\/2021\/08\/JOO-2-1024x804.jpg\" alt=\"\" class=\"wp-image-42131\" srcset=\"https:\/\/elreporterohgo.com\/noticias\/wp-content\/uploads\/2021\/08\/JOO-2-1024x804.jpg 1024w, https:\/\/elreporterohgo.com\/noticias\/wp-content\/uploads\/2021\/08\/JOO-2-300x235.jpg 300w, https:\/\/elreporterohgo.com\/noticias\/wp-content\/uploads\/2021\/08\/JOO-2-768x603.jpg 768w, https:\/\/elreporterohgo.com\/noticias\/wp-content\/uploads\/2021\/08\/JOO-2.jpg 1381w\" sizes=\"(max-width: 1024px) 100vw, 1024px\" \/><\/figure>\n\n\n\n<p>Ciudad de M\u00e9xico.- Los aspirantes a la dirigencia nacional del PAN,\nAdriana D\u00e1vila Fern\u00e1ndez y Gerardo Priego Tapia, exigieron al Comit\u00e9 Ejecutivo\nNacional (CEN) y a su presidente, Marko Cort\u00e9s Mendoza, una contienda interna\nequitativa, democr\u00e1tica e imparcial para elegir a la pr\u00f3xima dirigencia\npartidista.<\/p>\n\n\n\n<p>Demandaron que el CEN, sus integrantes, los \u00f3rganos de decisi\u00f3n del\npartido, as\u00ed como los Comit\u00e9s Directivos Estatales y Municipales, act\u00faen con neutralidad\ny \u201cque no carguen los dados\u201d a favor de quien hoy ocupa la presidencia del\npartido.<\/p>\n\n\n\n<p>En conferencia de prensa virtual, D\u00e1vila Fern\u00e1ndez y Priego Tapia\ntambi\u00e9n pidieron que Cort\u00e9s Mendoza se separe de su cargo en tanto se lleva a\ncabo el proceso interno, porque est\u00e1 utilizando la estructura y los recursos\ndel CEN del PAN con la intenci\u00f3n de reelegirse.<\/p>\n\n\n\n<p>La legisladora por el estado de Tlaxcala advirti\u00f3 que es preocupante\nla forma en que act\u00faa el actual presidente del partido, porque el Comit\u00e9\nEjecutivo Nacional y los \u00f3rganos del partido est\u00e1n a su servicio.<\/p>\n\n\n\n<p>\u201cLo m\u00ednimo que nosotros pedimos es que en este proceso tengamos un\npadr\u00f3n confiable, que por supuesto, s\u00ed es cierto, no lo hay; unos \u00f3rganos\ninternos neutrales y certeza, y transparencia en los procedimientos para la\nelecci\u00f3n y la emisi\u00f3n de la convocatoria que en pr\u00f3ximos d\u00edas ser\u00e1\u201d, precis\u00f3\nD\u00e1vila Fern\u00e1ndez.<\/p>\n\n\n\n<p>Priego Tapia tambi\u00e9n exigi\u00f3 que el Comit\u00e9 Nacional se comporte como\nuna instituci\u00f3n que tiene que garantizar procesos neutrales, objetivos,\ndemocr\u00e1ticos y transparentes.<\/p>\n\n\n\n<p>Advirti\u00f3 que la militancia panista est\u00e1 muy desanimada porque en el\nPAN se acab\u00f3 el debate interno y la argumentaci\u00f3n; ahora todo se decide por\ndesignaciones desde la c\u00fapula del partido.<\/p>\n\n\n\n<p>\u201cHemos visto distorsiones de ese tipo en donde se pierde objetividad y\nneutralidad en una elecci\u00f3n, y no queremos que sea, por supuesto, el caso en\nestos momentos\u201d, se\u00f1al\u00f3 el tabasque\u00f1o.<\/p>\n\n\n\n<p>Ambos aspirantes reiteraron su exigencia de que Marko Cort\u00e9s se separe\nde su cargo, porque a unos d\u00edas de la reuni\u00f3n de Consejo Nacional, en donde se\nelegir\u00e1 a la Comisi\u00f3n Nacional de la Elecci\u00f3n del Comit\u00e9 Ejecutivo Nacional, se\nrequiere que esta sea plural e imparcial, lo que no suceder\u00e1 si quien aspira a\nreelegirse se mantiene al frente del instituto pol\u00edtico.<\/p>\n\n\n\n<p>Lo que est\u00e1 en juego en esta elecci\u00f3n interna, destacaron D\u00e1vila\nFern\u00e1ndez y Priego Tapia, no es solamente el PAN, sino el futuro del pa\u00eds que\nnecesita de un partido de oposici\u00f3n fuerte y unido para hacer frente al\nautoritarismo de Palacio Nacional.<\/p>\n\n\n\n<p><strong>&#8212;o0o&#8212;<\/strong><\/p>\n","protected":false},"excerpt":{"rendered":"<p>Ciudad de M\u00e9xico.- Los aspirantes a la dirigencia nacional del PAN, Adriana D\u00e1vila Fern\u00e1ndez y Gerardo Priego Tapia, exigieron al Comit\u00e9 Ejecutivo Nacional (CEN) y a su presidente, Marko Cort\u00e9s Mendoza, una contienda interna equitativa, democr\u00e1tica e imparcial para elegir a la pr\u00f3xima dirigencia partidista. Demandaron que el CEN, sus integrantes, los \u00f3rganos de decisi\u00f3n<\/p>\n","protected":false},"author":2,"featured_media":42131,"comment_status":"open","ping_status":"closed","sticky":false,"template":"","format":"standard","meta":{"footnotes":""},"categories":[10],"tags":[],"class_list":{"0":"post-42130","1":"post","2":"type-post","3":"status-publish","4":"format-standard","5":"has-post-thumbnail","7":"category-hidalgo"},"_links":{"self":[{"href":"https:\/\/elreporterohgo.com\/noticias\/wp-json\/wp\/v2\/posts\/42130","targetHints":{"allow":["GET"]}}],"collection":[{"href":"https:\/\/elreporterohgo.com\/noticias\/wp-json\/wp\/v2\/posts"}],"about":[{"href":"https:\/\/elreporterohgo.com\/noticias\/wp-json\/wp\/v2\/types\/post"}],"author":[{"embeddable":true,"href":"https:\/\/elreporterohgo.com\/noticias\/wp-json\/wp\/v2\/users\/2"}],"replies":[{"embeddable":true,"href":"https:\/\/elreporterohgo.com\/noticias\/wp-json\/wp\/v2\/comments?post=42130"}],"version-history":[{"count":1,"href":"https:\/\/elreporterohgo.com\/noticias\/wp-json\/wp\/v2\/posts\/42130\/revisions"}],"predecessor-version":[{"id":42132,"href":"https:\/\/elreporterohgo.com\/noticias\/wp-json\/wp\/v2\/posts\/42130\/revisions\/42132"}],"wp:featuredmedia":[{"embeddable":true,"href":"https:\/\/elreporterohgo.com\/noticias\/wp-json\/wp\/v2\/media\/42131"}],"wp:attachment":[{"href":"https:\/\/elreporterohgo.com\/noticias\/wp-json\/wp\/v2\/media?parent=42130"}],"wp:term":[{"taxonomy":"category","embeddable":true,"href":"https:\/\/elreporterohgo.com\/noticias\/wp-json\/wp\/v2\/categories?post=42130"},{"taxonomy":"post_tag","embeddable":true,"href":"https:\/\/elreporterohgo.com\/noticias\/wp-json\/wp\/v2\/tags?post=42130"}],"curies":[{"name":"wp","href":"https:\/\/api.w.org\/{rel}","templated":true}]}}