{"id":42119,"date":"2021-08-06T01:44:39","date_gmt":"2021-08-06T06:44:39","guid":{"rendered":"https:\/\/elreporterohgo.com\/noticias\/?p=42119"},"modified":"2021-08-06T01:44:39","modified_gmt":"2021-08-06T06:44:39","slug":"triunfo-en-zacualtipan-de-marcia-torres-gonzalez","status":"publish","type":"post","link":"https:\/\/elreporterohgo.com\/noticias\/2021\/08\/06\/triunfo-en-zacualtipan-de-marcia-torres-gonzalez\/","title":{"rendered":"Triunfo en Zacualtip\u00e1n de  Marcia Torres Gonz\u00e1lez"},"content":{"rendered":"\n<figure class=\"wp-block-image\"><img fetchpriority=\"high\" decoding=\"async\" width=\"1024\" height=\"607\" src=\"https::\/\/elreporterohgo.com\/noticias\/wp-content\/uploads\/2021\/08\/Foto-2-37-1024x607.jpg\" alt=\"\" class=\"wp-image-42120\" srcset=\"https:\/\/elreporterohgo.com\/noticias\/wp-content\/uploads\/2021\/08\/Foto-2-37-1024x607.jpg 1024w, https:\/\/elreporterohgo.com\/noticias\/wp-content\/uploads\/2021\/08\/Foto-2-37-300x178.jpg 300w, https:\/\/elreporterohgo.com\/noticias\/wp-content\/uploads\/2021\/08\/Foto-2-37-768x455.jpg 768w, https:\/\/elreporterohgo.com\/noticias\/wp-content\/uploads\/2021\/08\/Foto-2-37.jpg 1086w\" sizes=\"(max-width: 1024px) 100vw, 1024px\" \/><\/figure>\n\n\n\n<p>Pachuca, Hgo.- El\nComit\u00e9 Directivo Estatal del Partido Revolucionario Institucional (PRI),\nencabezado por Julio Valera Piedras y Paola Dom\u00ednguez Olmedo, presidente y\nsecretaria general respectivamente, anuncia que en un ejercicio que fortalece\nla vida democr\u00e1tica del estado, el Tribunal Electoral Local vot\u00f3 por respetar\nla voluntad que las y los ciudadanos depositaron en las urnas el pasado 6 de junio.<\/p>\n\n\n\n<p>Lo\nanterior, al reconocer el triunfo en el Distrito Local II de Zacualtip\u00e1n por\nparte de nuestras candidatas Marcia Torres Gonz\u00e1lez y Alejandra Moreno Gayosso,\na quienes se externa el reconocimiento y respaldo del PRI, pues existe la\nseguridad de que habr\u00e1n de trabajar por el bienestar y el progreso de los 11\nmunicipios que componen la demarcaci\u00f3n.<\/p>\n\n\n\n<p>As\u00ed\nmismo, el Revolucionario Institucional reconoce que esta determinaci\u00f3n es un\npaso en la lucha por el fortalecimiento de las Instituciones que han sido\natacadas y que, sin embargo, se mantienen dando la cara por la legalidad del\nEstado Mexicano.<\/p>\n","protected":false},"excerpt":{"rendered":"<p>Pachuca, Hgo.- El Comit\u00e9 Directivo Estatal del Partido Revolucionario Institucional (PRI), encabezado por Julio Valera Piedras y Paola Dom\u00ednguez Olmedo, presidente y secretaria general respectivamente, anuncia que en un ejercicio que fortalece la vida democr\u00e1tica del estado, el Tribunal Electoral Local vot\u00f3 por respetar la voluntad que las y los ciudadanos depositaron en las urnas<\/p>\n","protected":false},"author":2,"featured_media":42120,"comment_status":"open","ping_status":"closed","sticky":false,"template":"","format":"standard","meta":{"footnotes":""},"categories":[10],"tags":[],"class_list":{"0":"post-42119","1":"post","2":"type-post","3":"status-publish","4":"format-standard","5":"has-post-thumbnail","7":"category-hidalgo"},"_links":{"self":[{"href":"https:\/\/elreporterohgo.com\/noticias\/wp-json\/wp\/v2\/posts\/42119","targetHints":{"allow":["GET"]}}],"collection":[{"href":"https:\/\/elreporterohgo.com\/noticias\/wp-json\/wp\/v2\/posts"}],"about":[{"href":"https:\/\/elreporterohgo.com\/noticias\/wp-json\/wp\/v2\/types\/post"}],"author":[{"embeddable":true,"href":"https:\/\/elreporterohgo.com\/noticias\/wp-json\/wp\/v2\/users\/2"}],"replies":[{"embeddable":true,"href":"https:\/\/elreporterohgo.com\/noticias\/wp-json\/wp\/v2\/comments?post=42119"}],"version-history":[{"count":1,"href":"https:\/\/elreporterohgo.com\/noticias\/wp-json\/wp\/v2\/posts\/42119\/revisions"}],"predecessor-version":[{"id":42121,"href":"https:\/\/elreporterohgo.com\/noticias\/wp-json\/wp\/v2\/posts\/42119\/revisions\/42121"}],"wp:featuredmedia":[{"embeddable":true,"href":"https:\/\/elreporterohgo.com\/noticias\/wp-json\/wp\/v2\/media\/42120"}],"wp:attachment":[{"href":"https:\/\/elreporterohgo.com\/noticias\/wp-json\/wp\/v2\/media?parent=42119"}],"wp:term":[{"taxonomy":"category","embeddable":true,"href":"https:\/\/elreporterohgo.com\/noticias\/wp-json\/wp\/v2\/categories?post=42119"},{"taxonomy":"post_tag","embeddable":true,"href":"https:\/\/elreporterohgo.com\/noticias\/wp-json\/wp\/v2\/tags?post=42119"}],"curies":[{"name":"wp","href":"https:\/\/api.w.org\/{rel}","templated":true}]}}