{"id":40001,"date":"2021-05-01T23:40:05","date_gmt":"2021-05-02T04:40:05","guid":{"rendered":"https:\/\/elreporterohgo.com\/noticias\/?p=40001"},"modified":"2021-05-01T23:40:06","modified_gmt":"2021-05-02T04:40:06","slug":"lider-y-gestor-social-dispuesto-a-luchar-por-acaxochitlan","status":"publish","type":"post","link":"https:\/\/elreporterohgo.com\/noticias\/2021\/05\/01\/lider-y-gestor-social-dispuesto-a-luchar-por-acaxochitlan\/","title":{"rendered":"L\u00edder y gestor social dispuesto a luchar por Acaxochitl\u00e1n"},"content":{"rendered":"\n<figure class=\"wp-block-image\"><img fetchpriority=\"high\" decoding=\"async\" width=\"1024\" height=\"741\" src=\"https::\/\/elreporterohgo.com\/noticias\/wp-content\/uploads\/2021\/05\/0000sa0-2-1024x741.jpg\" alt=\"\" class=\"wp-image-40002\" srcset=\"https:\/\/elreporterohgo.com\/noticias\/wp-content\/uploads\/2021\/05\/0000sa0-2-1024x741.jpg 1024w, https:\/\/elreporterohgo.com\/noticias\/wp-content\/uploads\/2021\/05\/0000sa0-2-300x217.jpg 300w, https:\/\/elreporterohgo.com\/noticias\/wp-content\/uploads\/2021\/05\/0000sa0-2-768x556.jpg 768w, https:\/\/elreporterohgo.com\/noticias\/wp-content\/uploads\/2021\/05\/0000sa0-2.jpg 1525w\" sizes=\"(max-width: 1024px) 100vw, 1024px\" \/><\/figure>\n\n\n\n<figure class=\"wp-block-image\"><img decoding=\"async\" width=\"1024\" height=\"681\" src=\"https::\/\/elreporterohgo.com\/noticias\/wp-content\/uploads\/2021\/05\/0000sa4-2-1024x681.jpg\" alt=\"\" class=\"wp-image-40003\" srcset=\"https:\/\/elreporterohgo.com\/noticias\/wp-content\/uploads\/2021\/05\/0000sa4-2-1024x681.jpg 1024w, https:\/\/elreporterohgo.com\/noticias\/wp-content\/uploads\/2021\/05\/0000sa4-2-300x199.jpg 300w, https:\/\/elreporterohgo.com\/noticias\/wp-content\/uploads\/2021\/05\/0000sa4-2-768x511.jpg 768w, https:\/\/elreporterohgo.com\/noticias\/wp-content\/uploads\/2021\/05\/0000sa4-2.jpg 1650w\" sizes=\"(max-width: 1024px) 100vw, 1024px\" \/><\/figure>\n\n\n\n<p>PODEMOS conf\u00eda en Sa\u00fal Ortiz Miranda para alcalde<\/p>\n\n\n\n<p>Por Mario Escamilla<\/p>\n\n\n\n<p>ACAXOCHITL\u00c1N, Hgo.- El partido PODEMOS postul\u00f3 a Sa\u00fal Ortiz\nMiranda como candidato a Presidente Municipal de Acaxochitl\u00e1n, gracias a\nla limpia trayectoria de su abanderado e incansable gestor social en favor de las\nclases m\u00e1s necesitadas.<\/p>\n\n\n\n<p>La ma\u00f1ana de hoy, el candidato de PODEMOS se reuni\u00f3 con un\ngrupo de aproximadamente 60 personas en la cabecera municipal, ah\u00ed estuvo\nacompa\u00f1ado por Rosa Mar\u00eda S\u00e1nchez\nIslas, candidata a la diputaci\u00f3n local por el distrito diez con cabecera en\nApan.<\/p>\n\n\n\n<p>Los candidatos fueron recibidos\ncon porras y aplausos, personas de comunidades y \u00e1rea urbana les reiteraron que\nconf\u00edan en Sa\u00fal Ortiz y Rosa Mar\u00eda S\u00e1nchez por ser gente buena, con nuevas\nideas y ganas de gobernar con absoluta honestidad, pues siempre han ayudado a\nla gente.<\/p>\n\n\n\n<p>Recordaron que Sa\u00fal Ortiz creo\nuna fundaci\u00f3n para apoyar a las personas con c\u00e1ncer, pero adem\u00e1s muchos han\nsido beneficiados con sus gestiones, inclusive, es el motivo de que haya\nintegrado una planilla de e3xcelencia con gente joven y entusiasta y emprendedora\nque conoce las necesidades y est\u00e1 dispuesta a servir a su pueblo.<\/p>\n\n\n\n<p>Ortiz Miranda en uso de la\nvoz dio a conocer sus propuestas en las que destaca mejorar los servicios de\nsalud, seguridad, educaci\u00f3n, adultos mayores, generaci\u00f3n de empleo mediante la\nreactivaci\u00f3n del turismo, apoyo al campo, apoyar la correcci\u00f3n de documentos entre\nestos las actas de nacimiento.<\/p>\n\n\n\n<p>Los asistentes al evento ofrecieron su respaldo a sus candidatos, inclusive, ofrecieron recibirlos en sus comunidades y en sus hogares para que den a conocer sus planes de trabajo y tengan un triunfo contundente.<\/p>\n\n\n\n<figure class=\"wp-block-image\"><img decoding=\"async\" width=\"1024\" height=\"652\" src=\"https::\/\/elreporterohgo.com\/noticias\/wp-content\/uploads\/2021\/05\/0000-sa1-2-1024x652.jpg\" alt=\"\" class=\"wp-image-40004\" srcset=\"https:\/\/elreporterohgo.com\/noticias\/wp-content\/uploads\/2021\/05\/0000-sa1-2-1024x652.jpg 1024w, https:\/\/elreporterohgo.com\/noticias\/wp-content\/uploads\/2021\/05\/0000-sa1-2-300x191.jpg 300w, https:\/\/elreporterohgo.com\/noticias\/wp-content\/uploads\/2021\/05\/0000-sa1-2-768x489.jpg 768w, https:\/\/elreporterohgo.com\/noticias\/wp-content\/uploads\/2021\/05\/0000-sa1-2.jpg 1650w\" sizes=\"(max-width: 1024px) 100vw, 1024px\" \/><\/figure>\n\n\n\n<figure class=\"wp-block-image\"><img loading=\"lazy\" decoding=\"async\" width=\"1024\" height=\"678\" src=\"https::\/\/elreporterohgo.com\/noticias\/wp-content\/uploads\/2021\/05\/0000-sa3-2-1024x678.jpg\" alt=\"\" class=\"wp-image-40005\" srcset=\"https:\/\/elreporterohgo.com\/noticias\/wp-content\/uploads\/2021\/05\/0000-sa3-2-1024x678.jpg 1024w, https:\/\/elreporterohgo.com\/noticias\/wp-content\/uploads\/2021\/05\/0000-sa3-2-300x199.jpg 300w, https:\/\/elreporterohgo.com\/noticias\/wp-content\/uploads\/2021\/05\/0000-sa3-2-768x509.jpg 768w, https:\/\/elreporterohgo.com\/noticias\/wp-content\/uploads\/2021\/05\/0000-sa3-2.jpg 1650w\" sizes=\"(max-width: 1024px) 100vw, 1024px\" \/><\/figure>\n","protected":false},"excerpt":{"rendered":"<p>PODEMOS conf\u00eda en Sa\u00fal Ortiz Miranda para alcalde Por Mario Escamilla ACAXOCHITL\u00c1N, Hgo.- El partido PODEMOS postul\u00f3 a Sa\u00fal Ortiz Miranda como candidato a Presidente Municipal de Acaxochitl\u00e1n, gracias a la limpia trayectoria de su abanderado e incansable gestor social en favor de las clases m\u00e1s necesitadas. La ma\u00f1ana de hoy, el candidato de PODEMOS<\/p>\n","protected":false},"author":2,"featured_media":40002,"comment_status":"open","ping_status":"closed","sticky":false,"template":"","format":"standard","meta":{"footnotes":""},"categories":[10],"tags":[],"class_list":{"0":"post-40001","1":"post","2":"type-post","3":"status-publish","4":"format-standard","5":"has-post-thumbnail","7":"category-hidalgo"},"_links":{"self":[{"href":"https:\/\/elreporterohgo.com\/noticias\/wp-json\/wp\/v2\/posts\/40001","targetHints":{"allow":["GET"]}}],"collection":[{"href":"https:\/\/elreporterohgo.com\/noticias\/wp-json\/wp\/v2\/posts"}],"about":[{"href":"https:\/\/elreporterohgo.com\/noticias\/wp-json\/wp\/v2\/types\/post"}],"author":[{"embeddable":true,"href":"https:\/\/elreporterohgo.com\/noticias\/wp-json\/wp\/v2\/users\/2"}],"replies":[{"embeddable":true,"href":"https:\/\/elreporterohgo.com\/noticias\/wp-json\/wp\/v2\/comments?post=40001"}],"version-history":[{"count":1,"href":"https:\/\/elreporterohgo.com\/noticias\/wp-json\/wp\/v2\/posts\/40001\/revisions"}],"predecessor-version":[{"id":40006,"href":"https:\/\/elreporterohgo.com\/noticias\/wp-json\/wp\/v2\/posts\/40001\/revisions\/40006"}],"wp:featuredmedia":[{"embeddable":true,"href":"https:\/\/elreporterohgo.com\/noticias\/wp-json\/wp\/v2\/media\/40002"}],"wp:attachment":[{"href":"https:\/\/elreporterohgo.com\/noticias\/wp-json\/wp\/v2\/media?parent=40001"}],"wp:term":[{"taxonomy":"category","embeddable":true,"href":"https:\/\/elreporterohgo.com\/noticias\/wp-json\/wp\/v2\/categories?post=40001"},{"taxonomy":"post_tag","embeddable":true,"href":"https:\/\/elreporterohgo.com\/noticias\/wp-json\/wp\/v2\/tags?post=40001"}],"curies":[{"name":"wp","href":"https:\/\/api.w.org\/{rel}","templated":true}]}}