{"id":33686,"date":"2020-07-19T22:20:49","date_gmt":"2020-07-20T03:20:49","guid":{"rendered":"https:\/\/elreporterohgo.com\/noticias\/?p=33686"},"modified":"2020-07-19T22:20:53","modified_gmt":"2020-07-20T03:20:53","slug":"hidalgo-y-marruecos-unidos-por-lazos-economicos","status":"publish","type":"post","link":"https:\/\/elreporterohgo.com\/noticias\/2020\/07\/19\/hidalgo-y-marruecos-unidos-por-lazos-economicos\/","title":{"rendered":"Hidalgo y Marruecos unidos por lazos econ\u00f3micos"},"content":{"rendered":"\n<figure class=\"wp-block-image\"><img fetchpriority=\"high\" decoding=\"async\" width=\"1024\" height=\"683\" src=\"https::\/\/elreporterohgo.com\/noticias\/wp-content\/uploads\/2020\/07\/unnamed-2020-07-19T221738.149-1024x683.jpg\" alt=\"\" class=\"wp-image-33687\" srcset=\"https:\/\/elreporterohgo.com\/noticias\/wp-content\/uploads\/2020\/07\/unnamed-2020-07-19T221738.149-1024x683.jpg 1024w, https:\/\/elreporterohgo.com\/noticias\/wp-content\/uploads\/2020\/07\/unnamed-2020-07-19T221738.149-300x200.jpg 300w, https:\/\/elreporterohgo.com\/noticias\/wp-content\/uploads\/2020\/07\/unnamed-2020-07-19T221738.149-768x512.jpg 768w, https:\/\/elreporterohgo.com\/noticias\/wp-content\/uploads\/2020\/07\/unnamed-2020-07-19T221738.149.jpg 1920w\" sizes=\"(max-width: 1024px) 100vw, 1024px\" \/><\/figure>\n\n\n\n<p>Pachuca,\nHgo., Con el\nprop\u00f3sito de estrechar lazos en materia econ\u00f3mica en los campos de la ciencia y\nla tecnolog\u00eda; as\u00ed como en los sectores agr\u00edcola y tur\u00edstico, el gobernador\nOmar Fayad se reuni\u00f3 con el embajador del Reino de Marruecos en M\u00e9xico,\nAbdelfattah Lebbar. <\/p>\n\n\n\n<p>Acompa\u00f1ados por Fr\u00e9d\u00e9ric\nMichel Garc\u00eda, asesor externo del jefe de la Oficina de la Presidencia de\nM\u00e9xico, Alfonso Romo Garza, el mandatario hidalguense confi\u00f3 en que la relaci\u00f3n\ncon el Reino de Marruecos dar\u00e1 resultados para continuar con la din\u00e1mica de\natracci\u00f3n de inversiones que puso en marcha al inicio de su gobierno, y que hoy\ntiene logros por m\u00e1s de 64 mil millones de pesos.<\/p>\n\n\n\n<p>Hace m\u00e1s de tres a\u00f1os, el\ngobernador Fayad se propuso como meta hacer de Hidalgo el centro de desarrollo\nen materia de ciencia, tecnolog\u00eda e innovaci\u00f3n. Hoy, es la octava entidad con\nmayor n\u00famero de solicitudes de patentes de todo el pa\u00eds.<\/p>\n\n\n\n<p>En este sentido, de\nacuerdo con el \u00cdndice de Competitividad Estatal 2020 del Instituto Mexicano\npara la Competitividad AC (IMCO), Hidalgo registra un destacado avance al\nlograr un incremento de 143% en el n\u00famero de patentes, al pasar de 1.1 por cada\n100 mil personas de la Poblaci\u00f3n Econ\u00f3micamente Activa en 2016, a 2.8 en 2018.<\/p>\n\n\n\n<p>Por medio del impulso a la\nciencia y la tecnolog\u00eda, Hidalgo es la entidad que m\u00e1s ha avanzado en materia\nde innovaci\u00f3n en todo el pa\u00eds; subiendo 13 lugares, al pasar del lugar 28 en\n2016 al lugar 15 en 2018. <\/p>\n\n\n\n<p>En el \u00faltimo a\u00f1o, Hidalgo\nascendi\u00f3 siete posiciones en la posibilidad de participar en la econom\u00eda del siglo\nXXI; al colocarse en el octavo lugar nacional con mayor n\u00famero de patentes. El\nconstante apoyo en \u00e1reas como la ciencia y tecnolog\u00eda impulsar\u00e1n a\u00fan m\u00e1s al\nestado a corto plazo. <\/p>\n\n\n\n<p>Marruecos es el segundo\nsocio comercial de M\u00e9xico en \u00c1frica, por ello la importancia para el Gobierno\ndel Estado de Hidalgo de estrechar esta relaci\u00f3n de cooperaci\u00f3n internacional,\nque tambi\u00e9n puede dar continuidad a la din\u00e1mica de atracci\u00f3n de inversiones, que\nhoy acumula m\u00e1s de 64 mil millones de pesos de empresas nacionales y mundiales.<\/p>\n\n\n\n<p>Acompa\u00f1aron al\njefe del Ejecutivo estatal los titulares de la Secretar\u00eda Ejecutiva de la\nPol\u00edtica P\u00fablica Estatal y de la Secretar\u00eda de Desarrollo Econ\u00f3mico, Jos\u00e9 Luis\nRomo Cruz y Sergio Vargas T\u00e9llez, respectivamente, adem\u00e1s del responsable de la\nUnidad de Planeaci\u00f3n y Prospectiva, Lam\u00e1n Carranza Ram\u00edrez.<\/p>\n","protected":false},"excerpt":{"rendered":"<p>Pachuca, Hgo., Con el prop\u00f3sito de estrechar lazos en materia econ\u00f3mica en los campos de la ciencia y la tecnolog\u00eda; as\u00ed como en los sectores agr\u00edcola y tur\u00edstico, el gobernador Omar Fayad se reuni\u00f3 con el embajador del Reino de Marruecos en M\u00e9xico, Abdelfattah Lebbar. Acompa\u00f1ados por Fr\u00e9d\u00e9ric Michel Garc\u00eda, asesor externo del jefe de<\/p>\n","protected":false},"author":2,"featured_media":33687,"comment_status":"open","ping_status":"closed","sticky":false,"template":"","format":"standard","meta":{"footnotes":""},"categories":[10],"tags":[],"class_list":{"0":"post-33686","1":"post","2":"type-post","3":"status-publish","4":"format-standard","5":"has-post-thumbnail","7":"category-hidalgo"},"_links":{"self":[{"href":"https:\/\/elreporterohgo.com\/noticias\/wp-json\/wp\/v2\/posts\/33686","targetHints":{"allow":["GET"]}}],"collection":[{"href":"https:\/\/elreporterohgo.com\/noticias\/wp-json\/wp\/v2\/posts"}],"about":[{"href":"https:\/\/elreporterohgo.com\/noticias\/wp-json\/wp\/v2\/types\/post"}],"author":[{"embeddable":true,"href":"https:\/\/elreporterohgo.com\/noticias\/wp-json\/wp\/v2\/users\/2"}],"replies":[{"embeddable":true,"href":"https:\/\/elreporterohgo.com\/noticias\/wp-json\/wp\/v2\/comments?post=33686"}],"version-history":[{"count":1,"href":"https:\/\/elreporterohgo.com\/noticias\/wp-json\/wp\/v2\/posts\/33686\/revisions"}],"predecessor-version":[{"id":33688,"href":"https:\/\/elreporterohgo.com\/noticias\/wp-json\/wp\/v2\/posts\/33686\/revisions\/33688"}],"wp:featuredmedia":[{"embeddable":true,"href":"https:\/\/elreporterohgo.com\/noticias\/wp-json\/wp\/v2\/media\/33687"}],"wp:attachment":[{"href":"https:\/\/elreporterohgo.com\/noticias\/wp-json\/wp\/v2\/media?parent=33686"}],"wp:term":[{"taxonomy":"category","embeddable":true,"href":"https:\/\/elreporterohgo.com\/noticias\/wp-json\/wp\/v2\/categories?post=33686"},{"taxonomy":"post_tag","embeddable":true,"href":"https:\/\/elreporterohgo.com\/noticias\/wp-json\/wp\/v2\/tags?post=33686"}],"curies":[{"name":"wp","href":"https:\/\/api.w.org\/{rel}","templated":true}]}}