{"id":33681,"date":"2020-07-19T22:06:42","date_gmt":"2020-07-20T03:06:42","guid":{"rendered":"https:\/\/elreporterohgo.com\/noticias\/?p=33681"},"modified":"2020-07-19T22:06:44","modified_gmt":"2020-07-20T03:06:44","slug":"murio-prensado-entre-hierros-del-vehiculo","status":"publish","type":"post","link":"https:\/\/elreporterohgo.com\/noticias\/2020\/07\/19\/murio-prensado-entre-hierros-del-vehiculo\/","title":{"rendered":"Muri\u00f3 prensado entre hierros del veh\u00edculo"},"content":{"rendered":"\n<figure class=\"wp-block-image\"><img fetchpriority=\"high\" decoding=\"async\" width=\"1024\" height=\"768\" src=\"https::\/\/elreporterohgo.com\/noticias\/wp-content\/uploads\/2020\/07\/WhatsApp-Image-2020-07-19-at-10.44.39-AM-2-1024x768.jpeg\" alt=\"\" class=\"wp-image-33682\" srcset=\"https:\/\/elreporterohgo.com\/noticias\/wp-content\/uploads\/2020\/07\/WhatsApp-Image-2020-07-19-at-10.44.39-AM-2-1024x768.jpeg 1024w, https:\/\/elreporterohgo.com\/noticias\/wp-content\/uploads\/2020\/07\/WhatsApp-Image-2020-07-19-at-10.44.39-AM-2-300x225.jpeg 300w, https:\/\/elreporterohgo.com\/noticias\/wp-content\/uploads\/2020\/07\/WhatsApp-Image-2020-07-19-at-10.44.39-AM-2-768x576.jpeg 768w, https:\/\/elreporterohgo.com\/noticias\/wp-content\/uploads\/2020\/07\/WhatsApp-Image-2020-07-19-at-10.44.39-AM-2.jpeg 1280w\" sizes=\"(max-width: 1024px) 100vw, 1024px\" \/><\/figure>\n\n\n\n<figure class=\"wp-block-image\"><img decoding=\"async\" width=\"768\" height=\"1024\" src=\"https::\/\/elreporterohgo.com\/noticias\/wp-content\/uploads\/2020\/07\/WhatsApp-Image-2020-07-19-at-10.44.39-AM-1-768x1024.jpeg\" alt=\"\" class=\"wp-image-33683\" srcset=\"https:\/\/elreporterohgo.com\/noticias\/wp-content\/uploads\/2020\/07\/WhatsApp-Image-2020-07-19-at-10.44.39-AM-1-768x1024.jpeg 768w, https:\/\/elreporterohgo.com\/noticias\/wp-content\/uploads\/2020\/07\/WhatsApp-Image-2020-07-19-at-10.44.39-AM-1-225x300.jpeg 225w, https:\/\/elreporterohgo.com\/noticias\/wp-content\/uploads\/2020\/07\/WhatsApp-Image-2020-07-19-at-10.44.39-AM-1.jpeg 960w\" sizes=\"(max-width: 768px) 100vw, 768px\" \/><\/figure>\n\n\n\n<figure class=\"wp-block-image\"><img decoding=\"async\" width=\"1021\" height=\"613\" src=\"https::\/\/elreporterohgo.com\/noticias\/wp-content\/uploads\/2020\/07\/WhatsApp-Image-2020-07-19-at-10.44.39-AM-4.jpeg\" alt=\"\" class=\"wp-image-33684\" srcset=\"https:\/\/elreporterohgo.com\/noticias\/wp-content\/uploads\/2020\/07\/WhatsApp-Image-2020-07-19-at-10.44.39-AM-4.jpeg 1021w, https:\/\/elreporterohgo.com\/noticias\/wp-content\/uploads\/2020\/07\/WhatsApp-Image-2020-07-19-at-10.44.39-AM-4-300x180.jpeg 300w, https:\/\/elreporterohgo.com\/noticias\/wp-content\/uploads\/2020\/07\/WhatsApp-Image-2020-07-19-at-10.44.39-AM-4-768x461.jpeg 768w, https:\/\/elreporterohgo.com\/noticias\/wp-content\/uploads\/2020\/07\/WhatsApp-Image-2020-07-19-at-10.44.39-AM-4-600x360.jpeg 600w\" sizes=\"(max-width: 1021px) 100vw, 1021px\" \/><\/figure>\n\n\n\n<p>Tr\u00e1gico accidente en Ram\u00f3n G. Bonfil<\/p>\n\n\n\n<p>PACHUCA, Hgo.- Al C5i de Hidalgo, a trav\u00e9s del 911 de\nEmergencias, aproximadamente a las 9:40 horas de hoy, se reporta hecho de\ntr\u00e1nsito, con al parecer personas lesionadas. Bulevar Ram\u00f3n G. Bonfil, colonia\nSan Pedro Nopancalco, a la altura de la preparatoria \u201cZoebisch\u201d.<\/p>\n\n\n\n<p>Al punto acude personal del H. Cuerpo de Bomberos de la\nSecretar\u00eda de Seguridad P\u00fablica de Hidalgo, Polic\u00eda Municipal y Cruz Roja\nMexicana.<\/p>\n\n\n\n<p>Unidad HG-123 de Cruz Roja traslada a persona de g\u00e9nero\nfemenino a cl\u00ednica en Pachuca, con lesiones.<\/p>\n\n\n\n<p>En el lugar qued\u00f3 sin vida una persona del g\u00e9nero masculino,\nprensada de las extremidades inferiores, por lo que ser\u00e1 liberada por personal\ndel H. Cuerpo de Bomberos de Hidalgo.<\/p>\n\n\n\n<p>El sitio qued\u00f3 resguardado en espera de personal de la\nProcuradur\u00eda General de Justicia de Hidalgo para llevar a cabo las diligencias\ncorrespondientes.<\/p>\n","protected":false},"excerpt":{"rendered":"<p>Tr\u00e1gico accidente en Ram\u00f3n G. Bonfil PACHUCA, Hgo.- Al C5i de Hidalgo, a trav\u00e9s del 911 de Emergencias, aproximadamente a las 9:40 horas de hoy, se reporta hecho de tr\u00e1nsito, con al parecer personas lesionadas. Bulevar Ram\u00f3n G. Bonfil, colonia San Pedro Nopancalco, a la altura de la preparatoria \u201cZoebisch\u201d. Al punto acude personal del<\/p>\n","protected":false},"author":2,"featured_media":33682,"comment_status":"open","ping_status":"closed","sticky":false,"template":"","format":"standard","meta":{"footnotes":""},"categories":[10],"tags":[],"class_list":{"0":"post-33681","1":"post","2":"type-post","3":"status-publish","4":"format-standard","5":"has-post-thumbnail","7":"category-hidalgo"},"_links":{"self":[{"href":"https:\/\/elreporterohgo.com\/noticias\/wp-json\/wp\/v2\/posts\/33681","targetHints":{"allow":["GET"]}}],"collection":[{"href":"https:\/\/elreporterohgo.com\/noticias\/wp-json\/wp\/v2\/posts"}],"about":[{"href":"https:\/\/elreporterohgo.com\/noticias\/wp-json\/wp\/v2\/types\/post"}],"author":[{"embeddable":true,"href":"https:\/\/elreporterohgo.com\/noticias\/wp-json\/wp\/v2\/users\/2"}],"replies":[{"embeddable":true,"href":"https:\/\/elreporterohgo.com\/noticias\/wp-json\/wp\/v2\/comments?post=33681"}],"version-history":[{"count":1,"href":"https:\/\/elreporterohgo.com\/noticias\/wp-json\/wp\/v2\/posts\/33681\/revisions"}],"predecessor-version":[{"id":33685,"href":"https:\/\/elreporterohgo.com\/noticias\/wp-json\/wp\/v2\/posts\/33681\/revisions\/33685"}],"wp:featuredmedia":[{"embeddable":true,"href":"https:\/\/elreporterohgo.com\/noticias\/wp-json\/wp\/v2\/media\/33682"}],"wp:attachment":[{"href":"https:\/\/elreporterohgo.com\/noticias\/wp-json\/wp\/v2\/media?parent=33681"}],"wp:term":[{"taxonomy":"category","embeddable":true,"href":"https:\/\/elreporterohgo.com\/noticias\/wp-json\/wp\/v2\/categories?post=33681"},{"taxonomy":"post_tag","embeddable":true,"href":"https:\/\/elreporterohgo.com\/noticias\/wp-json\/wp\/v2\/tags?post=33681"}],"curies":[{"name":"wp","href":"https:\/\/api.w.org\/{rel}","templated":true}]}}