{"id":31033,"date":"2020-02-24T20:05:09","date_gmt":"2020-02-25T02:05:09","guid":{"rendered":"https:\/\/elreporterohgo.com\/noticias\/?p=31033"},"modified":"2020-02-24T20:05:11","modified_gmt":"2020-02-25T02:05:11","slug":"es-hora-de-poner-manos-a-la-obra-por-la-proteccion-de-los-derechos-de-las-y-los-trabajadores","status":"publish","type":"post","link":"https:\/\/elreporterohgo.com\/noticias\/2020\/02\/24\/es-hora-de-poner-manos-a-la-obra-por-la-proteccion-de-los-derechos-de-las-y-los-trabajadores\/","title":{"rendered":"Es hora de poner manos a la obra por la protecci\u00f3n de los derechos de las y los trabajadores"},"content":{"rendered":"\n<ul class=\"wp-block-list\"><li><strong>El\ndirector general del IMSS destac\u00f3 que tras la participaci\u00f3n de diversas\ninstancias en los Parlamentos Abiertos en Materia de Subcontrataci\u00f3n, se debe\ntrabajar en una misma causa.<\/strong><\/li><li><strong>Desde\nel Seguro Social celebramos que las opiniones y planteamientos tengan la\nposibilidad de ser incorporados a los textos normativos, subray\u00f3<em>.<\/em><\/strong><\/li><\/ul>\n\n\n\n<figure class=\"wp-block-image\"><img fetchpriority=\"high\" decoding=\"async\" width=\"1024\" height=\"540\" src=\"https::\/\/elreporterohgo.com\/noticias\/wp-content\/uploads\/2020\/02\/trabajadores-1024x540.jpg\" alt=\"\" class=\"wp-image-31034\" srcset=\"https:\/\/elreporterohgo.com\/noticias\/wp-content\/uploads\/2020\/02\/trabajadores-1024x540.jpg 1024w, https:\/\/elreporterohgo.com\/noticias\/wp-content\/uploads\/2020\/02\/trabajadores-300x158.jpg 300w, https:\/\/elreporterohgo.com\/noticias\/wp-content\/uploads\/2020\/02\/trabajadores-768x405.jpg 768w, https:\/\/elreporterohgo.com\/noticias\/wp-content\/uploads\/2020\/02\/trabajadores.jpg 1100w\" sizes=\"(max-width: 1024px) 100vw, 1024px\" \/><figcaption>RIVIERA MAYA, QUINTANA ROO, 05NOVIEMBRE2019.- Cientos de trabajadores principalmente de Chiapas, Tabasco, Veracruz  y Yucat\u00e1n esperan sobre la carretera su autob\u00fas para llevarlos a las diferentes obras en este destino tur\u00edstico principalmente a Canc\u00fan y Playa del Carmen.\nFOTO: ELIZABETH RUIZ \/CUARTOSCURO.COM<\/figcaption><\/figure>\n\n\n\n<p>El director general del Instituto Mexicano\ndel Seguro Social (IMSS), Zo\u00e9 Robledo afirm\u00f3 que tras la participaci\u00f3n del\nGobierno, legisladores y sector empresarial en los Parlamentos Abiertos en\nMateria de Subcontrataci\u00f3n, es hora de poner manos a la obra y trabajar en la\nprotecci\u00f3n de los derechos de las y los trabajadores de M\u00e9xico contra la\nsubcontrataci\u00f3n abusiva.<\/p>\n\n\n\n<p>Durante la Primera Mesa de Trabajo en\nMateria de Subcontrataci\u00f3n, que se efectu\u00f3 en el Sal\u00f3n de Protocolo de la Junta\nde Coordinaci\u00f3n Pol\u00edtica del Senado de la Rep\u00fablica, el titular del IMSS celebr\u00f3\nque, a diferencia del pasado, las opiniones y planteamientos de los distintos\nactores involucrados en el combate al <em>Outsourcing<\/em>\nilegal hoy tengan la posibilidad de ser incorporados a los textos normativos.<\/p>\n\n\n\n<p>Record\u00f3 que el d\u00eda que recibi\u00f3 la invitaci\u00f3n\na participar en el Parlamento Abierto, para el Seguro Social fue la oportunidad\nde dar una opini\u00f3n y decir cu\u00e1les son las afectaciones institucionales, a la\ncompetitividad econ\u00f3mica y a las propias empresas.<\/p>\n\n\n\n<p>Zo\u00e9 Robledo afirm\u00f3 que lo m\u00e1s importante y\nque no debe olvidarse es que este tipo de esquemas ilegales impactan a las y\nlos trabajadores, pues se abarata el costo de la mano de obra, disminuyen sus\ningresos y prestaciones, y hay menor estabilidad en el empleo.<\/p>\n\n\n\n<p>\u201cEstoy seguro y espero que siempre sea la\nraz\u00f3n por la que estos espacios son tan concurridos y generan tanta atenci\u00f3n,\nporque estamos todos preocupados, nosotros desde nuestra trinchera\ninstitucional, ustedes como patrones, y desde luego, los representantes\npopulares\u201d, enfatiz\u00f3.<\/p>\n\n\n\n<p>Destac\u00f3 que los Parlamentos Abiertos que se\nefectuaron en el Senado y en la C\u00e1mara de Diputados, as\u00ed como esta primera mesa\nrepresentan una gran oportunidad para que se puedan incorporar opiniones que\nparec\u00edan encontradas, que las voces sean escuchadas y tengan una consecuencia y\nuna proyecci\u00f3n.<\/p>\n\n\n\n<p>Estuvieron presentes en la Primera Mesa de\nTrabajo en Materia de Subcontrataci\u00f3n, el coordinador de Morena en el Senado, Ricardo Monreal \u00c1vila; la\nSecretaria del Trabajo y Previsi\u00f3n Social, Luisa Mar\u00eda Alcalde Luj\u00e1n; el\ntitular de la Unidad de Inteligencia Financiera, Santiago Nieto Castillo; el\ndirector general del Infonavit, Carlos Mart\u00ednez Vel\u00e1zquez; el presidente del\nConsejo Mexicano de Negocios, Antonio del Valle; el presidente de CONCAMIN,\nFrancisco Cervantes D\u00edaz, y legisladores de todos los grupos parlamentarios,\nentre otros.<\/p>\n","protected":false},"excerpt":{"rendered":"<p>El director general del IMSS destac\u00f3 que tras la participaci\u00f3n de diversas instancias en los Parlamentos Abiertos en Materia de Subcontrataci\u00f3n, se debe trabajar en una misma causa. Desde el Seguro Social celebramos que las opiniones y planteamientos tengan la posibilidad de ser incorporados a los textos normativos, subray\u00f3. El director general del Instituto Mexicano<\/p>\n","protected":false},"author":2,"featured_media":31034,"comment_status":"open","ping_status":"closed","sticky":false,"template":"","format":"standard","meta":{"footnotes":""},"categories":[10],"tags":[],"class_list":{"0":"post-31033","1":"post","2":"type-post","3":"status-publish","4":"format-standard","5":"has-post-thumbnail","7":"category-hidalgo"},"_links":{"self":[{"href":"https:\/\/elreporterohgo.com\/noticias\/wp-json\/wp\/v2\/posts\/31033","targetHints":{"allow":["GET"]}}],"collection":[{"href":"https:\/\/elreporterohgo.com\/noticias\/wp-json\/wp\/v2\/posts"}],"about":[{"href":"https:\/\/elreporterohgo.com\/noticias\/wp-json\/wp\/v2\/types\/post"}],"author":[{"embeddable":true,"href":"https:\/\/elreporterohgo.com\/noticias\/wp-json\/wp\/v2\/users\/2"}],"replies":[{"embeddable":true,"href":"https:\/\/elreporterohgo.com\/noticias\/wp-json\/wp\/v2\/comments?post=31033"}],"version-history":[{"count":1,"href":"https:\/\/elreporterohgo.com\/noticias\/wp-json\/wp\/v2\/posts\/31033\/revisions"}],"predecessor-version":[{"id":31035,"href":"https:\/\/elreporterohgo.com\/noticias\/wp-json\/wp\/v2\/posts\/31033\/revisions\/31035"}],"wp:featuredmedia":[{"embeddable":true,"href":"https:\/\/elreporterohgo.com\/noticias\/wp-json\/wp\/v2\/media\/31034"}],"wp:attachment":[{"href":"https:\/\/elreporterohgo.com\/noticias\/wp-json\/wp\/v2\/media?parent=31033"}],"wp:term":[{"taxonomy":"category","embeddable":true,"href":"https:\/\/elreporterohgo.com\/noticias\/wp-json\/wp\/v2\/categories?post=31033"},{"taxonomy":"post_tag","embeddable":true,"href":"https:\/\/elreporterohgo.com\/noticias\/wp-json\/wp\/v2\/tags?post=31033"}],"curies":[{"name":"wp","href":"https:\/\/api.w.org\/{rel}","templated":true}]}}