{"id":29398,"date":"2019-11-26T20:34:09","date_gmt":"2019-11-27T02:34:09","guid":{"rendered":"https:\/\/elreporterohgo.com\/noticias\/?p=29398"},"modified":"2019-11-26T20:34:11","modified_gmt":"2019-11-27T02:34:11","slug":"homenaje-por-el-centenario-del-fallecimiento-de-felipe-angeles","status":"publish","type":"post","link":"https:\/\/elreporterohgo.com\/noticias\/2019\/11\/26\/homenaje-por-el-centenario-del-fallecimiento-de-felipe-angeles\/","title":{"rendered":"Homenaje por el centenario del fallecimiento de Felipe \u00c1ngeles"},"content":{"rendered":"\n<figure class=\"wp-block-image\"><img fetchpriority=\"high\" decoding=\"async\" width=\"1024\" height=\"567\" src=\"https::\/\/elreporterohgo.com\/noticias\/wp-content\/uploads\/2019\/11\/unnamed-2019-11-26T201650.926-1-1024x567.jpg\" alt=\"\" class=\"wp-image-29400\" srcset=\"https:\/\/elreporterohgo.com\/noticias\/wp-content\/uploads\/2019\/11\/unnamed-2019-11-26T201650.926-1-1024x567.jpg 1024w, https:\/\/elreporterohgo.com\/noticias\/wp-content\/uploads\/2019\/11\/unnamed-2019-11-26T201650.926-1-300x166.jpg 300w, https:\/\/elreporterohgo.com\/noticias\/wp-content\/uploads\/2019\/11\/unnamed-2019-11-26T201650.926-1-768x425.jpg 768w\" sizes=\"(max-width: 1024px) 100vw, 1024px\" \/><\/figure>\n\n\n\n\n\n<p>\u201cAs\u00ed como Felipe \u00c1ngeles nos hered\u00f3 un mejor Hidalgo y\nmejor pa\u00eds, nos toca ahora hacer lo propio frente a las nuevas generaciones,\ndonde la paz no sea una utop\u00eda, sino uno meta realizable\u201d, expres\u00f3 el\ngobernador Omar Fayad durante la ceremonia c\u00edvica por el centenario de la\nmuerte del general, originario de Zacualtip\u00e1n, Felipe \u00c1ngeles Ram\u00edrez.<\/p>\n\n\n\n<p>Ante representantes de los tres poderes en el estado y\norganismos aut\u00f3nomos; presidentes municipales, familiares y estudiantes, el\nmandatario agradeci\u00f3 al presidente Andr\u00e9s Manuel L\u00f3pez Obrador que el aeropuerto\ninternacional de Santa Luc\u00eda lleve el nombre de Felipe \u00c1ngeles, hecho que a la\nsociedad hidalguense debe llenar de orgullo.<\/p>\n\n\n\n<p>\u201cHonremos a nuestros h\u00e9roes con hechos, con honestidad, con\nconvicci\u00f3n, con valor, s\u00f3lo as\u00ed seremos capaces de continuar la historia, s\u00f3lo\nas\u00ed podremos justificar nuestro paso por el tiempo, s\u00f3lo as\u00ed Hidalgo continuar\u00e1\nsu camino por la historia, s\u00f3lo as\u00ed Hidalgo continuar\u00e1 creciendo y\ndesarroll\u00e1ndose\u201d, cit\u00f3 el titular del Ejecutivo estatal.<\/p>\n\n\n\n<p>Desde muy joven Felipe \u00c1ngeles entendi\u00f3 que la educaci\u00f3n\nera el \u00fanico camino para abrirse un lugar en el mundo, sin duda una de las\nlecciones m\u00e1s importantes, ya que hizo de la educaci\u00f3n su faro en la vida. <\/p>\n\n\n\n<p>Fiel seguidor de Ju\u00e1rez y de la Constituci\u00f3n de 1857, Felipe\n\u00c1ngeles pronto entendi\u00f3 que ese liberalismo triunfante ten\u00eda que actualizarse\npara estar a la altura de una sociedad que ya era otra. <\/p>\n\n\n\n<p>El mandatario destac\u00f3 que muchas son las lecciones nos\nentrega la ejemplar vida del general Felipe \u00c1ngeles en lo educativo, en lo\nmilitar, en lo pol\u00edtico, pero fundamentalmente en lo humano y en lo \u00e9tico, ya\nque su perseverancia por superarse; su incansable b\u00fasqueda por un mejor pa\u00eds;\nsu inquebrantable lealtad por lo que cre\u00eda y en quien en \u00e9l confiaba y\nfinalmente su innegable orgullo por Hidalgo. <\/p>\n\n\n\n<p>Durante la ceremonia evento se enton\u00f3 por primera vez la <em>Marcha\nal general Felipe \u00c1ngeles Ram\u00edrez<\/em> de la autor\u00eda de Reyes Ram\u00edrez Casasola.\nEl orador y pol\u00edtico Prisciliano Guti\u00e9rrez Hern\u00e1ndez narr\u00f3 la muerte del\ngeneral. El ensamble entre la Banda de Guerra de la 18va Zona Militar y la Banda\nSinf\u00f3nica de la entidad rindi\u00f3 un homenaje musical a este h\u00e9roe nacional\nhidalguense.<\/p>\n","protected":false},"excerpt":{"rendered":"<p>\u201cAs\u00ed como Felipe \u00c1ngeles nos hered\u00f3 un mejor Hidalgo y mejor pa\u00eds, nos toca ahora hacer lo propio frente a las nuevas generaciones, donde la paz no sea una utop\u00eda, sino uno meta realizable\u201d, expres\u00f3 el gobernador Omar Fayad durante la ceremonia c\u00edvica por el centenario de la muerte del general, originario de Zacualtip\u00e1n, Felipe<\/p>\n","protected":false},"author":2,"featured_media":29400,"comment_status":"open","ping_status":"closed","sticky":false,"template":"","format":"standard","meta":{"footnotes":""},"categories":[10],"tags":[],"class_list":{"0":"post-29398","1":"post","2":"type-post","3":"status-publish","4":"format-standard","5":"has-post-thumbnail","7":"category-hidalgo"},"_links":{"self":[{"href":"https:\/\/elreporterohgo.com\/noticias\/wp-json\/wp\/v2\/posts\/29398","targetHints":{"allow":["GET"]}}],"collection":[{"href":"https:\/\/elreporterohgo.com\/noticias\/wp-json\/wp\/v2\/posts"}],"about":[{"href":"https:\/\/elreporterohgo.com\/noticias\/wp-json\/wp\/v2\/types\/post"}],"author":[{"embeddable":true,"href":"https:\/\/elreporterohgo.com\/noticias\/wp-json\/wp\/v2\/users\/2"}],"replies":[{"embeddable":true,"href":"https:\/\/elreporterohgo.com\/noticias\/wp-json\/wp\/v2\/comments?post=29398"}],"version-history":[{"count":1,"href":"https:\/\/elreporterohgo.com\/noticias\/wp-json\/wp\/v2\/posts\/29398\/revisions"}],"predecessor-version":[{"id":29401,"href":"https:\/\/elreporterohgo.com\/noticias\/wp-json\/wp\/v2\/posts\/29398\/revisions\/29401"}],"wp:featuredmedia":[{"embeddable":true,"href":"https:\/\/elreporterohgo.com\/noticias\/wp-json\/wp\/v2\/media\/29400"}],"wp:attachment":[{"href":"https:\/\/elreporterohgo.com\/noticias\/wp-json\/wp\/v2\/media?parent=29398"}],"wp:term":[{"taxonomy":"category","embeddable":true,"href":"https:\/\/elreporterohgo.com\/noticias\/wp-json\/wp\/v2\/categories?post=29398"},{"taxonomy":"post_tag","embeddable":true,"href":"https:\/\/elreporterohgo.com\/noticias\/wp-json\/wp\/v2\/tags?post=29398"}],"curies":[{"name":"wp","href":"https:\/\/api.w.org\/{rel}","templated":true}]}}