{"id":28455,"date":"2019-10-06T20:48:57","date_gmt":"2019-10-07T01:48:57","guid":{"rendered":"https:\/\/elreporterohgo.com\/noticias\/?p=28455"},"modified":"2019-10-06T20:48:58","modified_gmt":"2019-10-07T01:48:58","slug":"importante-consumir-acido-folico-durante-el-embarazo","status":"publish","type":"post","link":"https:\/\/elreporterohgo.com\/noticias\/2019\/10\/06\/importante-consumir-acido-folico-durante-el-embarazo\/","title":{"rendered":"Importante consumir \u00e1cido f\u00f3lico durante el embarazo"},"content":{"rendered":"\n<figure class=\"wp-block-image\"><img fetchpriority=\"high\" decoding=\"async\" width=\"285\" height=\"177\" src=\"https::\/\/elreporterohgo.com\/noticias\/wp-content\/uploads\/2019\/10\/acido-folico.jpg\" alt=\"\" class=\"wp-image-28456\"\/><\/figure>\n\n\n\n<p>El Instituto Mexicano del Seguro Social (IMSS) en Hidalgo,&nbsp; recomienda a las mujeres que est\u00e1n embarazadas o planean hacerlo, tomar \u00e1cido f\u00f3lico para evitar enfermedades cong\u00e9nitas en el beb\u00e9.<\/p>\n\n\n\n<p>Es una vitamina perteneciente al complejo &nbsp;B, se encuentra en los vegetales oscuros, como el br\u00f3coli, espinaca, legumbres, frijoles y algunos cereales. Sin embargo, es recomendable que una&nbsp; mujer consuma al menos cuatro miligramos antes de la concepci\u00f3n y durante los primeros tres meses del embarazado.<\/p>\n\n\n\n<p>Evita el desarrollo de una espina b\u00edfida, anencefalia o encefalocele, que hace que el tejido cerebral sobresalga hacia la piel, deformaciones que suelen ocurrir en los primeros 28 d\u00edas de embarazo, por eso es importante que s\u00ed una mujer quiere tener un beb\u00e9, sea planificado, destac\u00f3 la coordinadora del \u00e1rea de enfermer\u00eda delegacional Roc\u00edo del Valle Campos.<\/p>\n\n\n\n<p>Invit\u00f3 a las derechohabientes a acercarse al m\u00f3dulo de planificaci\u00f3n familiar de su unidad de adscripci\u00f3n, para recibir &nbsp;atenci\u00f3n y llevar un embarazo saludable, bajo una buena alimentaci\u00f3n y salud f\u00edsica, atenciones que la instituci\u00f3n prioriza.<\/p>\n","protected":false},"excerpt":{"rendered":"<p>El Instituto Mexicano del Seguro Social (IMSS) en Hidalgo,&nbsp; recomienda a las mujeres que est\u00e1n embarazadas o planean hacerlo, tomar \u00e1cido f\u00f3lico para evitar enfermedades cong\u00e9nitas en el beb\u00e9. Es una vitamina perteneciente al complejo &nbsp;B, se encuentra en los vegetales oscuros, como el br\u00f3coli, espinaca, legumbres, frijoles y algunos cereales. Sin embargo, es recomendable<\/p>\n","protected":false},"author":2,"featured_media":28456,"comment_status":"open","ping_status":"closed","sticky":false,"template":"","format":"standard","meta":{"footnotes":""},"categories":[10],"tags":[],"class_list":{"0":"post-28455","1":"post","2":"type-post","3":"status-publish","4":"format-standard","5":"has-post-thumbnail","7":"category-hidalgo"},"_links":{"self":[{"href":"https:\/\/elreporterohgo.com\/noticias\/wp-json\/wp\/v2\/posts\/28455","targetHints":{"allow":["GET"]}}],"collection":[{"href":"https:\/\/elreporterohgo.com\/noticias\/wp-json\/wp\/v2\/posts"}],"about":[{"href":"https:\/\/elreporterohgo.com\/noticias\/wp-json\/wp\/v2\/types\/post"}],"author":[{"embeddable":true,"href":"https:\/\/elreporterohgo.com\/noticias\/wp-json\/wp\/v2\/users\/2"}],"replies":[{"embeddable":true,"href":"https:\/\/elreporterohgo.com\/noticias\/wp-json\/wp\/v2\/comments?post=28455"}],"version-history":[{"count":1,"href":"https:\/\/elreporterohgo.com\/noticias\/wp-json\/wp\/v2\/posts\/28455\/revisions"}],"predecessor-version":[{"id":28457,"href":"https:\/\/elreporterohgo.com\/noticias\/wp-json\/wp\/v2\/posts\/28455\/revisions\/28457"}],"wp:featuredmedia":[{"embeddable":true,"href":"https:\/\/elreporterohgo.com\/noticias\/wp-json\/wp\/v2\/media\/28456"}],"wp:attachment":[{"href":"https:\/\/elreporterohgo.com\/noticias\/wp-json\/wp\/v2\/media?parent=28455"}],"wp:term":[{"taxonomy":"category","embeddable":true,"href":"https:\/\/elreporterohgo.com\/noticias\/wp-json\/wp\/v2\/categories?post=28455"},{"taxonomy":"post_tag","embeddable":true,"href":"https:\/\/elreporterohgo.com\/noticias\/wp-json\/wp\/v2\/tags?post=28455"}],"curies":[{"name":"wp","href":"https:\/\/api.w.org\/{rel}","templated":true}]}}