{"id":27825,"date":"2019-09-12T12:39:48","date_gmt":"2019-09-12T17:39:48","guid":{"rendered":"https:\/\/elreporterohgo.com\/noticias\/?p=27825"},"modified":"2019-09-12T12:39:50","modified_gmt":"2019-09-12T17:39:50","slug":"tres-muertos-y-siete-heridos-en-choque","status":"publish","type":"post","link":"https:\/\/elreporterohgo.com\/noticias\/2019\/09\/12\/tres-muertos-y-siete-heridos-en-choque\/","title":{"rendered":"Tres muertos y siete heridos en choque"},"content":{"rendered":"\n<figure class=\"wp-block-image\"><img fetchpriority=\"high\" decoding=\"async\" width=\"768\" height=\"1024\" src=\"https::\/\/elreporterohgo.com\/noticias\/wp-content\/uploads\/2019\/09\/IMG-20190912-WA00101-768x1024.jpg\" alt=\"\" class=\"wp-image-27826\" srcset=\"https:\/\/elreporterohgo.com\/noticias\/wp-content\/uploads\/2019\/09\/IMG-20190912-WA00101-768x1024.jpg 768w, https:\/\/elreporterohgo.com\/noticias\/wp-content\/uploads\/2019\/09\/IMG-20190912-WA00101-225x300.jpg 225w, https:\/\/elreporterohgo.com\/noticias\/wp-content\/uploads\/2019\/09\/IMG-20190912-WA00101.jpg 960w\" sizes=\"(max-width: 768px) 100vw, 768px\" \/><\/figure>\n\n\n\n<figure class=\"wp-block-image\"><img decoding=\"async\" width=\"768\" height=\"1024\" src=\"https::\/\/elreporterohgo.com\/noticias\/wp-content\/uploads\/2019\/09\/IMG-20190912-WA00141-768x1024.jpg\" alt=\"\" class=\"wp-image-27827\" srcset=\"https:\/\/elreporterohgo.com\/noticias\/wp-content\/uploads\/2019\/09\/IMG-20190912-WA00141-768x1024.jpg 768w, https:\/\/elreporterohgo.com\/noticias\/wp-content\/uploads\/2019\/09\/IMG-20190912-WA00141-225x300.jpg 225w, https:\/\/elreporterohgo.com\/noticias\/wp-content\/uploads\/2019\/09\/IMG-20190912-WA00141.jpg 960w\" sizes=\"(max-width: 768px) 100vw, 768px\" \/><\/figure>\n\n\n\n<figure class=\"wp-block-image\"><img decoding=\"async\" width=\"768\" height=\"1024\" src=\"https::\/\/elreporterohgo.com\/noticias\/wp-content\/uploads\/2019\/09\/IMG-20190912-WA00071-768x1024.jpg\" alt=\"\" class=\"wp-image-27828\" srcset=\"https:\/\/elreporterohgo.com\/noticias\/wp-content\/uploads\/2019\/09\/IMG-20190912-WA00071-768x1024.jpg 768w, https:\/\/elreporterohgo.com\/noticias\/wp-content\/uploads\/2019\/09\/IMG-20190912-WA00071-225x300.jpg 225w, https:\/\/elreporterohgo.com\/noticias\/wp-content\/uploads\/2019\/09\/IMG-20190912-WA00071.jpg 960w\" sizes=\"(max-width: 768px) 100vw, 768px\" \/><\/figure>\n\n\n\n<figure class=\"wp-block-image\"><img loading=\"lazy\" decoding=\"async\" width=\"768\" height=\"1024\" src=\"https::\/\/elreporterohgo.com\/noticias\/wp-content\/uploads\/2019\/09\/IMG-20190912-WA00131-768x1024.jpg\" alt=\"\" class=\"wp-image-27829\" srcset=\"https:\/\/elreporterohgo.com\/noticias\/wp-content\/uploads\/2019\/09\/IMG-20190912-WA00131-768x1024.jpg 768w, https:\/\/elreporterohgo.com\/noticias\/wp-content\/uploads\/2019\/09\/IMG-20190912-WA00131-225x300.jpg 225w, https:\/\/elreporterohgo.com\/noticias\/wp-content\/uploads\/2019\/09\/IMG-20190912-WA00131.jpg 960w\" sizes=\"(max-width: 768px) 100vw, 768px\" \/><\/figure>\n\n\n\n<p>Contin\u00faan las labores de rescate<\/p>\n\n\n\n<p>Por Juan Sabino Cruz<\/p>\n\n\n\n<p>ALFAJAYUCAN, Hgo. \u2013 Tres muertos y por lo menos siete heridos fue el\nsaldo que dej\u00f3 brutal choque entre fr\u00e1gil camioneta de DIF y pesado cami\u00f3n.<\/p>\n\n\n\n<p>Escasamente 20 minutos antes de la ma\u00f1ana de hoy, al C5i de Hidalgo, a\ntrav\u00e9s del 911 de Emergencias, se reporta un accidente entre un cami\u00f3n y una\ncamioneta del DIF de Alfajayucan.<\/p>\n\n\n\n<p>Los hechos ocurrieron en la carretera Alfajayucan-Huichapan, a la altura\nde la localidad de La Vega.<\/p>\n\n\n\n<p>Param\u00e9dicos de la Cruz Roja de Ixmiquilpan acuden al lugar y reportan un\nsaldo de tres personas fallecidas y siete heridos, de estas \u00faltimas dos fueron\ntrasladados a una cl\u00ednica de Ixmiquilpan.<\/p>\n\n\n\n<p>La lista de lesionados es la siguiente: S.G.H., de al parecer 44 a\u00f1os, N.C.M.,\nde al parecer 48 a\u00f1os; G.M.M., de al parecer 22 a\u00f1os; A.C.A., de al parecer 14\na\u00f1os; E.G.G., de al parecer 20 a\u00f1os; A.H., de al parecer 40 a\u00f1os y E.E., de al\nparecer 49 a\u00f1os.<\/p>\n\n\n\n<p>Los fallecidos son O.R.M., de al parecer 48 a\u00f1os. (Conductor), J.L.G.,\nde aproximadamente 10 a\u00f1os y una mujer.<\/p>\n\n\n\n<p>Veh\u00edculo: Nissan Urvan, modelo 2016, placas de Hidalgo se dirig\u00eda a\nIxmiquilpan, contin\u00faan con labores de rescate.<\/p>\n","protected":false},"excerpt":{"rendered":"<p>Contin\u00faan las labores de rescate Por Juan Sabino Cruz ALFAJAYUCAN, Hgo. \u2013 Tres muertos y por lo menos siete heridos fue el saldo que dej\u00f3 brutal choque entre fr\u00e1gil camioneta de DIF y pesado cami\u00f3n. Escasamente 20 minutos antes de la ma\u00f1ana de hoy, al C5i de Hidalgo, a trav\u00e9s del 911 de Emergencias, se<\/p>\n","protected":false},"author":2,"featured_media":27828,"comment_status":"open","ping_status":"closed","sticky":false,"template":"","format":"standard","meta":{"footnotes":""},"categories":[10],"tags":[],"class_list":{"0":"post-27825","1":"post","2":"type-post","3":"status-publish","4":"format-standard","5":"has-post-thumbnail","7":"category-hidalgo"},"_links":{"self":[{"href":"https:\/\/elreporterohgo.com\/noticias\/wp-json\/wp\/v2\/posts\/27825","targetHints":{"allow":["GET"]}}],"collection":[{"href":"https:\/\/elreporterohgo.com\/noticias\/wp-json\/wp\/v2\/posts"}],"about":[{"href":"https:\/\/elreporterohgo.com\/noticias\/wp-json\/wp\/v2\/types\/post"}],"author":[{"embeddable":true,"href":"https:\/\/elreporterohgo.com\/noticias\/wp-json\/wp\/v2\/users\/2"}],"replies":[{"embeddable":true,"href":"https:\/\/elreporterohgo.com\/noticias\/wp-json\/wp\/v2\/comments?post=27825"}],"version-history":[{"count":1,"href":"https:\/\/elreporterohgo.com\/noticias\/wp-json\/wp\/v2\/posts\/27825\/revisions"}],"predecessor-version":[{"id":27830,"href":"https:\/\/elreporterohgo.com\/noticias\/wp-json\/wp\/v2\/posts\/27825\/revisions\/27830"}],"wp:featuredmedia":[{"embeddable":true,"href":"https:\/\/elreporterohgo.com\/noticias\/wp-json\/wp\/v2\/media\/27828"}],"wp:attachment":[{"href":"https:\/\/elreporterohgo.com\/noticias\/wp-json\/wp\/v2\/media?parent=27825"}],"wp:term":[{"taxonomy":"category","embeddable":true,"href":"https:\/\/elreporterohgo.com\/noticias\/wp-json\/wp\/v2\/categories?post=27825"},{"taxonomy":"post_tag","embeddable":true,"href":"https:\/\/elreporterohgo.com\/noticias\/wp-json\/wp\/v2\/tags?post=27825"}],"curies":[{"name":"wp","href":"https:\/\/api.w.org\/{rel}","templated":true}]}}