{"id":27345,"date":"2019-08-11T12:31:18","date_gmt":"2019-08-11T17:31:18","guid":{"rendered":"https:\/\/elreporterohgo.com\/noticias\/?p=27345"},"modified":"2019-08-11T12:31:20","modified_gmt":"2019-08-11T17:31:20","slug":"en-apan-localizan-a-mujer-argentina-que-buscaba-la-interpol","status":"publish","type":"post","link":"https:\/\/elreporterohgo.com\/noticias\/2019\/08\/11\/en-apan-localizan-a-mujer-argentina-que-buscaba-la-interpol\/","title":{"rendered":"En Apan localizan a mujer argentina que buscaba la Interpol"},"content":{"rendered":"\n<figure class=\"wp-block-image\"><img fetchpriority=\"high\" decoding=\"async\" width=\"859\" height=\"688\" src=\"https::\/\/elreporterohgo.com\/noticias\/wp-content\/uploads\/2019\/08\/IMG-20190811-WA0007.jpg\" alt=\"\" class=\"wp-image-27346\" srcset=\"https:\/\/elreporterohgo.com\/noticias\/wp-content\/uploads\/2019\/08\/IMG-20190811-WA0007.jpg 859w, https:\/\/elreporterohgo.com\/noticias\/wp-content\/uploads\/2019\/08\/IMG-20190811-WA0007-300x240.jpg 300w, https:\/\/elreporterohgo.com\/noticias\/wp-content\/uploads\/2019\/08\/IMG-20190811-WA0007-768x615.jpg 768w\" sizes=\"(max-width: 859px) 100vw, 859px\" \/><\/figure>\n\n\n\n<p>Por su voluntad estaba en la localidad de La Laguna<\/p>\n\n\n\n<p>APAN, Hgo. &#8211; Elementos de la Secretar\u00eda de Seguridad P\u00fablica de Hidalgo,\nen coordinaci\u00f3n con efectivos de la Fiscal\u00eda General de la Rep\u00fablica e\nInterpol, llevaron a cabo la b\u00fasqueda y localizaci\u00f3n de una ciudadana\nargentina.<\/p>\n\n\n\n<p>Previamente, familiares solicitaron el apoyo de autoridades\ninternacionales para conocer del paradero de la mujer, que desde el pasado 24\nde julio presuntamente hab\u00eda desaparecido.<\/p>\n\n\n\n<p>Mediante oficio de colaboraci\u00f3n, personal de la Agencia de Seguridad\nEstatal llev\u00f3 a cabo la ubicaci\u00f3n, en apoyo de la Interpol en Argentina, de la\njoven de 20 a\u00f1os.<\/p>\n\n\n\n<p>La persona fue detectada en la comunidad de La Laguna, en el municipio\nde Apan, donde se encontraba por voluntad propia, sin ser v\u00edctima de alg\u00fan\ndelito, quedando enterados de la situaci\u00f3n sus familiares en el pa\u00eds\nsudamericano, que, en consecuencia, cancelaron la ficha de alerta. &nbsp;<\/p>\n\n\n\n<p>La Secretar\u00eda de Seguridad P\u00fablica de Hidalgo reitera el llamado a la\nciudadan\u00eda para contribuir con estas acciones, realizando reportes mediante el\n911 de Emergencias y 089 para Denuncia An\u00f3nima.<\/p>\n","protected":false},"excerpt":{"rendered":"<p>Por su voluntad estaba en la localidad de La Laguna APAN, Hgo. &#8211; Elementos de la Secretar\u00eda de Seguridad P\u00fablica de Hidalgo, en coordinaci\u00f3n con efectivos de la Fiscal\u00eda General de la Rep\u00fablica e Interpol, llevaron a cabo la b\u00fasqueda y localizaci\u00f3n de una ciudadana argentina. Previamente, familiares solicitaron el apoyo de autoridades internacionales para<\/p>\n","protected":false},"author":2,"featured_media":27346,"comment_status":"open","ping_status":"closed","sticky":false,"template":"","format":"standard","meta":{"footnotes":""},"categories":[10],"tags":[],"class_list":{"0":"post-27345","1":"post","2":"type-post","3":"status-publish","4":"format-standard","5":"has-post-thumbnail","7":"category-hidalgo"},"_links":{"self":[{"href":"https:\/\/elreporterohgo.com\/noticias\/wp-json\/wp\/v2\/posts\/27345","targetHints":{"allow":["GET"]}}],"collection":[{"href":"https:\/\/elreporterohgo.com\/noticias\/wp-json\/wp\/v2\/posts"}],"about":[{"href":"https:\/\/elreporterohgo.com\/noticias\/wp-json\/wp\/v2\/types\/post"}],"author":[{"embeddable":true,"href":"https:\/\/elreporterohgo.com\/noticias\/wp-json\/wp\/v2\/users\/2"}],"replies":[{"embeddable":true,"href":"https:\/\/elreporterohgo.com\/noticias\/wp-json\/wp\/v2\/comments?post=27345"}],"version-history":[{"count":1,"href":"https:\/\/elreporterohgo.com\/noticias\/wp-json\/wp\/v2\/posts\/27345\/revisions"}],"predecessor-version":[{"id":27347,"href":"https:\/\/elreporterohgo.com\/noticias\/wp-json\/wp\/v2\/posts\/27345\/revisions\/27347"}],"wp:featuredmedia":[{"embeddable":true,"href":"https:\/\/elreporterohgo.com\/noticias\/wp-json\/wp\/v2\/media\/27346"}],"wp:attachment":[{"href":"https:\/\/elreporterohgo.com\/noticias\/wp-json\/wp\/v2\/media?parent=27345"}],"wp:term":[{"taxonomy":"category","embeddable":true,"href":"https:\/\/elreporterohgo.com\/noticias\/wp-json\/wp\/v2\/categories?post=27345"},{"taxonomy":"post_tag","embeddable":true,"href":"https:\/\/elreporterohgo.com\/noticias\/wp-json\/wp\/v2\/tags?post=27345"}],"curies":[{"name":"wp","href":"https:\/\/api.w.org\/{rel}","templated":true}]}}