{"id":27342,"date":"2019-08-11T12:17:45","date_gmt":"2019-08-11T17:17:45","guid":{"rendered":"https:\/\/elreporterohgo.com\/noticias\/?p=27342"},"modified":"2019-08-11T12:17:47","modified_gmt":"2019-08-11T17:17:47","slug":"%ef%bb%bfla-querella-por-el-pulque","status":"publish","type":"post","link":"https:\/\/elreporterohgo.com\/noticias\/2019\/08\/11\/%ef%bb%bfla-querella-por-el-pulque\/","title":{"rendered":"\ufeffLa Querella por el Pulque"},"content":{"rendered":"\n<p><strong>L<\/strong><\/p>\n\n\n\n<figure class=\"wp-block-image\"><img fetchpriority=\"high\" decoding=\"async\" width=\"683\" height=\"1024\" src=\"https::\/\/elreporterohgo.com\/noticias\/wp-content\/uploads\/2019\/08\/La-Querella-por-el-Pulque-683x1024.jpg\" alt=\"\" class=\"wp-image-27343\" srcset=\"https:\/\/elreporterohgo.com\/noticias\/wp-content\/uploads\/2019\/08\/La-Querella-por-el-Pulque-683x1024.jpg 683w, https:\/\/elreporterohgo.com\/noticias\/wp-content\/uploads\/2019\/08\/La-Querella-por-el-Pulque-200x300.jpg 200w, https:\/\/elreporterohgo.com\/noticias\/wp-content\/uploads\/2019\/08\/La-Querella-por-el-Pulque-768x1152.jpg 768w, https:\/\/elreporterohgo.com\/noticias\/wp-content\/uploads\/2019\/08\/La-Querella-por-el-Pulque.jpg 1000w\" sizes=\"(max-width: 683px) 100vw, 683px\" \/><\/figure>\n\n\n\n<p>Esta obra nos relata el auge y ocaso de lo que fue la\nindustria pulquera en nuestro pa\u00eds, as\u00ed como de las influencias que afectaron\nsu organizaci\u00f3n productiva y comercial. El libro es un recorrido por la\nhistoria de la agroindustria mexicana, que pas\u00f3 de una \u00e9poca de esplendor, al\nfinalizar el siglo XIX, a su ocaso en la primera d\u00e9cada del siglo XX.<\/p>\n\n\n\n<p>Presentado por Rodolfo Ram\u00edrez Rodr\u00edguez autor del libro\nen el Pabell\u00f3n Internacional \u201cMargarita Michelena\u201d a las 11:00 horas en la\npr\u00f3xima edici\u00f3n de la FUL <\/p>\n","protected":false},"excerpt":{"rendered":"<p>L Esta obra nos relata el auge y ocaso de lo que fue la industria pulquera en nuestro pa\u00eds, as\u00ed como de las influencias que afectaron su organizaci\u00f3n productiva y comercial. El libro es un recorrido por la historia de la agroindustria mexicana, que pas\u00f3 de una \u00e9poca de esplendor, al finalizar el siglo XIX,<\/p>\n","protected":false},"author":2,"featured_media":27343,"comment_status":"open","ping_status":"closed","sticky":false,"template":"","format":"standard","meta":{"footnotes":""},"categories":[10],"tags":[],"class_list":{"0":"post-27342","1":"post","2":"type-post","3":"status-publish","4":"format-standard","5":"has-post-thumbnail","7":"category-hidalgo"},"_links":{"self":[{"href":"https:\/\/elreporterohgo.com\/noticias\/wp-json\/wp\/v2\/posts\/27342","targetHints":{"allow":["GET"]}}],"collection":[{"href":"https:\/\/elreporterohgo.com\/noticias\/wp-json\/wp\/v2\/posts"}],"about":[{"href":"https:\/\/elreporterohgo.com\/noticias\/wp-json\/wp\/v2\/types\/post"}],"author":[{"embeddable":true,"href":"https:\/\/elreporterohgo.com\/noticias\/wp-json\/wp\/v2\/users\/2"}],"replies":[{"embeddable":true,"href":"https:\/\/elreporterohgo.com\/noticias\/wp-json\/wp\/v2\/comments?post=27342"}],"version-history":[{"count":1,"href":"https:\/\/elreporterohgo.com\/noticias\/wp-json\/wp\/v2\/posts\/27342\/revisions"}],"predecessor-version":[{"id":27344,"href":"https:\/\/elreporterohgo.com\/noticias\/wp-json\/wp\/v2\/posts\/27342\/revisions\/27344"}],"wp:featuredmedia":[{"embeddable":true,"href":"https:\/\/elreporterohgo.com\/noticias\/wp-json\/wp\/v2\/media\/27343"}],"wp:attachment":[{"href":"https:\/\/elreporterohgo.com\/noticias\/wp-json\/wp\/v2\/media?parent=27342"}],"wp:term":[{"taxonomy":"category","embeddable":true,"href":"https:\/\/elreporterohgo.com\/noticias\/wp-json\/wp\/v2\/categories?post=27342"},{"taxonomy":"post_tag","embeddable":true,"href":"https:\/\/elreporterohgo.com\/noticias\/wp-json\/wp\/v2\/tags?post=27342"}],"curies":[{"name":"wp","href":"https:\/\/api.w.org\/{rel}","templated":true}]}}