{"id":27339,"date":"2019-08-11T12:11:01","date_gmt":"2019-08-11T17:11:01","guid":{"rendered":"https:\/\/elreporterohgo.com\/noticias\/?p=27339"},"modified":"2019-08-11T12:11:03","modified_gmt":"2019-08-11T17:11:03","slug":"reinauguran-museo-del-centro-cultural","status":"publish","type":"post","link":"https:\/\/elreporterohgo.com\/noticias\/2019\/08\/11\/reinauguran-museo-del-centro-cultural\/","title":{"rendered":"Reinauguran Museo del Centro Cultural"},"content":{"rendered":"\n<figure class=\"wp-block-image\"><img fetchpriority=\"high\" decoding=\"async\" width=\"1024\" height=\"682\" src=\"https::\/\/elreporterohgo.com\/noticias\/wp-content\/uploads\/2019\/08\/IMG-20190803-WA00441-1024x682.jpg\" alt=\"\" class=\"wp-image-27340\" srcset=\"https:\/\/elreporterohgo.com\/noticias\/wp-content\/uploads\/2019\/08\/IMG-20190803-WA00441-1024x682.jpg 1024w, https:\/\/elreporterohgo.com\/noticias\/wp-content\/uploads\/2019\/08\/IMG-20190803-WA00441-300x200.jpg 300w, https:\/\/elreporterohgo.com\/noticias\/wp-content\/uploads\/2019\/08\/IMG-20190803-WA00441-768x512.jpg 768w, https:\/\/elreporterohgo.com\/noticias\/wp-content\/uploads\/2019\/08\/IMG-20190803-WA00441.jpg 1280w\" sizes=\"(max-width: 1024px) 100vw, 1024px\" \/><\/figure>\n\n\n\n<p>EMILIANO ZAPATA, Hgo. &#8211; Antonio Espinoza Espinoza, Presidente Municipal\ny Jos\u00e9 Olaff Hern\u00e1ndez S\u00e1nchez, Secretario de Cultura de Hidalgo, acompa\u00f1ados\npor el pleno de la Asamblea Municipal, Comit\u00e9 Ciudadano el Museo y funcionarios\nmunicipales realizaron el corte de list\u00f3n de la reinauguraci\u00f3n del Museo\nComunitario del Centro Cultural de Emiliano Zapata.<\/p>\n\n\n\n<p>La Casa de Cultura abre sus puertas un 22 de enero de 1992, para el 23\nde enero del 2014 cambia su nombre a Centro Cultural de Emiliano Zapata.<\/p>\n\n\n\n<p>El museo de la casa de cultura fue inaugurado un 5 de febrero de 1993\nsiendo Presidente Municipal Evencio L\u00f3pez Espejel, y, el 3 de agosto de 2019,\nse reinaugura el museo comunitario, siendo remodelado en su totalidad, en este\npodr\u00e1s encontrar la historia de nuestro municipio.<\/p>\n","protected":false},"excerpt":{"rendered":"<p>EMILIANO ZAPATA, Hgo. &#8211; Antonio Espinoza Espinoza, Presidente Municipal y Jos\u00e9 Olaff Hern\u00e1ndez S\u00e1nchez, Secretario de Cultura de Hidalgo, acompa\u00f1ados por el pleno de la Asamblea Municipal, Comit\u00e9 Ciudadano el Museo y funcionarios municipales realizaron el corte de list\u00f3n de la reinauguraci\u00f3n del Museo Comunitario del Centro Cultural de Emiliano Zapata. La Casa de Cultura<\/p>\n","protected":false},"author":2,"featured_media":27340,"comment_status":"open","ping_status":"closed","sticky":false,"template":"","format":"standard","meta":{"footnotes":""},"categories":[10],"tags":[],"class_list":{"0":"post-27339","1":"post","2":"type-post","3":"status-publish","4":"format-standard","5":"has-post-thumbnail","7":"category-hidalgo"},"_links":{"self":[{"href":"https:\/\/elreporterohgo.com\/noticias\/wp-json\/wp\/v2\/posts\/27339","targetHints":{"allow":["GET"]}}],"collection":[{"href":"https:\/\/elreporterohgo.com\/noticias\/wp-json\/wp\/v2\/posts"}],"about":[{"href":"https:\/\/elreporterohgo.com\/noticias\/wp-json\/wp\/v2\/types\/post"}],"author":[{"embeddable":true,"href":"https:\/\/elreporterohgo.com\/noticias\/wp-json\/wp\/v2\/users\/2"}],"replies":[{"embeddable":true,"href":"https:\/\/elreporterohgo.com\/noticias\/wp-json\/wp\/v2\/comments?post=27339"}],"version-history":[{"count":1,"href":"https:\/\/elreporterohgo.com\/noticias\/wp-json\/wp\/v2\/posts\/27339\/revisions"}],"predecessor-version":[{"id":27341,"href":"https:\/\/elreporterohgo.com\/noticias\/wp-json\/wp\/v2\/posts\/27339\/revisions\/27341"}],"wp:featuredmedia":[{"embeddable":true,"href":"https:\/\/elreporterohgo.com\/noticias\/wp-json\/wp\/v2\/media\/27340"}],"wp:attachment":[{"href":"https:\/\/elreporterohgo.com\/noticias\/wp-json\/wp\/v2\/media?parent=27339"}],"wp:term":[{"taxonomy":"category","embeddable":true,"href":"https:\/\/elreporterohgo.com\/noticias\/wp-json\/wp\/v2\/categories?post=27339"},{"taxonomy":"post_tag","embeddable":true,"href":"https:\/\/elreporterohgo.com\/noticias\/wp-json\/wp\/v2\/tags?post=27339"}],"curies":[{"name":"wp","href":"https:\/\/api.w.org\/{rel}","templated":true}]}}