{"id":25676,"date":"2019-05-31T21:12:16","date_gmt":"2019-06-01T02:12:16","guid":{"rendered":"https:\/\/elreporterohgo.com\/noticias\/?p=25676"},"modified":"2019-05-31T21:12:19","modified_gmt":"2019-06-01T02:12:19","slug":"feria-de-la-sexualidad-en-cbtis-286-de-paseos-de-chavarria","status":"publish","type":"post","link":"https:\/\/elreporterohgo.com\/noticias\/2019\/05\/31\/feria-de-la-sexualidad-en-cbtis-286-de-paseos-de-chavarria\/","title":{"rendered":"FERIA DE LA SEXUALIDAD EN CBTIS 286 DE PASEOS DE CHAVARR\u00cdA"},"content":{"rendered":"\n<figure class=\"wp-block-image\"><img fetchpriority=\"high\" decoding=\"async\" width=\"1024\" height=\"682\" src=\"https::\/\/elreporterohgo.com\/noticias\/wp-content\/uploads\/2019\/05\/Actividades-de-Desarrollo-Integral-Juvenil_MR-1-1024x682.jpeg\" alt=\"\" class=\"wp-image-25677\" srcset=\"https:\/\/elreporterohgo.com\/noticias\/wp-content\/uploads\/2019\/05\/Actividades-de-Desarrollo-Integral-Juvenil_MR-1-1024x682.jpeg 1024w, https:\/\/elreporterohgo.com\/noticias\/wp-content\/uploads\/2019\/05\/Actividades-de-Desarrollo-Integral-Juvenil_MR-1-300x200.jpeg 300w, https:\/\/elreporterohgo.com\/noticias\/wp-content\/uploads\/2019\/05\/Actividades-de-Desarrollo-Integral-Juvenil_MR-1-768x512.jpeg 768w, https:\/\/elreporterohgo.com\/noticias\/wp-content\/uploads\/2019\/05\/Actividades-de-Desarrollo-Integral-Juvenil_MR-1.jpeg 1280w\" sizes=\"(max-width: 1024px) 100vw, 1024px\" \/><\/figure>\n\n\n\n<p>El gobierno municipal de Mineral de la Reforma a trav\u00e9s del\nInstituto de la Juventud y su escuadr\u00f3n de la salud,&nbsp; y como parte de los trabajos para promover el\ndesarrollo integral de las y los j\u00f3venes mineralreformenses, llevo a cabo una\nferia de la&nbsp; sexualidad con la\nparticipaci\u00f3n de a las y los alumnos del CBtis No. 286 ubicado en el Fraccionamiento\nPaseos de Chavarr\u00eda.<\/p>\n\n\n\n<p>Con el objetivo de informar de forma l\u00fadica a la comunidad\nestudiantil acerca de temas como: prevenci\u00f3n de adicciones, orientaci\u00f3n\nvocacional, clima escolar, gr\u00e1fica bot\u00e1nica, enfermedades de transmisi\u00f3n\nsexual, derechos sexuales y reproductivos, identidad de g\u00e9nero, m\u00e9todos\nanticonceptivos, &nbsp;diversidad sexual y los\nderechos de la comunidad LGBTTTIQA; encauzando a la correcta toma de decisiones\ny concientizaci\u00f3n de los estudiantes.<\/p>\n\n\n\n<p>Marco Antonio Incl\u00e1n Aparicio, titular del Instituto de la\nJuventud en Mineral de la Reforma comparti\u00f3.- \u201cGracias al apoyo del alcalde\nRa\u00fal Camacho Ba\u00f1os, y por supuesto la participaci\u00f3n y apertura de directivos y\nmaestros en las escuelas, sumado al gran equipo&nbsp;\ndel instituto de la juventud; j\u00f3venes capacitadas que brindan orientaci\u00f3n;\nhemos tenido buena respuesta de los grupos, se han mostrado participativos y\neso es lo que buscamos\u201d Asegur\u00f3 el funcionario municipal.<\/p>\n\n\n\n<p>Cabe destacar que a trav\u00e9s de estas pl\u00e1ticas se logr\u00f3 la\nparticipaci\u00f3n de m\u00e1s de 400 j\u00f3venes de este plantel. Las instituciones\neducativas pueden acercarse al instituto de la juventud y solicitar conferencias,\ntalleres, activaciones y charlas en las diferentes escuelas del municipio,\ncuyas oficinas se encuentran ubicadas en Avenida de los \u00c1rboles no. 1125 del\nFracc. Tulipanes.<\/p>\n","protected":false},"excerpt":{"rendered":"<p>El gobierno municipal de Mineral de la Reforma a trav\u00e9s del Instituto de la Juventud y su escuadr\u00f3n de la salud,&nbsp; y como parte de los trabajos para promover el desarrollo integral de las y los j\u00f3venes mineralreformenses, llevo a cabo una feria de la&nbsp; sexualidad con la participaci\u00f3n de a las y los alumnos<\/p>\n","protected":false},"author":2,"featured_media":25677,"comment_status":"open","ping_status":"closed","sticky":false,"template":"","format":"standard","meta":{"footnotes":""},"categories":[10],"tags":[],"class_list":{"0":"post-25676","1":"post","2":"type-post","3":"status-publish","4":"format-standard","5":"has-post-thumbnail","7":"category-hidalgo"},"_links":{"self":[{"href":"https:\/\/elreporterohgo.com\/noticias\/wp-json\/wp\/v2\/posts\/25676","targetHints":{"allow":["GET"]}}],"collection":[{"href":"https:\/\/elreporterohgo.com\/noticias\/wp-json\/wp\/v2\/posts"}],"about":[{"href":"https:\/\/elreporterohgo.com\/noticias\/wp-json\/wp\/v2\/types\/post"}],"author":[{"embeddable":true,"href":"https:\/\/elreporterohgo.com\/noticias\/wp-json\/wp\/v2\/users\/2"}],"replies":[{"embeddable":true,"href":"https:\/\/elreporterohgo.com\/noticias\/wp-json\/wp\/v2\/comments?post=25676"}],"version-history":[{"count":1,"href":"https:\/\/elreporterohgo.com\/noticias\/wp-json\/wp\/v2\/posts\/25676\/revisions"}],"predecessor-version":[{"id":25678,"href":"https:\/\/elreporterohgo.com\/noticias\/wp-json\/wp\/v2\/posts\/25676\/revisions\/25678"}],"wp:featuredmedia":[{"embeddable":true,"href":"https:\/\/elreporterohgo.com\/noticias\/wp-json\/wp\/v2\/media\/25677"}],"wp:attachment":[{"href":"https:\/\/elreporterohgo.com\/noticias\/wp-json\/wp\/v2\/media?parent=25676"}],"wp:term":[{"taxonomy":"category","embeddable":true,"href":"https:\/\/elreporterohgo.com\/noticias\/wp-json\/wp\/v2\/categories?post=25676"},{"taxonomy":"post_tag","embeddable":true,"href":"https:\/\/elreporterohgo.com\/noticias\/wp-json\/wp\/v2\/tags?post=25676"}],"curies":[{"name":"wp","href":"https:\/\/api.w.org\/{rel}","templated":true}]}}