{"id":25672,"date":"2019-05-31T13:50:21","date_gmt":"2019-05-31T18:50:21","guid":{"rendered":"https:\/\/elreporterohgo.com\/noticias\/?p=25672"},"modified":"2019-05-31T13:50:23","modified_gmt":"2019-05-31T18:50:23","slug":"atentado-contra-policia-federal","status":"publish","type":"post","link":"https:\/\/elreporterohgo.com\/noticias\/2019\/05\/31\/atentado-contra-policia-federal\/","title":{"rendered":"Atentado contra Polic\u00eda Federal"},"content":{"rendered":"\n<figure class=\"wp-block-image\"><img fetchpriority=\"high\" decoding=\"async\" width=\"1024\" height=\"550\" src=\"https::\/\/elreporterohgo.com\/noticias\/wp-content\/uploads\/2019\/05\/00oy-1024x550.jpg\" alt=\"\" class=\"wp-image-25673\" srcset=\"https:\/\/elreporterohgo.com\/noticias\/wp-content\/uploads\/2019\/05\/00oy-1024x550.jpg 1024w, https:\/\/elreporterohgo.com\/noticias\/wp-content\/uploads\/2019\/05\/00oy-300x161.jpg 300w, https:\/\/elreporterohgo.com\/noticias\/wp-content\/uploads\/2019\/05\/00oy-768x413.jpg 768w, https:\/\/elreporterohgo.com\/noticias\/wp-content\/uploads\/2019\/05\/00oy.jpg 1613w\" sizes=\"(max-width: 1024px) 100vw, 1024px\" \/><\/figure>\n\n\n\n<p>Muri\u00f3 el responsable de la agresi\u00f3n<\/p>\n\n\n\n<p>Por Juan Sabino Cruz<\/p>\n\n\n\n<p>ZEMPOALA, Hgo. &#8211; \u00a0Un presunto delincuente muerto y un polic\u00eda federal malherido fue el saldo de una balacera registrada la noche de ayer, en una taquer\u00eda ubicada a la orilla de la carretera Ciudad Sahag\u00fan-Pachuca, a la altura de Zempoala.<\/p>\n\n\n\n<p>Fuentes dignas de cr\u00e9dito informaron que, aproximadamente a\nlas 23:30 horas de ayer, un sujeto lleg\u00f3 a la taquer\u00eda y accion\u00f3 su escopeta\nrecortada en contra de una mujer que estaba en el lugar.<\/p>\n\n\n\n<p>La mujer fue lesionada en un gl\u00fateo y los proyectiles\nalcanzaron a lesionar en un gl\u00fateo a un Polic\u00eda Federal identificado como\nH\u00e9ctor (a), mismo que se encontraba con otros dos compa\u00f1eros que repelieron la\nagresi\u00f3n.<\/p>\n\n\n\n<p>El agresor sali\u00f3 corriendo y al alcanzar la carpeta asf\u00e1ltica\nfue atropellado y cay\u00f3 muerto, con su arma al lado.<\/p>\n\n\n\n<p>Informaci\u00f3n oficial establece que lugare\u00f1os establecieron\nque al puesto de tacos arrib\u00f3 un hombre con una escopeta, comienza a\nrealizar detonaciones presuntamente en contra de una persona, empleada del\nlugar.<\/p>\n\n\n\n<p>Ah\u00ed se encontraban cenando tres elementos de la\nPolic\u00eda Federal, los cuales repelen la agresi\u00f3n, por lo que se da a la fuga la\npersona hacia la carpeta asf\u00e1ltica, donde fue arrollado por los veh\u00edculos,\nperdiendo la vida en el lugar.<\/p>\n\n\n\n<p>El agente de Polic\u00eda Federal lesionado fue trasladado a una cl\u00ednica en\nPachuca a bordo de ambulancia 370 de Cruz Roja.<\/p>\n\n\n\n<p>La persona, empleada del lugar, fue trasladada a una cl\u00ednica en Pachuca\na bordo de ambulancia 2005 de Protecci\u00f3n Civil Municipal.<\/p>\n","protected":false},"excerpt":{"rendered":"<p>Muri\u00f3 el responsable de la agresi\u00f3n Por Juan Sabino Cruz ZEMPOALA, Hgo. &#8211; \u00a0Un presunto delincuente muerto y un polic\u00eda federal malherido fue el saldo de una balacera registrada la noche de ayer, en una taquer\u00eda ubicada a la orilla de la carretera Ciudad Sahag\u00fan-Pachuca, a la altura de Zempoala. Fuentes dignas de cr\u00e9dito informaron<\/p>\n","protected":false},"author":2,"featured_media":25673,"comment_status":"open","ping_status":"closed","sticky":false,"template":"","format":"standard","meta":{"footnotes":""},"categories":[10],"tags":[],"class_list":{"0":"post-25672","1":"post","2":"type-post","3":"status-publish","4":"format-standard","5":"has-post-thumbnail","7":"category-hidalgo"},"_links":{"self":[{"href":"https:\/\/elreporterohgo.com\/noticias\/wp-json\/wp\/v2\/posts\/25672","targetHints":{"allow":["GET"]}}],"collection":[{"href":"https:\/\/elreporterohgo.com\/noticias\/wp-json\/wp\/v2\/posts"}],"about":[{"href":"https:\/\/elreporterohgo.com\/noticias\/wp-json\/wp\/v2\/types\/post"}],"author":[{"embeddable":true,"href":"https:\/\/elreporterohgo.com\/noticias\/wp-json\/wp\/v2\/users\/2"}],"replies":[{"embeddable":true,"href":"https:\/\/elreporterohgo.com\/noticias\/wp-json\/wp\/v2\/comments?post=25672"}],"version-history":[{"count":1,"href":"https:\/\/elreporterohgo.com\/noticias\/wp-json\/wp\/v2\/posts\/25672\/revisions"}],"predecessor-version":[{"id":25674,"href":"https:\/\/elreporterohgo.com\/noticias\/wp-json\/wp\/v2\/posts\/25672\/revisions\/25674"}],"wp:featuredmedia":[{"embeddable":true,"href":"https:\/\/elreporterohgo.com\/noticias\/wp-json\/wp\/v2\/media\/25673"}],"wp:attachment":[{"href":"https:\/\/elreporterohgo.com\/noticias\/wp-json\/wp\/v2\/media?parent=25672"}],"wp:term":[{"taxonomy":"category","embeddable":true,"href":"https:\/\/elreporterohgo.com\/noticias\/wp-json\/wp\/v2\/categories?post=25672"},{"taxonomy":"post_tag","embeddable":true,"href":"https:\/\/elreporterohgo.com\/noticias\/wp-json\/wp\/v2\/tags?post=25672"}],"curies":[{"name":"wp","href":"https:\/\/api.w.org\/{rel}","templated":true}]}}