{"id":25383,"date":"2019-05-19T03:22:50","date_gmt":"2019-05-19T08:22:50","guid":{"rendered":"https:\/\/elreporterohgo.com\/noticias\/?p=25383"},"modified":"2019-05-19T03:22:52","modified_gmt":"2019-05-19T08:22:52","slug":"en-hidalgo-la-familia-es-primero-omar-fayad","status":"publish","type":"post","link":"https:\/\/elreporterohgo.com\/noticias\/2019\/05\/19\/en-hidalgo-la-familia-es-primero-omar-fayad\/","title":{"rendered":"En Hidalgo, la familia es primero: Omar Fayad"},"content":{"rendered":"\n<p><strong>B<\/strong> <\/p>\n\n\n\n<figure class=\"wp-block-image\"><img fetchpriority=\"high\" decoding=\"async\" width=\"1024\" height=\"683\" src=\"https::\/\/elreporterohgo.com\/noticias\/wp-content\/uploads\/2019\/05\/unnamed-82-1024x683.jpg\" alt=\"\" class=\"wp-image-25384\" srcset=\"https:\/\/elreporterohgo.com\/noticias\/wp-content\/uploads\/2019\/05\/unnamed-82-1024x683.jpg 1024w, https:\/\/elreporterohgo.com\/noticias\/wp-content\/uploads\/2019\/05\/unnamed-82-300x200.jpg 300w, https:\/\/elreporterohgo.com\/noticias\/wp-content\/uploads\/2019\/05\/unnamed-82-768x512.jpg 768w\" sizes=\"(max-width: 1024px) 100vw, 1024px\" \/><\/figure>\n\n\n\n<p>-Del 16 y 17 de mayo se\nlleva a cabo el X Congreso de la Familia en Pachuca; <\/p>\n\n\n\n<p>del 20 al 31 de mayo,\nse llevar\u00e1n a cabo diversas actividades en nueve municipios.<\/p>\n\n\n\n<p>El\ngobernador Omar Fayad, en compa\u00f1\u00eda de su esposa la presidenta del patronato del\nSistema DIF Hidalgo, Victoria Ruffo, inaugur\u00f3 el X Congreso de la Familia, que\nse realiza en la capital hidalguense.<\/p>\n\n\n\n<p>\u201cLa\nfamilia y las nuevas tecnolog\u00edas\u201d es el tema central de la d\u00e9cima edici\u00f3n del\nCongreso de la Familia, espacio en el que el mandatario se pronunci\u00f3 por\nalertar a las familias hidalguenses sobre los posibles riesgos de las redes sociales,\npara promover de esa forma, su uso racional y responsable.<\/p>\n\n\n\n<p>\u201cNosotros\nen Hidalgo hemos decidido encausar las nuevas tecnolog\u00edas al servicio de la\ngente\u201d, insisti\u00f3 el jefe del Ejecutivo estatal; muestra de ello, es la reciente\ninauguraci\u00f3n del C5i, la Universidad Digital, la Telemedicina, entre otros\nservicios.<\/p>\n\n\n\n<p>Aunque el\nuso de nuevas tecnolog\u00edas se ha popularizado en los \u00faltimos a\u00f1os, sus\nrepercusiones son todav\u00eda un tema complejo para la sociedad contempor\u00e1nea, pues\nincluso han afectado significativamente las relaciones interpersonales en todos\nlos \u00e1mbitos.<\/p>\n\n\n\n<p>La se\u00f1ora\nVictoria Ruffo afirm\u00f3 que la prevenci\u00f3n es clave para evitar peligros, es un\ntema fundamental para la organizaci\u00f3n que preside; por ello, en la edici\u00f3n de\neste a\u00f1o se abordar\u00e1n diferentes estrategias y experiencias que ayuden a padres\ny madres de familia en la formaci\u00f3n de sus hijos.<\/p>\n\n\n\n<p>Con la\nfinalidad de tomar medidas preventivas ante fen\u00f3menos como el \u201ccyberbulling\u201d, \u201csexting\u201d\no la trata de personas se program\u00f3 un ciclo de conferencias, ponencias y obras\nde teatro, con el objetivo de crear conciencia y evitar riesgos para las\nfamilias hidalguenses.<\/p>\n\n\n\n<p>Martha\nYolanda L\u00f3pez Bravo, procuradora federal de Protecci\u00f3n a Ni\u00f1as, Ni\u00f1os y\nAdolescentes, en representaci\u00f3n de Mar\u00eda del Roc\u00edo Garc\u00eda P\u00e9rez, titular del\nSistema Nacional DIF, afirm\u00f3 que este tipo de encuentros son fundamentales para\nestrechar el v\u00ednculo entre los miembros de cada familia.<\/p>\n\n\n\n<p>Por ello, sin\nimportar el panorama, la funcionaria federal resalt\u00f3 que debe prevalecer la\nfigura de la familia, como el medio natural en el que cezcan sanamente todos\nsus miembros, particularmente los m\u00e1s peque\u00f1os.<\/p>\n\n\n\n<p>Del 20 al\n31 de mayo, las actividades del X Congreso de la Familia se trasladar\u00e1n a los\nmunicipios de Tlahuelilpan, Tula, Huichapan, Zimap\u00e1n, Atlapexco, Molango, San\nAgust\u00edn Metzquititl\u00e1n, Tulancingo y Tepeapulco, respectivamente.<\/p>\n","protected":false},"excerpt":{"rendered":"<p>B -Del 16 y 17 de mayo se lleva a cabo el X Congreso de la Familia en Pachuca; del 20 al 31 de mayo, se llevar\u00e1n a cabo diversas actividades en nueve municipios. El gobernador Omar Fayad, en compa\u00f1\u00eda de su esposa la presidenta del patronato del Sistema DIF Hidalgo, Victoria Ruffo, inaugur\u00f3 el<\/p>\n","protected":false},"author":2,"featured_media":25384,"comment_status":"open","ping_status":"closed","sticky":false,"template":"","format":"standard","meta":{"footnotes":""},"categories":[10],"tags":[],"class_list":{"0":"post-25383","1":"post","2":"type-post","3":"status-publish","4":"format-standard","5":"has-post-thumbnail","7":"category-hidalgo"},"_links":{"self":[{"href":"https:\/\/elreporterohgo.com\/noticias\/wp-json\/wp\/v2\/posts\/25383","targetHints":{"allow":["GET"]}}],"collection":[{"href":"https:\/\/elreporterohgo.com\/noticias\/wp-json\/wp\/v2\/posts"}],"about":[{"href":"https:\/\/elreporterohgo.com\/noticias\/wp-json\/wp\/v2\/types\/post"}],"author":[{"embeddable":true,"href":"https:\/\/elreporterohgo.com\/noticias\/wp-json\/wp\/v2\/users\/2"}],"replies":[{"embeddable":true,"href":"https:\/\/elreporterohgo.com\/noticias\/wp-json\/wp\/v2\/comments?post=25383"}],"version-history":[{"count":1,"href":"https:\/\/elreporterohgo.com\/noticias\/wp-json\/wp\/v2\/posts\/25383\/revisions"}],"predecessor-version":[{"id":25385,"href":"https:\/\/elreporterohgo.com\/noticias\/wp-json\/wp\/v2\/posts\/25383\/revisions\/25385"}],"wp:featuredmedia":[{"embeddable":true,"href":"https:\/\/elreporterohgo.com\/noticias\/wp-json\/wp\/v2\/media\/25384"}],"wp:attachment":[{"href":"https:\/\/elreporterohgo.com\/noticias\/wp-json\/wp\/v2\/media?parent=25383"}],"wp:term":[{"taxonomy":"category","embeddable":true,"href":"https:\/\/elreporterohgo.com\/noticias\/wp-json\/wp\/v2\/categories?post=25383"},{"taxonomy":"post_tag","embeddable":true,"href":"https:\/\/elreporterohgo.com\/noticias\/wp-json\/wp\/v2\/tags?post=25383"}],"curies":[{"name":"wp","href":"https:\/\/api.w.org\/{rel}","templated":true}]}}