{"id":25360,"date":"2019-05-19T02:19:26","date_gmt":"2019-05-19T07:19:26","guid":{"rendered":"https:\/\/elreporterohgo.com\/noticias\/?p=25360"},"modified":"2019-05-19T02:20:28","modified_gmt":"2019-05-19T07:20:28","slug":"cine-documental-como-herramienta-de-impacto%ef%bb%bf","status":"publish","type":"post","link":"https:\/\/elreporterohgo.com\/noticias\/2019\/05\/19\/cine-documental-como-herramienta-de-impacto%ef%bb%bf\/","title":{"rendered":"Cine documental como herramienta de impacto\ufeff"},"content":{"rendered":"\n<figure class=\"wp-block-image\"><img fetchpriority=\"high\" decoding=\"async\" width=\"1024\" height=\"683\" src=\"https::\/\/elreporterohgo.com\/noticias\/wp-content\/uploads\/2019\/05\/2-2-1024x683.jpg\" alt=\"\" class=\"wp-image-25361\" srcset=\"https:\/\/elreporterohgo.com\/noticias\/wp-content\/uploads\/2019\/05\/2-2-1024x683.jpg 1024w, https:\/\/elreporterohgo.com\/noticias\/wp-content\/uploads\/2019\/05\/2-2-300x200.jpg 300w, https:\/\/elreporterohgo.com\/noticias\/wp-content\/uploads\/2019\/05\/2-2-768x512.jpg 768w, https:\/\/elreporterohgo.com\/noticias\/wp-content\/uploads\/2019\/05\/2-2.jpg 1500w\" sizes=\"(max-width: 1024px) 100vw, 1024px\" \/><\/figure>\n\n\n\n<p>Pachuca de Soto, Hidalgo.- En el marco de actividades\ndel Festival Internacional de la Imagen (FINI), que organiz\u00f3 la Universidad\nAut\u00f3noma del Estado de Hidalgo (UAEH), se present\u00f3 el debate \u201ccine-documental e\nimpacto social\u201d, impartido por el director de documentales, Inti Cordera.<\/p>\n\n\n\n<p>El ponente invitado comenz\u00f3 la pl\u00e1tica con una breve\ncomparaci\u00f3n entre las distintas artes (esc\u00e9nicas, pl\u00e1sticas, audiovisuales) y\nla perspectiva general de los asistentes sobre cada una de ellas y si pueden\nconsiderarse medios de impacto. Asimismo, relat\u00f3 un poco sobre los motivos&nbsp; que lo llevaron a elegir el cine-documental,\nen lugar del convencional. <\/p>\n\n\n\n<p>Aclar\u00f3 que a pesar de disfrutar el cine como un medio\nde entretenimiento, realizar documentales le resulta algo m\u00e1s complejo, debido\na su cercan\u00eda con la realidad, la cual permite tocar el lado m\u00e1s humano de las\npersonas.<\/p>\n\n\n\n<p>Posteriormente, se proyectaron dos im\u00e1genes: un cine\ntotalmente moderno, completo y con instalaciones de primer nivel. Despu\u00e9s se\nmostr\u00f3 un \u201ccine improvisado\u201d, con pocos recursos, al aire libre con mantas, un\nproyector y repleto de ni\u00f1os. <\/p>\n\n\n\n<p>El moderador invit\u00f3 a los asistentes a observar\ndurante unos minutos, prestar atenci\u00f3n a los detalles y expresar sus\nsensaciones al respecto. Se lleg\u00f3 a la conclusi\u00f3n de que a pesar de las\ndiferencias socio-econ\u00f3micas perceptibles en ambas im\u00e1genes, el cine genera un\nimpacto social, pues re\u00fane a las diferentes culturas y personas totalmente\nopuestas con un fin com\u00fan, y la proyecci\u00f3n o pel\u00edcula, acorde al entorno donde\nsea proyectada generara consecuencias dentro de dicha sociedad. <\/p>\n\n\n\n<p>A continuaci\u00f3n, y para darle a los asistentes un\nejemplo de dicha situaci\u00f3n, se proyect\u00f3 el documental \u201cLocura al aire\u201d, producido\npor LA MAROMA producciones (empresa creada por Cordera) y cuyo enfoque es\nnarrar algunas de las situaciones que se presentan en un hospital psiqui\u00e1trico\nde Montevideo, principalmente en algunos de sus internos y las actividades que\nrealizan tanto en el interior de \u00e9ste, como su contacto con el mundo \u201cexterior\u201d.<\/p>\n\n\n\n<p>Los asistentes que participaron coincidieron en su\nmayor\u00eda que la salud mental es abordada de una manera m\u00ednima por la sociedad en\ngeneral, que existe un prejuicio sobre las personas que tienen enfermedades o\npadecimientos mentales. Esta din\u00e1mica ayud\u00f3 a los asistentes a debatir sobre c\u00f3mo\npodr\u00eda ayudar el cine a combatir problemas sociales y de salud de este tipo. <\/p>\n\n\n\n<p>El invitado hizo hincapi\u00e9 por \u00faltimo en que ese es\nprecisamente el cine de impacto, aqu\u00e9l que es capaz de provocar\ncuestionamientos en la audiencia, que cambia ideales, que abre perspectivas y\nque da lugar a este tipo de debates.<\/p>\n","protected":false},"excerpt":{"rendered":"<p>Pachuca de Soto, Hidalgo.- En el marco de actividades del Festival Internacional de la Imagen (FINI), que organiz\u00f3 la Universidad Aut\u00f3noma del Estado de Hidalgo (UAEH), se present\u00f3 el debate \u201ccine-documental e impacto social\u201d, impartido por el director de documentales, Inti Cordera. El ponente invitado comenz\u00f3 la pl\u00e1tica con una breve comparaci\u00f3n entre las distintas<\/p>\n","protected":false},"author":2,"featured_media":25361,"comment_status":"open","ping_status":"closed","sticky":false,"template":"","format":"standard","meta":{"footnotes":""},"categories":[10],"tags":[],"class_list":{"0":"post-25360","1":"post","2":"type-post","3":"status-publish","4":"format-standard","5":"has-post-thumbnail","7":"category-hidalgo"},"_links":{"self":[{"href":"https:\/\/elreporterohgo.com\/noticias\/wp-json\/wp\/v2\/posts\/25360","targetHints":{"allow":["GET"]}}],"collection":[{"href":"https:\/\/elreporterohgo.com\/noticias\/wp-json\/wp\/v2\/posts"}],"about":[{"href":"https:\/\/elreporterohgo.com\/noticias\/wp-json\/wp\/v2\/types\/post"}],"author":[{"embeddable":true,"href":"https:\/\/elreporterohgo.com\/noticias\/wp-json\/wp\/v2\/users\/2"}],"replies":[{"embeddable":true,"href":"https:\/\/elreporterohgo.com\/noticias\/wp-json\/wp\/v2\/comments?post=25360"}],"version-history":[{"count":2,"href":"https:\/\/elreporterohgo.com\/noticias\/wp-json\/wp\/v2\/posts\/25360\/revisions"}],"predecessor-version":[{"id":25363,"href":"https:\/\/elreporterohgo.com\/noticias\/wp-json\/wp\/v2\/posts\/25360\/revisions\/25363"}],"wp:featuredmedia":[{"embeddable":true,"href":"https:\/\/elreporterohgo.com\/noticias\/wp-json\/wp\/v2\/media\/25361"}],"wp:attachment":[{"href":"https:\/\/elreporterohgo.com\/noticias\/wp-json\/wp\/v2\/media?parent=25360"}],"wp:term":[{"taxonomy":"category","embeddable":true,"href":"https:\/\/elreporterohgo.com\/noticias\/wp-json\/wp\/v2\/categories?post=25360"},{"taxonomy":"post_tag","embeddable":true,"href":"https:\/\/elreporterohgo.com\/noticias\/wp-json\/wp\/v2\/tags?post=25360"}],"curies":[{"name":"wp","href":"https:\/\/api.w.org\/{rel}","templated":true}]}}