{"id":25155,"date":"2019-04-30T18:58:45","date_gmt":"2019-04-30T23:58:45","guid":{"rendered":"https:\/\/elreporterohgo.com\/noticias\/?p=25155"},"modified":"2019-04-30T18:58:47","modified_gmt":"2019-04-30T23:58:47","slug":"interesante-exposicion-fotografica-talentos-emergentes","status":"publish","type":"post","link":"https:\/\/elreporterohgo.com\/noticias\/2019\/04\/30\/interesante-exposicion-fotografica-talentos-emergentes\/","title":{"rendered":"Interesante exposici\u00f3n fotogr\u00e1fica \u201cTalentos Emergentes\u201d"},"content":{"rendered":"\n<figure class=\"wp-block-image\"><img fetchpriority=\"high\" decoding=\"async\" width=\"1024\" height=\"683\" src=\"https::\/\/elreporterohgo.com\/noticias\/wp-content\/uploads\/2019\/04\/Imagen15-1-1024x683.jpg\" alt=\"\" class=\"wp-image-25156\" srcset=\"https:\/\/elreporterohgo.com\/noticias\/wp-content\/uploads\/2019\/04\/Imagen15-1-1024x683.jpg 1024w, https:\/\/elreporterohgo.com\/noticias\/wp-content\/uploads\/2019\/04\/Imagen15-1-300x200.jpg 300w, https:\/\/elreporterohgo.com\/noticias\/wp-content\/uploads\/2019\/04\/Imagen15-1-768x512.jpg 768w, https:\/\/elreporterohgo.com\/noticias\/wp-content\/uploads\/2019\/04\/Imagen15-1.jpg 1687w\" sizes=\"(max-width: 1024px) 100vw, 1024px\" \/><\/figure>\n\n\n\n<figure class=\"wp-block-image\"><img decoding=\"async\" width=\"1024\" height=\"682\" src=\"https::\/\/elreporterohgo.com\/noticias\/wp-content\/uploads\/2019\/04\/Imagen19-1-1024x682.jpg\" alt=\"\" class=\"wp-image-25157\" srcset=\"https:\/\/elreporterohgo.com\/noticias\/wp-content\/uploads\/2019\/04\/Imagen19-1-1024x682.jpg 1024w, https:\/\/elreporterohgo.com\/noticias\/wp-content\/uploads\/2019\/04\/Imagen19-1-300x200.jpg 300w, https:\/\/elreporterohgo.com\/noticias\/wp-content\/uploads\/2019\/04\/Imagen19-1-768x512.jpg 768w, https:\/\/elreporterohgo.com\/noticias\/wp-content\/uploads\/2019\/04\/Imagen19-1.jpg 1654w\" sizes=\"(max-width: 1024px) 100vw, 1024px\" \/><\/figure>\n\n\n\n<figure class=\"wp-block-image\"><img decoding=\"async\" width=\"1024\" height=\"683\" src=\"https::\/\/elreporterohgo.com\/noticias\/wp-content\/uploads\/2019\/04\/Imagen17-1024x683.jpg\" alt=\"\" class=\"wp-image-25158\" srcset=\"https:\/\/elreporterohgo.com\/noticias\/wp-content\/uploads\/2019\/04\/Imagen17-1024x683.jpg 1024w, https:\/\/elreporterohgo.com\/noticias\/wp-content\/uploads\/2019\/04\/Imagen17-300x200.jpg 300w, https:\/\/elreporterohgo.com\/noticias\/wp-content\/uploads\/2019\/04\/Imagen17-768x512.jpg 768w, https:\/\/elreporterohgo.com\/noticias\/wp-content\/uploads\/2019\/04\/Imagen17.jpg 1687w\" sizes=\"(max-width: 1024px) 100vw, 1024px\" \/><\/figure>\n\n\n\n<figure class=\"wp-block-image\"><img loading=\"lazy\" decoding=\"async\" width=\"1024\" height=\"682\" src=\"https::\/\/elreporterohgo.com\/noticias\/wp-content\/uploads\/2019\/04\/Imagen5-1024x682.jpg\" alt=\"\" class=\"wp-image-25159\" srcset=\"https:\/\/elreporterohgo.com\/noticias\/wp-content\/uploads\/2019\/04\/Imagen5-1024x682.jpg 1024w, https:\/\/elreporterohgo.com\/noticias\/wp-content\/uploads\/2019\/04\/Imagen5-300x200.jpg 300w, https:\/\/elreporterohgo.com\/noticias\/wp-content\/uploads\/2019\/04\/Imagen5-768x512.jpg 768w, https:\/\/elreporterohgo.com\/noticias\/wp-content\/uploads\/2019\/04\/Imagen5.jpg 1688w\" sizes=\"(max-width: 1024px) 100vw, 1024px\" \/><\/figure>\n\n\n\n<p>APAN,\nHgo. &#8211; M\u00e1s de cincuenta graficas forman parte de la segunda Exposici\u00f3n\nfotogr\u00e1fica \u201cTalentos Emergentes\u201d, la misma estar\u00e1 del 27 de abril al 13 de\nmayo en la Casa de la Cultura de Apan.<\/p>\n\n\n\n<p>L\nexposici\u00f3n est\u00e1 abierta al p\u00fablico en general en un&nbsp; horario de 9:00 a 16:30 horas; misma que se\nmont\u00f3 derivada de los cursos de fotograf\u00eda b\u00e1sica profesional 1 y 2\u201d y un \u201ctaller\nde modelaje\u201d; se muestran los trabajos de catorce alumnos egresados y seis modelos\nque trabajaron a lo largo de cuatro meses para poder compartir sus mejores\nresultados.<\/p>\n\n\n\n<p>Mario\nAlberto Ortega Ruiz fue quien imparti\u00f3 los cursos de fotograf\u00eda y en su mensaje\ndijo: \u201cEsta es una exposici\u00f3n cuyo objetivo es dar\na conocer los nuevos talentos en el \u00e1mbito de las artes visuales,\nespec\u00edficamente en la fotograf\u00eda\u201d.<\/p>\n\n\n\n<p>Agredo: \u201cEs as\u00ed como titulamos a esta exposici\u00f3n \u201cTALENTOS\nEMERGENTES\u201d, ya que es el resultado de un lapso de varios meses de arduo\ntrabajo, d\u00f3nde cada alumna y alumno desarroll\u00f3 su talento y sus habilidades de\ncomposici\u00f3n, t\u00e9cnica y estilos fotogr\u00e1ficos muy distintos cada uno de otros, desde\nfotograf\u00eda urbana donde el objeto es retratar fidedignamente la vida cotidiana\nde nuestra sociedad, pasando por&nbsp; foto de\npaisaje, capturando la belleza natural de nuestro municipio y hasta aquella fotograf\u00eda\nque lleva una elaborada producci\u00f3n como la fotograf\u00eda de producto, editorial o\nde moda\u201d.<\/p>\n\n\n\n<p>&nbsp;&nbsp;&nbsp;&nbsp;&nbsp;&nbsp;&nbsp;&nbsp;&nbsp;&nbsp;&nbsp; El corte de list\u00f3n inaugural estuvo\na cargo del Secretario General Municipal, Luis Antonio Torres Osorno y\ndirectivos de la administraci\u00f3n municipal que entregaron reconocimientos a las\ny los egresados del curso, al igual realizaron un recorrido por la exhibici\u00f3n,\nen la que los alumnos explicaron la descripci\u00f3n, el procedimiento de ejecuci\u00f3n\ny la intenci\u00f3n art\u00edstica de cada imagen.<\/p>\n","protected":false},"excerpt":{"rendered":"<p>APAN, Hgo. &#8211; M\u00e1s de cincuenta graficas forman parte de la segunda Exposici\u00f3n fotogr\u00e1fica \u201cTalentos Emergentes\u201d, la misma estar\u00e1 del 27 de abril al 13 de mayo en la Casa de la Cultura de Apan. L exposici\u00f3n est\u00e1 abierta al p\u00fablico en general en un&nbsp; horario de 9:00 a 16:30 horas; misma que se mont\u00f3<\/p>\n","protected":false},"author":2,"featured_media":25156,"comment_status":"open","ping_status":"closed","sticky":false,"template":"","format":"standard","meta":{"footnotes":""},"categories":[10],"tags":[],"class_list":{"0":"post-25155","1":"post","2":"type-post","3":"status-publish","4":"format-standard","5":"has-post-thumbnail","7":"category-hidalgo"},"_links":{"self":[{"href":"https:\/\/elreporterohgo.com\/noticias\/wp-json\/wp\/v2\/posts\/25155","targetHints":{"allow":["GET"]}}],"collection":[{"href":"https:\/\/elreporterohgo.com\/noticias\/wp-json\/wp\/v2\/posts"}],"about":[{"href":"https:\/\/elreporterohgo.com\/noticias\/wp-json\/wp\/v2\/types\/post"}],"author":[{"embeddable":true,"href":"https:\/\/elreporterohgo.com\/noticias\/wp-json\/wp\/v2\/users\/2"}],"replies":[{"embeddable":true,"href":"https:\/\/elreporterohgo.com\/noticias\/wp-json\/wp\/v2\/comments?post=25155"}],"version-history":[{"count":1,"href":"https:\/\/elreporterohgo.com\/noticias\/wp-json\/wp\/v2\/posts\/25155\/revisions"}],"predecessor-version":[{"id":25160,"href":"https:\/\/elreporterohgo.com\/noticias\/wp-json\/wp\/v2\/posts\/25155\/revisions\/25160"}],"wp:featuredmedia":[{"embeddable":true,"href":"https:\/\/elreporterohgo.com\/noticias\/wp-json\/wp\/v2\/media\/25156"}],"wp:attachment":[{"href":"https:\/\/elreporterohgo.com\/noticias\/wp-json\/wp\/v2\/media?parent=25155"}],"wp:term":[{"taxonomy":"category","embeddable":true,"href":"https:\/\/elreporterohgo.com\/noticias\/wp-json\/wp\/v2\/categories?post=25155"},{"taxonomy":"post_tag","embeddable":true,"href":"https:\/\/elreporterohgo.com\/noticias\/wp-json\/wp\/v2\/tags?post=25155"}],"curies":[{"name":"wp","href":"https:\/\/api.w.org\/{rel}","templated":true}]}}