{"id":24452,"date":"2019-03-23T09:57:40","date_gmt":"2019-03-23T15:57:40","guid":{"rendered":"https:\/\/elreporterohgo.com\/noticias\/?p=24452"},"modified":"2019-03-23T09:57:42","modified_gmt":"2019-03-23T15:57:42","slug":"inauguran-planta-potabilizadora-de-agua","status":"publish","type":"post","link":"https:\/\/elreporterohgo.com\/noticias\/2019\/03\/23\/inauguran-planta-potabilizadora-de-agua\/","title":{"rendered":"Inauguran planta potabilizadora de agua"},"content":{"rendered":"\n<h1 class=\"wp-block-heading\"><\/h1>\n\n\n\n<figure class=\"wp-block-image\"><img fetchpriority=\"high\" decoding=\"async\" width=\"1024\" height=\"683\" src=\"https::\/\/elreporterohgo.com\/noticias\/wp-content\/uploads\/2019\/03\/unnamed-12-1-1024x683.jpg\" alt=\"\" class=\"wp-image-24453\" srcset=\"https:\/\/elreporterohgo.com\/noticias\/wp-content\/uploads\/2019\/03\/unnamed-12-1-1024x683.jpg 1024w, https:\/\/elreporterohgo.com\/noticias\/wp-content\/uploads\/2019\/03\/unnamed-12-1-300x200.jpg 300w, https:\/\/elreporterohgo.com\/noticias\/wp-content\/uploads\/2019\/03\/unnamed-12-1-768x512.jpg 768w\" sizes=\"(max-width: 1024px) 100vw, 1024px\" \/><\/figure>\n\n\n\n<p><\/p>\n\n\n\n<p>Tula de Allende, Hgo. -Con una inversi\u00f3n cercana a los 4 MDP inici\u00f3 operaciones la Planta Iturbe, obra en beneficio de 32 mil 217 habitantes de las localidades Iturbe y El Llano del municipio de Tula. El gobernador Omar Fayad inaugur\u00f3 la planta con capacidad potabilizadora de 40 litros por segundo. <\/p>\n\n\n\n<p>En el marco del D\u00eda Mundial\ndel Agua, el gobernador Omar Fayad, declar\u00f3 que la obra hidr\u00e1ulica era muy\nsentida por la comunidad; una gran necesidad, porque cuando se habla de un\nservicio como el del agua, la necesidad es de la m\u00e1s alta importancia\u00bb\nasegur\u00f3 que esta acci\u00f3n es un compromiso cumplido en materia de saneamiento. <\/p>\n\n\n\n<p>Destac\u00f3 que la Organizaci\u00f3n\nde las Naciones Unidas (ONU) estableci\u00f3 el 22 de marzo como el D\u00eda Mundial del\nAgua para hacer conciencia, y en el caso del estado de Hidalgo, se eligi\u00f3 al\nmunicipio de Tula para hacer un llamado a la federaci\u00f3n, presidentes\nmunicipales, al gobierno estatal, e instituciones como Semarnat, Conagua,\nSecretar\u00eda de Energ\u00eda, Pemex, entre otras, a hacer un frente com\u00fan \u201cun gran\nfrente para poder darle soluci\u00f3n\u201d a problemas que tienen que ver con el tema\ndel&nbsp; agua y su contaminaci\u00f3n.&nbsp; <\/p>\n\n\n\n<p>Por lo anterior, subray\u00f3 la\nimportancia de estas fechas para visibilizar diferentes problem\u00e1ticas y sobre\nuna realidad que nos debe preocupar y ocupar; para con ello, hacer conciencia\nsobre la contaminaci\u00f3n del agua y hacer uso sostenible del vital l\u00edquido.&nbsp; <\/p>\n\n\n\n<p>Tula tiene m\u00e1s de 18 pozos\nque suministran de agua a todas las comunidades, adem\u00e1s de 20 comit\u00e9s\nindependientes; por las condiciones y la dureza registrada en el vital l\u00edquido,\nrepresenta un riesgo latente, expuso el presidente municipal de Tula, Ismael\nGadoth Tapia Ben\u00edtez. <\/p>\n\n\n\n<p>Agradeci\u00f3 al gobernador\nOmar Fayad el acompa\u00f1amiento para la gesti\u00f3n de fondos del programa&nbsp; Fortaseg, \u201cTula vuelve a ser parte de este\nbeneficio por m\u00e1s de 15 millones de pesos\u201d, precis\u00f3.&nbsp; <\/p>\n\n\n\n<p>En coordinaci\u00f3n con el\ngobierno estatal se gestionaron m\u00e1s de 40MDP para la barda del lado norte y los\ntrabajos de la barda de la zona sur de la zona arqueol\u00f3gica de Tula, con la\nfinalidad de abrir la puerta sur, obra que detonar\u00e1 el turismo y la econom\u00eda\nlocal, cit\u00f3 Tapia Ben\u00edtez. <\/p>\n\n\n\n<p>El director de la Comisi\u00f3n\nEstatal de Agua y Alcantarillado (CEAA), Leonardo P\u00e9rez Calva, mencion\u00f3 que el\nobjetivo de la planta es tratar las aguas y con ello retirar los contaminantes\ndetectados en el l\u00edquido, entre ellos ars\u00e9nico, manganeso y dureza total, los\ncuales antes de tratamiento rebasaba los par\u00e1metros permisibles establecidos en\nla Norma Oficial Mexicana 127. <\/p>\n\n\n\n<p>&nbsp;La planta tratadora utiliza un tren de\nfiltraci\u00f3n r\u00e1pida, el cual elimina contaminantes y dureza del l\u00edquido para\ngarantizar su consumo.<\/p>\n","protected":false},"excerpt":{"rendered":"<p>Tula de Allende, Hgo. -Con una inversi\u00f3n cercana a los 4 MDP inici\u00f3 operaciones la Planta Iturbe, obra en beneficio de 32 mil 217 habitantes de las localidades Iturbe y El Llano del municipio de Tula. El gobernador Omar Fayad inaugur\u00f3 la planta con capacidad potabilizadora de 40 litros por segundo. En el marco del<\/p>\n","protected":false},"author":2,"featured_media":24453,"comment_status":"open","ping_status":"closed","sticky":false,"template":"","format":"standard","meta":{"footnotes":""},"categories":[10],"tags":[],"class_list":{"0":"post-24452","1":"post","2":"type-post","3":"status-publish","4":"format-standard","5":"has-post-thumbnail","7":"category-hidalgo"},"_links":{"self":[{"href":"https:\/\/elreporterohgo.com\/noticias\/wp-json\/wp\/v2\/posts\/24452","targetHints":{"allow":["GET"]}}],"collection":[{"href":"https:\/\/elreporterohgo.com\/noticias\/wp-json\/wp\/v2\/posts"}],"about":[{"href":"https:\/\/elreporterohgo.com\/noticias\/wp-json\/wp\/v2\/types\/post"}],"author":[{"embeddable":true,"href":"https:\/\/elreporterohgo.com\/noticias\/wp-json\/wp\/v2\/users\/2"}],"replies":[{"embeddable":true,"href":"https:\/\/elreporterohgo.com\/noticias\/wp-json\/wp\/v2\/comments?post=24452"}],"version-history":[{"count":1,"href":"https:\/\/elreporterohgo.com\/noticias\/wp-json\/wp\/v2\/posts\/24452\/revisions"}],"predecessor-version":[{"id":24454,"href":"https:\/\/elreporterohgo.com\/noticias\/wp-json\/wp\/v2\/posts\/24452\/revisions\/24454"}],"wp:featuredmedia":[{"embeddable":true,"href":"https:\/\/elreporterohgo.com\/noticias\/wp-json\/wp\/v2\/media\/24453"}],"wp:attachment":[{"href":"https:\/\/elreporterohgo.com\/noticias\/wp-json\/wp\/v2\/media?parent=24452"}],"wp:term":[{"taxonomy":"category","embeddable":true,"href":"https:\/\/elreporterohgo.com\/noticias\/wp-json\/wp\/v2\/categories?post=24452"},{"taxonomy":"post_tag","embeddable":true,"href":"https:\/\/elreporterohgo.com\/noticias\/wp-json\/wp\/v2\/tags?post=24452"}],"curies":[{"name":"wp","href":"https:\/\/api.w.org\/{rel}","templated":true}]}}