{"id":24426,"date":"2019-03-21T06:26:24","date_gmt":"2019-03-21T12:26:24","guid":{"rendered":"https:\/\/elreporterohgo.com\/noticias\/?p=24426"},"modified":"2019-03-21T06:26:25","modified_gmt":"2019-03-21T12:26:25","slug":"inclusion-y-rehabilitacion-de-personas-con-discapacidad","status":"publish","type":"post","link":"https:\/\/elreporterohgo.com\/noticias\/2019\/03\/21\/inclusion-y-rehabilitacion-de-personas-con-discapacidad\/","title":{"rendered":"Inclusi\u00f3n y rehabilitaci\u00f3n de personas con discapacidad"},"content":{"rendered":"\n<figure class=\"wp-block-image\"><img fetchpriority=\"high\" decoding=\"async\" width=\"1024\" height=\"543\" src=\"https::\/\/elreporterohgo.com\/noticias\/wp-content\/uploads\/2019\/03\/unnamed-2019-03-21T061145.664-1024x543.jpg\" alt=\"\" class=\"wp-image-24427\" srcset=\"https:\/\/elreporterohgo.com\/noticias\/wp-content\/uploads\/2019\/03\/unnamed-2019-03-21T061145.664-1024x543.jpg 1024w, https:\/\/elreporterohgo.com\/noticias\/wp-content\/uploads\/2019\/03\/unnamed-2019-03-21T061145.664-300x159.jpg 300w, https:\/\/elreporterohgo.com\/noticias\/wp-content\/uploads\/2019\/03\/unnamed-2019-03-21T061145.664-768x407.jpg 768w\" sizes=\"(max-width: 1024px) 100vw, 1024px\" \/><figcaption> <br><em>\ufeffCasa de D\u00eda para la atenci\u00f3n de adultos mayores.<\/em> <\/figcaption><\/figure>\n\n\n\n<p><em> <\/em><\/p>\n\n\n\n<p>San Agust\u00edn Tlaxiaca, Hgo.- En gira de trabajo por el\nmunicipio de San Agust\u00edn Tlaxiaca, el gobernador Omar Fayad inaugur\u00f3 la Unidad\nB\u00e1sica de Rehabilitaci\u00f3n (UBR) que beneficiar\u00e1 a 17 mil 280 personas, obra con\nuna inversi\u00f3n cercana a los 3 MDP, m\u00e1s una aportaci\u00f3n de 500 mil pesos en\nequipamiento por parte del Sistema DIF Hidalgo.<\/p>\n\n\n\n<p>Mencion\u00f3 que en Hidalgo hay 156 mil personas con alg\u00fan tipo\nde discapacidad, al respecto, dijo que su gobierno cuenta con una pol\u00edtica de\ndesarrollo de inclusi\u00f3n a la sociedad y a la vida cotidiana, los distintos\nniveles gubernamentales trabajar\u00e1n para que las personas con discapacidad&nbsp; reciban un apoyo econ\u00f3mico cada dos meses;\nanunci\u00f3 que ser\u00e1n incluidas en el programa alimentario del gobierno estatal. <\/p>\n\n\n\n<p>Exhort\u00f3 a cada secretar\u00eda de su gobierno a \u00abdisponer\nde lo necesario en cada uno de sus programas para que en sus padrones de\natenci\u00f3n a la poblaci\u00f3n tengan el rubro de c\u00f3mo van a ayudar a las 156 mil\npersonas con discapacidad\u00bb; pidi\u00f3 a la Unidad de Planeaci\u00f3n y\nProspectiva&nbsp; evaluar la pol\u00edtica\ntransversal para saber en qu\u00e9 y c\u00f3mo facilitan la atenci\u00f3n a este grupo. <\/p>\n\n\n\n<p>En este mismo sentido, destac\u00f3 la vulnerabilidad de las\npersonas adultas mayores que requiere de cuidados especiales; por ello, anunci\u00f3\nla construcci\u00f3n de una Casa de D\u00eda en el mismo espacio f\u00edsico, en donde\ncontar\u00e1n con el servicio de consulta geri\u00e1trica a trav\u00e9s del sistema estatal de\n<em>teleconsulta<\/em>. <\/p>\n\n\n\n<p>Alma Dalila L\u00f3pez Santiago, presidenta municipal de San\nAgust\u00edn Tlaxiaca, agradeci\u00f3 el apoyo y respaldo del gobernador Omar Fayad, ya\nque asegur\u00f3 que la obra atender\u00e1 las necesidades m\u00e1s sentidas de los habitantes\ndel municipio y demarcaciones cercanas. <\/p>\n\n\n\n<p>Patricia Gonz\u00e1lez Valencia, directora del Sistema DIF Hidalgo, reconoci\u00f3 que m\u00e1s all\u00e1 de buscar inversiones, oportunidades para los j\u00f3venes y obras de infraestructura b\u00e1sica, el gobernador Omar Fayad es un gobernante que juntamente con Victoria Ruffo, que procuran el bienestar social de los grupos vulnerables.<\/p>\n\n\n\n<figure class=\"wp-block-image\"><img decoding=\"async\" width=\"1024\" height=\"596\" src=\"https::\/\/elreporterohgo.com\/noticias\/wp-content\/uploads\/2019\/03\/unnamed-2019-03-21T061132.470-1024x596.jpg\" alt=\"\" class=\"wp-image-24428\" srcset=\"https:\/\/elreporterohgo.com\/noticias\/wp-content\/uploads\/2019\/03\/unnamed-2019-03-21T061132.470-1024x596.jpg 1024w, https:\/\/elreporterohgo.com\/noticias\/wp-content\/uploads\/2019\/03\/unnamed-2019-03-21T061132.470-300x175.jpg 300w, https:\/\/elreporterohgo.com\/noticias\/wp-content\/uploads\/2019\/03\/unnamed-2019-03-21T061132.470-768x447.jpg 768w\" sizes=\"(max-width: 1024px) 100vw, 1024px\" \/><\/figure>\n\n\n\n<figure class=\"wp-block-image\"><img decoding=\"async\" width=\"1024\" height=\"762\" src=\"https::\/\/elreporterohgo.com\/noticias\/wp-content\/uploads\/2019\/03\/unnamed-2019-03-21T061156.045-1024x762.jpg\" alt=\"\" class=\"wp-image-24429\" srcset=\"https:\/\/elreporterohgo.com\/noticias\/wp-content\/uploads\/2019\/03\/unnamed-2019-03-21T061156.045-1024x762.jpg 1024w, https:\/\/elreporterohgo.com\/noticias\/wp-content\/uploads\/2019\/03\/unnamed-2019-03-21T061156.045-300x223.jpg 300w, https:\/\/elreporterohgo.com\/noticias\/wp-content\/uploads\/2019\/03\/unnamed-2019-03-21T061156.045-768x571.jpg 768w, https:\/\/elreporterohgo.com\/noticias\/wp-content\/uploads\/2019\/03\/unnamed-2019-03-21T061156.045.jpg 1711w\" sizes=\"(max-width: 1024px) 100vw, 1024px\" \/><\/figure>\n","protected":false},"excerpt":{"rendered":"<p>San Agust\u00edn Tlaxiaca, Hgo.- En gira de trabajo por el municipio de San Agust\u00edn Tlaxiaca, el gobernador Omar Fayad inaugur\u00f3 la Unidad B\u00e1sica de Rehabilitaci\u00f3n (UBR) que beneficiar\u00e1 a 17 mil 280 personas, obra con una inversi\u00f3n cercana a los 3 MDP, m\u00e1s una aportaci\u00f3n de 500 mil pesos en equipamiento por parte del Sistema<\/p>\n","protected":false},"author":2,"featured_media":24428,"comment_status":"open","ping_status":"closed","sticky":false,"template":"","format":"standard","meta":{"footnotes":""},"categories":[10],"tags":[],"class_list":{"0":"post-24426","1":"post","2":"type-post","3":"status-publish","4":"format-standard","5":"has-post-thumbnail","7":"category-hidalgo"},"_links":{"self":[{"href":"https:\/\/elreporterohgo.com\/noticias\/wp-json\/wp\/v2\/posts\/24426","targetHints":{"allow":["GET"]}}],"collection":[{"href":"https:\/\/elreporterohgo.com\/noticias\/wp-json\/wp\/v2\/posts"}],"about":[{"href":"https:\/\/elreporterohgo.com\/noticias\/wp-json\/wp\/v2\/types\/post"}],"author":[{"embeddable":true,"href":"https:\/\/elreporterohgo.com\/noticias\/wp-json\/wp\/v2\/users\/2"}],"replies":[{"embeddable":true,"href":"https:\/\/elreporterohgo.com\/noticias\/wp-json\/wp\/v2\/comments?post=24426"}],"version-history":[{"count":1,"href":"https:\/\/elreporterohgo.com\/noticias\/wp-json\/wp\/v2\/posts\/24426\/revisions"}],"predecessor-version":[{"id":24430,"href":"https:\/\/elreporterohgo.com\/noticias\/wp-json\/wp\/v2\/posts\/24426\/revisions\/24430"}],"wp:featuredmedia":[{"embeddable":true,"href":"https:\/\/elreporterohgo.com\/noticias\/wp-json\/wp\/v2\/media\/24428"}],"wp:attachment":[{"href":"https:\/\/elreporterohgo.com\/noticias\/wp-json\/wp\/v2\/media?parent=24426"}],"wp:term":[{"taxonomy":"category","embeddable":true,"href":"https:\/\/elreporterohgo.com\/noticias\/wp-json\/wp\/v2\/categories?post=24426"},{"taxonomy":"post_tag","embeddable":true,"href":"https:\/\/elreporterohgo.com\/noticias\/wp-json\/wp\/v2\/tags?post=24426"}],"curies":[{"name":"wp","href":"https:\/\/api.w.org\/{rel}","templated":true}]}}