{"id":24387,"date":"2019-03-19T15:35:11","date_gmt":"2019-03-19T21:35:11","guid":{"rendered":"https:\/\/elreporterohgo.com\/noticias\/?p=24387"},"modified":"2019-03-19T15:35:12","modified_gmt":"2019-03-19T21:35:12","slug":"fuego-en-el-motor-de-automovil","status":"publish","type":"post","link":"https:\/\/elreporterohgo.com\/noticias\/2019\/03\/19\/fuego-en-el-motor-de-automovil\/","title":{"rendered":"Fuego en el motor de autom\u00f3vil"},"content":{"rendered":"\n<figure class=\"wp-block-image\"><img fetchpriority=\"high\" decoding=\"async\" width=\"1024\" height=\"576\" src=\"https::\/\/elreporterohgo.com\/noticias\/wp-content\/uploads\/2019\/03\/IMG-20190319-WA0098-1024x576.jpg\" alt=\"\" class=\"wp-image-24388\" srcset=\"https:\/\/elreporterohgo.com\/noticias\/wp-content\/uploads\/2019\/03\/IMG-20190319-WA0098-1024x576.jpg 1024w, https:\/\/elreporterohgo.com\/noticias\/wp-content\/uploads\/2019\/03\/IMG-20190319-WA0098-300x169.jpg 300w, https:\/\/elreporterohgo.com\/noticias\/wp-content\/uploads\/2019\/03\/IMG-20190319-WA0098-768x432.jpg 768w, https:\/\/elreporterohgo.com\/noticias\/wp-content\/uploads\/2019\/03\/IMG-20190319-WA0098.jpg 1280w\" sizes=\"(max-width: 1024px) 100vw, 1024px\" \/><\/figure>\n\n\n\n<p>Pachuca, Hgo.- Una falla mec\u00e1nica origino que se incendiara un autom\u00f3vil\nen la capital hidalguense, por fortuna no hubo lesionados.<\/p>\n\n\n\n<p>Personal del H. Cuerpo de Bomberos de la Secretar\u00eda de Seguridad P\u00fablica\nde Hidalgo atiende el incendio por aparente falla mec\u00e1nica de un veh\u00edculo en el\nbulevar Santa Catarina, a la altura del fraccionamiento Haciendas de Hidalgo,\nen Pachuca.<\/p>\n\n\n\n<p>La unidad es Ford Ikon, color gris, con placas de Hidalgo, cuyo\npropietario inform\u00f3 que al circular por la v\u00eda detect\u00f3 humo en la zona de motor\ny se orill\u00f3, solicitando apoyo.<\/p>\n\n\n\n<p>Ante la oportuna intervenci\u00f3n del cuerpo de rescate el incendio fue\nsofocado y no se reportan personas lesionadas. En caso de Emergencias, llama al\n911.<\/p>\n","protected":false},"excerpt":{"rendered":"<p>Pachuca, Hgo.- Una falla mec\u00e1nica origino que se incendiara un autom\u00f3vil en la capital hidalguense, por fortuna no hubo lesionados. Personal del H. Cuerpo de Bomberos de la Secretar\u00eda de Seguridad P\u00fablica de Hidalgo atiende el incendio por aparente falla mec\u00e1nica de un veh\u00edculo en el bulevar Santa Catarina, a la altura del fraccionamiento Haciendas<\/p>\n","protected":false},"author":2,"featured_media":24388,"comment_status":"open","ping_status":"closed","sticky":false,"template":"","format":"standard","meta":{"footnotes":""},"categories":[10],"tags":[],"class_list":{"0":"post-24387","1":"post","2":"type-post","3":"status-publish","4":"format-standard","5":"has-post-thumbnail","7":"category-hidalgo"},"_links":{"self":[{"href":"https:\/\/elreporterohgo.com\/noticias\/wp-json\/wp\/v2\/posts\/24387","targetHints":{"allow":["GET"]}}],"collection":[{"href":"https:\/\/elreporterohgo.com\/noticias\/wp-json\/wp\/v2\/posts"}],"about":[{"href":"https:\/\/elreporterohgo.com\/noticias\/wp-json\/wp\/v2\/types\/post"}],"author":[{"embeddable":true,"href":"https:\/\/elreporterohgo.com\/noticias\/wp-json\/wp\/v2\/users\/2"}],"replies":[{"embeddable":true,"href":"https:\/\/elreporterohgo.com\/noticias\/wp-json\/wp\/v2\/comments?post=24387"}],"version-history":[{"count":1,"href":"https:\/\/elreporterohgo.com\/noticias\/wp-json\/wp\/v2\/posts\/24387\/revisions"}],"predecessor-version":[{"id":24389,"href":"https:\/\/elreporterohgo.com\/noticias\/wp-json\/wp\/v2\/posts\/24387\/revisions\/24389"}],"wp:featuredmedia":[{"embeddable":true,"href":"https:\/\/elreporterohgo.com\/noticias\/wp-json\/wp\/v2\/media\/24388"}],"wp:attachment":[{"href":"https:\/\/elreporterohgo.com\/noticias\/wp-json\/wp\/v2\/media?parent=24387"}],"wp:term":[{"taxonomy":"category","embeddable":true,"href":"https:\/\/elreporterohgo.com\/noticias\/wp-json\/wp\/v2\/categories?post=24387"},{"taxonomy":"post_tag","embeddable":true,"href":"https:\/\/elreporterohgo.com\/noticias\/wp-json\/wp\/v2\/tags?post=24387"}],"curies":[{"name":"wp","href":"https:\/\/api.w.org\/{rel}","templated":true}]}}