{"id":24381,"date":"2019-03-19T08:09:50","date_gmt":"2019-03-19T14:09:50","guid":{"rendered":"https:\/\/elreporterohgo.com\/noticias\/?p=24381"},"modified":"2019-03-19T08:09:51","modified_gmt":"2019-03-19T14:09:51","slug":"acciones-que-protejan-monumentos-de-pachuca","status":"publish","type":"post","link":"https:\/\/elreporterohgo.com\/noticias\/2019\/03\/19\/acciones-que-protejan-monumentos-de-pachuca\/","title":{"rendered":"Acciones que protejan monumentos de Pachuca"},"content":{"rendered":"\n<p><strong>B<\/strong><\/p>\n\n\n\n<figure class=\"wp-block-image\"><img fetchpriority=\"high\" decoding=\"async\" width=\"929\" height=\"643\" src=\"https::\/\/elreporterohgo.com\/noticias\/wp-content\/uploads\/2019\/03\/Plaza_Juan_C_Doria.jpg\" alt=\"\" class=\"wp-image-24382\" srcset=\"https:\/\/elreporterohgo.com\/noticias\/wp-content\/uploads\/2019\/03\/Plaza_Juan_C_Doria.jpg 929w, https:\/\/elreporterohgo.com\/noticias\/wp-content\/uploads\/2019\/03\/Plaza_Juan_C_Doria-300x208.jpg 300w, https:\/\/elreporterohgo.com\/noticias\/wp-content\/uploads\/2019\/03\/Plaza_Juan_C_Doria-768x532.jpg 768w\" sizes=\"(max-width: 929px) 100vw, 929px\" \/><\/figure>\n\n\n\n<ul class=\"wp-block-list\"><li><em>La\nComisi\u00f3n de Cultura exhorta a la alcald\u00eda pachuque\u00f1a a acciones que conserven,\nmejoren, mantengan y protejan monumentos de su centro hist\u00f3rico.<\/em><\/li><\/ul>\n\n\n\n<p>Por ser parte fundamental de la\nhistoria de la vida institucional de la entidad y de la capital del estado,\nadem\u00e1s de ser parte de la identidad hidalguense, la diputada Corina Mart\u00ednez\nGarc\u00eda y el diputado Humberto Veras Godoy impulsan una iniciativa para que sea\nfabricada una nueva placa met\u00e1lica que contenga el mensaje original que\nacompa\u00f1aba a la obra escult\u00f3rica de Juan Cris\u00f3stomo Doria Gonz\u00e1lez, que\ndenotaba su procedencia.<\/p>\n\n\n\n<p>Mart\u00ednez Garc\u00eda considera que se debe\ndar la importancia que merece al coronel y abogado Juan Cris\u00f3stomo Doria\nGonz\u00e1lez, primer gobernador del estado de Hidalgo, cuya estatua y placa\nalusivas fueron obsequio del pueblo de Tamaulipas, las cuales debemos conservar\n\u00edntegras para futuras generaciones en la ciudad capital.<\/p>\n\n\n\n<p>La legisladora explic\u00f3 que el\nAyuntamiento de Pachuca debe salvaguardar y preservar todas las piezas que\nconforman el patrimonio cultural, tanto por su relevancia hist\u00f3rica como por su\ncontribuci\u00f3n al mantenimiento de la memoria colectiva.<\/p>\n\n\n\n<p>Cabe destacar que en la \u00faltima sesi\u00f3n\nordinaria del Congreso de Hidalgo fue aprobado el acuerdo econ\u00f3mico presentado\npor la primera Comisi\u00f3n de Cultura de la LXIV Legislatura, presidida por la\ndiputada Corina Mart\u00ednez, para restablecer la placa original de la escultura\ndel primer gobernador del estado, Juan Cris\u00f3stomo Doria, bajo preceptos de la\nLey sobre Protecci\u00f3n y Conservaci\u00f3n del Centro Hist\u00f3rico y del Patrimonio\nCultural de la Ciudad de Pachuca, que se\u00f1ala que monumentos e inmuebles deben\nser objeto de mejora, conservaci\u00f3n, mantenimiento y protecci\u00f3n.<\/p>\n\n\n\n<p>Las diputadas y diputados exhortan, por\ntanto, al Ayuntamiento de Pachuca de Soto para que en colaboraci\u00f3n con el\nComit\u00e9 para la Conservaci\u00f3n y Preservaci\u00f3n del Centro Hist\u00f3rico, su patronato y\nFideicomiso, en la medida de las atribuciones consideradas en la Ley sobre\nProtecci\u00f3n y Conservaci\u00f3n del Centro Hist\u00f3rico y del Patrimonio Cultural de la\nCiudad de Pachuca de Soto, art\u00edculos 4 y 56 de la Ley Org\u00e1nica Municipal de\nHidalgo, se tomen acuerdos para que sea fabricada una nueva placa met\u00e1lica que\ncontenga el mensaje original que acompa\u00f1aba a la obra escult\u00f3rica de Juan\nCris\u00f3stomo Doria Gonz\u00e1lez y en la que denotaba su procedencia.<\/p>\n\n\n\n<p>Mart\u00ednez Garc\u00eda record\u00f3 que Juan\nCris\u00f3stomo Doria Gonz\u00e1lez, en su calidad de gobernador provisional, ocup\u00f3 a\npartir de 1869 la titularidad del Ejecutivo Estatal. A \u00e9l le toc\u00f3 la\nresponsabilidad de convocar a elecciones, nombrar a los primeros magistrados e\niniciar las tareas del Poder Legislativo.<\/p>\n\n\n\n<p>Durante a\u00f1os, la placa que hac\u00eda\nmenci\u00f3n de que el busto en su honor era un regalo del pueblo de Tamaulipas para\nel pueblo hidalguense permaneci\u00f3 a su lado en la plaza del mismo nombre (a un\ncostado de la calle Vicente Guerrero). <\/p>\n","protected":false},"excerpt":{"rendered":"<p>B La Comisi\u00f3n de Cultura exhorta a la alcald\u00eda pachuque\u00f1a a acciones que conserven, mejoren, mantengan y protejan monumentos de su centro hist\u00f3rico. Por ser parte fundamental de la historia de la vida institucional de la entidad y de la capital del estado, adem\u00e1s de ser parte de la identidad hidalguense, la diputada Corina Mart\u00ednez<\/p>\n","protected":false},"author":2,"featured_media":24382,"comment_status":"open","ping_status":"closed","sticky":false,"template":"","format":"standard","meta":{"footnotes":""},"categories":[10],"tags":[],"class_list":{"0":"post-24381","1":"post","2":"type-post","3":"status-publish","4":"format-standard","5":"has-post-thumbnail","7":"category-hidalgo"},"_links":{"self":[{"href":"https:\/\/elreporterohgo.com\/noticias\/wp-json\/wp\/v2\/posts\/24381","targetHints":{"allow":["GET"]}}],"collection":[{"href":"https:\/\/elreporterohgo.com\/noticias\/wp-json\/wp\/v2\/posts"}],"about":[{"href":"https:\/\/elreporterohgo.com\/noticias\/wp-json\/wp\/v2\/types\/post"}],"author":[{"embeddable":true,"href":"https:\/\/elreporterohgo.com\/noticias\/wp-json\/wp\/v2\/users\/2"}],"replies":[{"embeddable":true,"href":"https:\/\/elreporterohgo.com\/noticias\/wp-json\/wp\/v2\/comments?post=24381"}],"version-history":[{"count":1,"href":"https:\/\/elreporterohgo.com\/noticias\/wp-json\/wp\/v2\/posts\/24381\/revisions"}],"predecessor-version":[{"id":24383,"href":"https:\/\/elreporterohgo.com\/noticias\/wp-json\/wp\/v2\/posts\/24381\/revisions\/24383"}],"wp:featuredmedia":[{"embeddable":true,"href":"https:\/\/elreporterohgo.com\/noticias\/wp-json\/wp\/v2\/media\/24382"}],"wp:attachment":[{"href":"https:\/\/elreporterohgo.com\/noticias\/wp-json\/wp\/v2\/media?parent=24381"}],"wp:term":[{"taxonomy":"category","embeddable":true,"href":"https:\/\/elreporterohgo.com\/noticias\/wp-json\/wp\/v2\/categories?post=24381"},{"taxonomy":"post_tag","embeddable":true,"href":"https:\/\/elreporterohgo.com\/noticias\/wp-json\/wp\/v2\/tags?post=24381"}],"curies":[{"name":"wp","href":"https:\/\/api.w.org\/{rel}","templated":true}]}}