{"id":24371,"date":"2019-03-18T19:16:25","date_gmt":"2019-03-19T01:16:25","guid":{"rendered":"https:\/\/elreporterohgo.com\/noticias\/?p=24371"},"modified":"2019-03-18T19:16:26","modified_gmt":"2019-03-19T01:16:26","slug":"lopez-obrador-anuncio-rehabilitacion-de-refinerias","status":"publish","type":"post","link":"https:\/\/elreporterohgo.com\/noticias\/2019\/03\/18\/lopez-obrador-anuncio-rehabilitacion-de-refinerias\/","title":{"rendered":"L\u00f3pez Obrador anunci\u00f3 rehabilitaci\u00f3n de refiner\u00edas"},"content":{"rendered":"\n<p><strong>A<\/strong><\/p>\n\n\n\n<figure class=\"wp-block-image\"><img fetchpriority=\"high\" decoding=\"async\" width=\"1024\" height=\"764\" src=\"https::\/\/elreporterohgo.com\/noticias\/wp-content\/uploads\/2019\/03\/unnamed-9-1-1024x764.jpg\" alt=\"\" class=\"wp-image-24372\" srcset=\"https:\/\/elreporterohgo.com\/noticias\/wp-content\/uploads\/2019\/03\/unnamed-9-1-1024x764.jpg 1024w, https:\/\/elreporterohgo.com\/noticias\/wp-content\/uploads\/2019\/03\/unnamed-9-1-300x224.jpg 300w, https:\/\/elreporterohgo.com\/noticias\/wp-content\/uploads\/2019\/03\/unnamed-9-1-768x573.jpg 768w, https:\/\/elreporterohgo.com\/noticias\/wp-content\/uploads\/2019\/03\/unnamed-9-1.jpg 1521w\" sizes=\"(max-width: 1024px) 100vw, 1024px\" \/><figcaption>Parece que son buenos amigos.<\/figcaption><\/figure>\n\n\n\n<figure class=\"wp-block-image\"><img decoding=\"async\" width=\"1024\" height=\"683\" src=\"https::\/\/elreporterohgo.com\/noticias\/wp-content\/uploads\/2019\/03\/unnamed-7-1-1024x683.jpg\" alt=\"\" class=\"wp-image-24373\" srcset=\"https:\/\/elreporterohgo.com\/noticias\/wp-content\/uploads\/2019\/03\/unnamed-7-1-1024x683.jpg 1024w, https:\/\/elreporterohgo.com\/noticias\/wp-content\/uploads\/2019\/03\/unnamed-7-1-300x200.jpg 300w, https:\/\/elreporterohgo.com\/noticias\/wp-content\/uploads\/2019\/03\/unnamed-7-1-768x512.jpg 768w\" sizes=\"(max-width: 1024px) 100vw, 1024px\" \/><figcaption>Recorrido por la refiner\u00eda de Tula, Hgo.<\/figcaption><\/figure>\n\n\n\n<figure class=\"wp-block-image\"><img decoding=\"async\" width=\"1024\" height=\"703\" src=\"https::\/\/elreporterohgo.com\/noticias\/wp-content\/uploads\/2019\/03\/unnamed-8-1-1024x703.jpg\" alt=\"\" class=\"wp-image-24374\" srcset=\"https:\/\/elreporterohgo.com\/noticias\/wp-content\/uploads\/2019\/03\/unnamed-8-1-1024x703.jpg 1024w, https:\/\/elreporterohgo.com\/noticias\/wp-content\/uploads\/2019\/03\/unnamed-8-1-300x206.jpg 300w, https:\/\/elreporterohgo.com\/noticias\/wp-content\/uploads\/2019\/03\/unnamed-8-1-768x527.jpg 768w, https:\/\/elreporterohgo.com\/noticias\/wp-content\/uploads\/2019\/03\/unnamed-8-1.jpg 1513w\" sizes=\"(max-width: 1024px) 100vw, 1024px\" \/><\/figure>\n\n\n\n<figure class=\"wp-block-image\"><img loading=\"lazy\" decoding=\"async\" width=\"1024\" height=\"790\" src=\"https::\/\/elreporterohgo.com\/noticias\/wp-content\/uploads\/2019\/03\/unnamed-11-1-1024x790.jpg\" alt=\"\" class=\"wp-image-24375\" srcset=\"https:\/\/elreporterohgo.com\/noticias\/wp-content\/uploads\/2019\/03\/unnamed-11-1-1024x790.jpg 1024w, https:\/\/elreporterohgo.com\/noticias\/wp-content\/uploads\/2019\/03\/unnamed-11-1-300x231.jpg 300w, https:\/\/elreporterohgo.com\/noticias\/wp-content\/uploads\/2019\/03\/unnamed-11-1-768x592.jpg 768w, https:\/\/elreporterohgo.com\/noticias\/wp-content\/uploads\/2019\/03\/unnamed-11-1.jpg 1524w\" sizes=\"(max-width: 1024px) 100vw, 1024px\" \/><\/figure>\n\n\n\n<p><em>81 Aniversario de Expropiaci\u00f3n Petrolera<\/em><\/p>\n\n\n\n<p>Tula, Hgo. &#8211; El presidente de M\u00e9xico, Andr\u00e9s Manuel L\u00f3pez Obrador, visit\u00f3 el municipio de Tula para conmemorar el 81 Aniversario de la Expropiaci\u00f3n Petrolera, suceso que calific\u00f3 como una fecha hist\u00f3rica que permiti\u00f3 un cambio en la pol\u00edtica energ\u00e9tica y econ\u00f3mica de nuestro pa\u00eds.<\/p>\n\n\n\n<p>Enfatiz\u00f3 que de 800 mil barriles diarios de gasolinas que\nse consumen en M\u00e9xico, en territorio nacional s\u00f3lo se producen 200 mil, raz\u00f3n\npor la que se comprometi\u00f3 a elevar la productividad. <\/p>\n\n\n\n<p>Subray\u00f3, \u00abvamos a recuperar la producci\u00f3n de petr\u00f3leo,\nque se produzca petr\u00f3leo con 20 nuevos campos petroleros porque estamos\ndestinando presupuesto suficiente a este prop\u00f3sito; vamos a rehabilitar las 6\nrefiner\u00edas\u00bb. <\/p>\n\n\n\n<p>Indic\u00f3 que en 40 a\u00f1os no se ha construido ninguna refiner\u00eda\nen nuestro pa\u00eds, por lo que justific\u00f3 la creaci\u00f3n de una s\u00e9ptima y as\u00ed poder\nser autosuficientes en gasolinas, petr\u00f3leo y productos petroqu\u00edmicos para que\nPEMEX sea palanca del desarrollo de M\u00e9xico. <\/p>\n\n\n\n<p>Finalmente dijo que no habr\u00e1n mas gasolinazos,\ncomprometi\u00e9ndose a mantener los precios de los combustibles en t\u00e9rminos reales,\n\u201csin aumento en el di\u00e9sel, gas, gasolina y luz el\u00e9ctrica\u201d.<\/p>\n\n\n\n<p>En su discurso el gobernador Omar Fayad destac\u00f3: \u00abLa\nenerg\u00eda es el principal motor de los pa\u00edses industrializados y del alto nivel\nde bienestar que han alcanzado; disponibilidad y seguridad energ\u00e9tica\nsignifican entonces bienestar creciente, seguridad creciente y sobre todo,\nsoberan\u00eda creciente\u00bb, indic\u00f3 el mandatario estatal.<\/p>\n\n\n\n<p>Resalt\u00f3 que en su momento el general C\u00e1rdenas contaba con\nel respaldo de millones de mexicanos; mismo respaldo, finaliz\u00f3, que hoy el\npueblo de Hidalgo brinda al presidente L\u00f3pez Obrador y a su gobierno en esta\nnueva realidad energ\u00e9tica que tiene que vivir nuestro pa\u00eds\u00bb.<\/p>\n\n\n\n<p>Estuvieron tambi\u00e9n presentes en este importante evento\nRoc\u00edo Nahle Garc\u00eda, titular de la Secretar\u00eda de Energ\u00eda; Octavio Romero\nOropeza, director general de Petr\u00f3leos Mexicanos; integrantes del gabinete\nestatal, as\u00ed como representantes de los poderes Legislativo, Judicial y de las\nautoridades municipales.<\/p>\n","protected":false},"excerpt":{"rendered":"<p>A 81 Aniversario de Expropiaci\u00f3n Petrolera Tula, Hgo. &#8211; El presidente de M\u00e9xico, Andr\u00e9s Manuel L\u00f3pez Obrador, visit\u00f3 el municipio de Tula para conmemorar el 81 Aniversario de la Expropiaci\u00f3n Petrolera, suceso que calific\u00f3 como una fecha hist\u00f3rica que permiti\u00f3 un cambio en la pol\u00edtica energ\u00e9tica y econ\u00f3mica de nuestro pa\u00eds. Enfatiz\u00f3 que de 800<\/p>\n","protected":false},"author":2,"featured_media":24375,"comment_status":"open","ping_status":"closed","sticky":false,"template":"","format":"standard","meta":{"footnotes":""},"categories":[10],"tags":[],"class_list":{"0":"post-24371","1":"post","2":"type-post","3":"status-publish","4":"format-standard","5":"has-post-thumbnail","7":"category-hidalgo"},"_links":{"self":[{"href":"https:\/\/elreporterohgo.com\/noticias\/wp-json\/wp\/v2\/posts\/24371","targetHints":{"allow":["GET"]}}],"collection":[{"href":"https:\/\/elreporterohgo.com\/noticias\/wp-json\/wp\/v2\/posts"}],"about":[{"href":"https:\/\/elreporterohgo.com\/noticias\/wp-json\/wp\/v2\/types\/post"}],"author":[{"embeddable":true,"href":"https:\/\/elreporterohgo.com\/noticias\/wp-json\/wp\/v2\/users\/2"}],"replies":[{"embeddable":true,"href":"https:\/\/elreporterohgo.com\/noticias\/wp-json\/wp\/v2\/comments?post=24371"}],"version-history":[{"count":1,"href":"https:\/\/elreporterohgo.com\/noticias\/wp-json\/wp\/v2\/posts\/24371\/revisions"}],"predecessor-version":[{"id":24376,"href":"https:\/\/elreporterohgo.com\/noticias\/wp-json\/wp\/v2\/posts\/24371\/revisions\/24376"}],"wp:featuredmedia":[{"embeddable":true,"href":"https:\/\/elreporterohgo.com\/noticias\/wp-json\/wp\/v2\/media\/24375"}],"wp:attachment":[{"href":"https:\/\/elreporterohgo.com\/noticias\/wp-json\/wp\/v2\/media?parent=24371"}],"wp:term":[{"taxonomy":"category","embeddable":true,"href":"https:\/\/elreporterohgo.com\/noticias\/wp-json\/wp\/v2\/categories?post=24371"},{"taxonomy":"post_tag","embeddable":true,"href":"https:\/\/elreporterohgo.com\/noticias\/wp-json\/wp\/v2\/tags?post=24371"}],"curies":[{"name":"wp","href":"https:\/\/api.w.org\/{rel}","templated":true}]}}