{"id":24365,"date":"2019-03-18T15:42:55","date_gmt":"2019-03-18T21:42:55","guid":{"rendered":"https:\/\/elreporterohgo.com\/noticias\/?p=24365"},"modified":"2019-03-18T15:42:56","modified_gmt":"2019-03-18T21:42:56","slug":"incendio-en-fabrica-de-veladoras","status":"publish","type":"post","link":"https:\/\/elreporterohgo.com\/noticias\/2019\/03\/18\/incendio-en-fabrica-de-veladoras\/","title":{"rendered":"Incendio en f\u00e1brica de veladoras"},"content":{"rendered":"\n<figure class=\"wp-block-image\"><img fetchpriority=\"high\" decoding=\"async\" width=\"1024\" height=\"596\" src=\"https::\/\/elreporterohgo.com\/noticias\/wp-content\/uploads\/2019\/03\/PHOTO-2019-03-18-14-41-46-1024x596.jpg\" alt=\"\" class=\"wp-image-24366\" srcset=\"https:\/\/elreporterohgo.com\/noticias\/wp-content\/uploads\/2019\/03\/PHOTO-2019-03-18-14-41-46-1024x596.jpg 1024w, https:\/\/elreporterohgo.com\/noticias\/wp-content\/uploads\/2019\/03\/PHOTO-2019-03-18-14-41-46-300x175.jpg 300w, https:\/\/elreporterohgo.com\/noticias\/wp-content\/uploads\/2019\/03\/PHOTO-2019-03-18-14-41-46-768x447.jpg 768w, https:\/\/elreporterohgo.com\/noticias\/wp-content\/uploads\/2019\/03\/PHOTO-2019-03-18-14-41-46.jpg 1097w\" sizes=\"(max-width: 1024px) 100vw, 1024px\" \/><\/figure>\n\n\n\n<p>Por derrame de parafina<\/p>\n\n\n\n<p>TULANCINGO, Hgo. \u2013 Elevadas p\u00e9rdidas materiales dejo el\nincendio en una f\u00e1brica de veladoras ubicada en la colonia Javier Rojo G\u00f3mez de\nesta ciudad.<\/p>\n\n\n\n<p>Al n\u00famero de emergencias 911 se reporta un incendio en una\nf\u00e1brica de veladoras, mencionado que la llamas est\u00e1n muy grandes, no\nproporcionan mayor informaci\u00f3n; por medio de videovigilancia de la Estrategia\nHidalgo Seguro se visualiza el incidente.<br>\n<br>\nPolic\u00eda Estatal se entrevista con el propietario de nombre\nFernando L.G., de 66 a\u00f1os de edad, quien refiere que se derramo un tambo de\nparafina y eso fue lo que al parecer provoc\u00f3 el incendio.<br>\n<br>\nAl lugar acude el H. Cuerpo de Bomberos, sofocando el\nincendio en su totalidad, no hubo personas lesionadas; el propietario no\ncuantifica el monto de la p\u00e9rdida.<\/p>\n","protected":false},"excerpt":{"rendered":"<p>Por derrame de parafina TULANCINGO, Hgo. \u2013 Elevadas p\u00e9rdidas materiales dejo el incendio en una f\u00e1brica de veladoras ubicada en la colonia Javier Rojo G\u00f3mez de esta ciudad. Al n\u00famero de emergencias 911 se reporta un incendio en una f\u00e1brica de veladoras, mencionado que la llamas est\u00e1n muy grandes, no proporcionan mayor informaci\u00f3n; por medio<\/p>\n","protected":false},"author":2,"featured_media":24366,"comment_status":"open","ping_status":"closed","sticky":false,"template":"","format":"standard","meta":{"footnotes":""},"categories":[10],"tags":[],"class_list":{"0":"post-24365","1":"post","2":"type-post","3":"status-publish","4":"format-standard","5":"has-post-thumbnail","7":"category-hidalgo"},"_links":{"self":[{"href":"https:\/\/elreporterohgo.com\/noticias\/wp-json\/wp\/v2\/posts\/24365","targetHints":{"allow":["GET"]}}],"collection":[{"href":"https:\/\/elreporterohgo.com\/noticias\/wp-json\/wp\/v2\/posts"}],"about":[{"href":"https:\/\/elreporterohgo.com\/noticias\/wp-json\/wp\/v2\/types\/post"}],"author":[{"embeddable":true,"href":"https:\/\/elreporterohgo.com\/noticias\/wp-json\/wp\/v2\/users\/2"}],"replies":[{"embeddable":true,"href":"https:\/\/elreporterohgo.com\/noticias\/wp-json\/wp\/v2\/comments?post=24365"}],"version-history":[{"count":1,"href":"https:\/\/elreporterohgo.com\/noticias\/wp-json\/wp\/v2\/posts\/24365\/revisions"}],"predecessor-version":[{"id":24367,"href":"https:\/\/elreporterohgo.com\/noticias\/wp-json\/wp\/v2\/posts\/24365\/revisions\/24367"}],"wp:featuredmedia":[{"embeddable":true,"href":"https:\/\/elreporterohgo.com\/noticias\/wp-json\/wp\/v2\/media\/24366"}],"wp:attachment":[{"href":"https:\/\/elreporterohgo.com\/noticias\/wp-json\/wp\/v2\/media?parent=24365"}],"wp:term":[{"taxonomy":"category","embeddable":true,"href":"https:\/\/elreporterohgo.com\/noticias\/wp-json\/wp\/v2\/categories?post=24365"},{"taxonomy":"post_tag","embeddable":true,"href":"https:\/\/elreporterohgo.com\/noticias\/wp-json\/wp\/v2\/tags?post=24365"}],"curies":[{"name":"wp","href":"https:\/\/api.w.org\/{rel}","templated":true}]}}