{"id":24333,"date":"2019-03-16T03:08:26","date_gmt":"2019-03-16T09:08:26","guid":{"rendered":"https:\/\/elreporterohgo.com\/noticias\/?p=24333"},"modified":"2019-03-16T03:08:28","modified_gmt":"2019-03-16T09:08:28","slug":"ieeh-realiza-segunda-mesa-de-trabajo-con-representaciones-de-partidos-politicos","status":"publish","type":"post","link":"https:\/\/elreporterohgo.com\/noticias\/2019\/03\/16\/ieeh-realiza-segunda-mesa-de-trabajo-con-representaciones-de-partidos-politicos\/","title":{"rendered":"IEEH realiza segunda mesa de trabajo con representaciones de Partidos Pol\u00edticos."},"content":{"rendered":"\n<p>En el marco de la Reforma Electoral en el Estado, el\nInstituto Estatal Electoral de Hidalgo llev\u00f3 a cabo la segunda mesa de trabajo con\nrepresentaciones de Partidos Pol\u00edticos, trabajos en los que se analizan\ndiversos temas que ser\u00e1n sometidos, en su momento, a la consideraci\u00f3n del\nCongreso del Estado para materializar dicha Reforma, lo anterior, debido a que\nes el recinto en donde se procesan y deciden las propuestas con el\nacompa\u00f1amiento de los Partidos Pol\u00edticos.<\/p>\n\n\n\n<ul class=\"wp-block-gallery alignright columns-1 is-cropped wp-block-gallery-1 is-layout-flex wp-block-gallery-is-layout-flex\"><li class=\"blocks-gallery-item\"><figure><img fetchpriority=\"high\" decoding=\"async\" width=\"620\" height=\"350\" src=\"https::\/\/elreporterohgo.com\/noticias\/wp-content\/uploads\/2019\/03\/ieeh.jpg\" alt=\"\" data-id=\"24336\" data-link=\"https::\/\/elreporterohgo.com\/noticias\/?attachment_id=24336\" class=\"wp-image-24336\" srcset=\"https:\/\/elreporterohgo.com\/noticias\/wp-content\/uploads\/2019\/03\/ieeh.jpg 620w, https:\/\/elreporterohgo.com\/noticias\/wp-content\/uploads\/2019\/03\/ieeh-300x169.jpg 300w\" sizes=\"(max-width: 620px) 100vw, 620px\" \/><\/figure><\/li><\/ul>\n\n\n\n<p>Es importante destacar que los temas que se tratan\ndurante estas mesas son fundamentalmente los relativos a asuntos referentes a\nla operatividad de ese Instituto derivado de experiencias en pasados Procesos\nElectorales Locales y que se consideran necesarios atender para dar mayor\neficiencia a los trabajos tanto en \u00f3rganos centrales como desconcentrados.<\/p>\n\n\n\n<p>Durante esta segunda mesa de trabajo, se trataron temas\nrelativos a la incorporaci\u00f3n al C\u00f3digo Electoral de las figuras conocidas como Capacitadores-Asistentes\nElectorales Locales (CAE\u00b4s Locales) en cumplimiento a la normatividad del\nInstituto Nacional Electoral (INE) y como una mejora en la operatividad antes\ndurante y posterior a la Jornada Electoral con estas figuras. Las y los CAE\u00b4s\nLocales, son figuras creadas por el INE para apoyar las actividades propias del\nProceso Electoral Local y, por lo tanto, dado que su actuaci\u00f3n es relevante, se\nconsidera necesaria su incorporaci\u00f3n al C\u00f3digo Comicial del Estado homologando\nas\u00ed la legislaci\u00f3n local con la nacional.<\/p>\n\n\n\n<p>Por otro lado, se abord\u00f3 lo\nrelativo a la operatividad del Programa de Resultados Electorales Preliminares\n(PREP) en cuanto a su homologaci\u00f3n con la normativa electoral emitida por el\nINE, debido a que es esta autoridad nacional quien aprueba las reglas relativas\nal Programa en la actualidad; entre otras cosas, se plante\u00f3 la delimitaci\u00f3n de\nfunciones del personal que lo opera as\u00ed como de los \u00d3rganos Desconcentrados.<\/p>\n\n\n\n<p>Igualmente y como parte de las\nReglas M\u00ednimas para el desarrollo de las Mesas de Trabajo, se recibieron las\npropuestas de reforma de las diferentes representaciones pol\u00edticas a fin de que\nse analicen en las mesas respectivas.<\/p>\n\n\n\n<p>En la mencionada&nbsp; mesa de trabajo, se cont\u00f3 con la presencia de\nSantiago Hern\u00e1ndez Cer\u00f3n, Representante del PAN; Jos\u00e9 Manuel Alberto Escalante\nMart\u00ednez, Representante del PRI; Ricardo G\u00f3mez Moreno, Representante del PRD;\nHonorato Rodr\u00edguez Murillo, Representante Suplente del PVEM; Pablo G\u00f3mez L\u00f3pez, Coordinador de la\nComisi\u00f3n Operativa Estatal en Hidalgo de MC e Ignacio Hern\u00e1ndez Mendoza,\nRepresentante de MC; J. Dolores L\u00f3pez Guzm\u00e1n, Dirigente del Partido Podemos as\u00ed\ncomo Justino Chavarr\u00eda Hern\u00e1ndez, Representante de Podemos; Eduardo Barrera\nTello, Representante suplente de M\u00e1s por Hidalgo y Sergio Hern\u00e1ndez Hern\u00e1ndez,\nRepresentante de PNAH, de la misma forma, estuvieron presentes Guillermina\nV\u00e1zquez Ben\u00edtez, Consejera Presidenta de este Instituto&nbsp; as\u00ed como la y los Consejeros Electorales Blanca\nEstela Tolentino Soto, Francisco Mart\u00ednez Ballesteros y Salvador Domingo Franco\nAssad, se cont\u00f3 con la presencia de las Direcciones Ejecutivas y Titulares de\nUnidades T\u00e9cnicas.<\/p>\n","protected":false},"excerpt":{"rendered":"<p>En el marco de la Reforma Electoral en el Estado, el Instituto Estatal Electoral de Hidalgo llev\u00f3 a cabo la segunda mesa de trabajo con representaciones de Partidos Pol\u00edticos, trabajos en los que se analizan diversos temas que ser\u00e1n sometidos, en su momento, a la consideraci\u00f3n del Congreso del Estado para materializar dicha Reforma, lo<\/p>\n","protected":false},"author":2,"featured_media":24336,"comment_status":"open","ping_status":"closed","sticky":false,"template":"","format":"standard","meta":{"footnotes":""},"categories":[10],"tags":[],"class_list":{"0":"post-24333","1":"post","2":"type-post","3":"status-publish","4":"format-standard","5":"has-post-thumbnail","7":"category-hidalgo"},"_links":{"self":[{"href":"https:\/\/elreporterohgo.com\/noticias\/wp-json\/wp\/v2\/posts\/24333","targetHints":{"allow":["GET"]}}],"collection":[{"href":"https:\/\/elreporterohgo.com\/noticias\/wp-json\/wp\/v2\/posts"}],"about":[{"href":"https:\/\/elreporterohgo.com\/noticias\/wp-json\/wp\/v2\/types\/post"}],"author":[{"embeddable":true,"href":"https:\/\/elreporterohgo.com\/noticias\/wp-json\/wp\/v2\/users\/2"}],"replies":[{"embeddable":true,"href":"https:\/\/elreporterohgo.com\/noticias\/wp-json\/wp\/v2\/comments?post=24333"}],"version-history":[{"count":1,"href":"https:\/\/elreporterohgo.com\/noticias\/wp-json\/wp\/v2\/posts\/24333\/revisions"}],"predecessor-version":[{"id":24337,"href":"https:\/\/elreporterohgo.com\/noticias\/wp-json\/wp\/v2\/posts\/24333\/revisions\/24337"}],"wp:featuredmedia":[{"embeddable":true,"href":"https:\/\/elreporterohgo.com\/noticias\/wp-json\/wp\/v2\/media\/24336"}],"wp:attachment":[{"href":"https:\/\/elreporterohgo.com\/noticias\/wp-json\/wp\/v2\/media?parent=24333"}],"wp:term":[{"taxonomy":"category","embeddable":true,"href":"https:\/\/elreporterohgo.com\/noticias\/wp-json\/wp\/v2\/categories?post=24333"},{"taxonomy":"post_tag","embeddable":true,"href":"https:\/\/elreporterohgo.com\/noticias\/wp-json\/wp\/v2\/tags?post=24333"}],"curies":[{"name":"wp","href":"https:\/\/api.w.org\/{rel}","templated":true}]}}