{"id":24302,"date":"2019-03-13T22:51:26","date_gmt":"2019-03-14T04:51:26","guid":{"rendered":"https:\/\/elreporterohgo.com\/noticias\/?p=24302"},"modified":"2019-03-13T22:51:28","modified_gmt":"2019-03-14T04:51:28","slug":"jovenes-construyendo-el-futuro","status":"publish","type":"post","link":"https:\/\/elreporterohgo.com\/noticias\/2019\/03\/13\/jovenes-construyendo-el-futuro\/","title":{"rendered":"\u201cJ\u00f3venes Construyendo el Futuro\u00bb"},"content":{"rendered":"\n<figure class=\"wp-block-image\"><img fetchpriority=\"high\" decoding=\"async\" width=\"1024\" height=\"682\" src=\"https::\/\/elreporterohgo.com\/noticias\/wp-content\/uploads\/2019\/03\/Jovenes-construyendo-el-futuro_Mineral-de-la-Reforma-1-1024x682.jpeg\" alt=\"\" class=\"wp-image-24303\" srcset=\"https:\/\/elreporterohgo.com\/noticias\/wp-content\/uploads\/2019\/03\/Jovenes-construyendo-el-futuro_Mineral-de-la-Reforma-1-1024x682.jpeg 1024w, https:\/\/elreporterohgo.com\/noticias\/wp-content\/uploads\/2019\/03\/Jovenes-construyendo-el-futuro_Mineral-de-la-Reforma-1-300x200.jpeg 300w, https:\/\/elreporterohgo.com\/noticias\/wp-content\/uploads\/2019\/03\/Jovenes-construyendo-el-futuro_Mineral-de-la-Reforma-1-768x512.jpeg 768w, https:\/\/elreporterohgo.com\/noticias\/wp-content\/uploads\/2019\/03\/Jovenes-construyendo-el-futuro_Mineral-de-la-Reforma-1.jpeg 1280w\" sizes=\"(max-width: 1024px) 100vw, 1024px\" \/><\/figure>\n\n\n\n<p>Contratados en apoyo al programa federal<\/p>\n\n\n\n<p>Mineral de la Reforma; Hgo. &#8211; El\nalcalde de Mineral de la Reforma, Ra\u00fal Camacho Ba\u00f1os, dio la bienvenida a 21 j\u00f3venes\nque se integran a su administraci\u00f3n en coordinaci\u00f3n con el programa federal\n\u201cJ\u00f3venes Construyendo el Futuro\u201d, el cual tiene como objetivo integrar a\nj\u00f3venes en actividades de capacitaci\u00f3n y dotarlos de herramientas para una vida\nmejor.<\/p>\n\n\n\n<p>Por lo\nque el gobierno municipal se sum\u00f3 al plan de acci\u00f3n de dicha estrategia de\nincorporar a j\u00f3venes de 18 y 29 a\u00f1os de edad, para que adquieran las\ncapacidades y experiencia en el campo laboral, durante un a\u00f1o, adem\u00e1s del\naprovechamiento del capital humano dentro de las secretar\u00edas y direcciones del\norganigrama municipal; y con ello contribuir al crecimiento de nuestro\nmunicipio y pa\u00eds.<\/p>\n\n\n\n<p>Por lo\nque el alcalde Ra\u00fal Camacho Ba\u00f1os acompa\u00f1ado de Pedro Celestino P\u00e9rez Flores\nSecretario General Municipal, dio la bienvenida a los j\u00f3venes que se integran a\nlas filas del trabajo municipal.- \u201cPara nosotros como gobierno vemos muy\nimportante el sector de los j\u00f3venes, porque carecen d experiencia y este\nprograma los va a ayudar a fortalecer esos conocimientos que el d\u00eda de ma\u00f1ana\nencuentren un trabajo formal, y nosotros ser el v\u00ednculo entre ustedes y el\ngobierno, para nosotros es importante apoyarlos y bajar los programas sean del\ngobierno federal, del estado o municipal, ustedes se van a ir incorporando en\ndiferentes \u00e1mbitos&nbsp; tanto el empresarial\ncomo el p\u00fablico, que puedan participar, ya sea en la toma de decisiones, en el\ntrabajo y fortalecer la econom\u00eda del municipio de Mineral de la Reforma, sean\nbienvenidos\u201d. Asegur\u00f3 el alcalde mineralreformense.<\/p>\n\n\n\n<p>Cabe\ndestacar que al concluir el a\u00f1o los j\u00f3venes recibir\u00e1n un documento por parte\ndel Municipio de Mineral de la Reforma que acredita las habilidades que\nadquiri\u00f3 durante su proceso de capacitaci\u00f3n y ser\u00e1 a trav\u00e9s del Servicio\nNacional de Empleo que se buscar\u00e1 incorporarlo formalmente al campo laboral,\ncumpliendo con el compromiso de ser una Instituci\u00f3n socialmente responsable\nreconocida por el gobierno federal.<\/p>\n\n\n\n<p>Los\nj\u00f3venes comenzaran actividades en las direcciones de inform\u00e1tica, ingresos,\nfraccionamientos, servicios municipales, educaci\u00f3n, turismo, protecci\u00f3n civil,\nfomento Industrial, y administraci\u00f3n, as\u00ed como a la coordinaci\u00f3n m\u00e9dica, el\nSistema DIF Municipal, la Unidad de Planeaci\u00f3n y Evaluaci\u00f3n, el Instituto\nMunicipal de las Mujeres y el Instituto Municipal de la Juventud.&nbsp; <\/p>\n","protected":false},"excerpt":{"rendered":"<p>Contratados en apoyo al programa federal Mineral de la Reforma; Hgo. &#8211; El alcalde de Mineral de la Reforma, Ra\u00fal Camacho Ba\u00f1os, dio la bienvenida a 21 j\u00f3venes que se integran a su administraci\u00f3n en coordinaci\u00f3n con el programa federal \u201cJ\u00f3venes Construyendo el Futuro\u201d, el cual tiene como objetivo integrar a j\u00f3venes en actividades de<\/p>\n","protected":false},"author":2,"featured_media":24303,"comment_status":"open","ping_status":"closed","sticky":false,"template":"","format":"standard","meta":{"footnotes":""},"categories":[10],"tags":[],"class_list":{"0":"post-24302","1":"post","2":"type-post","3":"status-publish","4":"format-standard","5":"has-post-thumbnail","7":"category-hidalgo"},"_links":{"self":[{"href":"https:\/\/elreporterohgo.com\/noticias\/wp-json\/wp\/v2\/posts\/24302","targetHints":{"allow":["GET"]}}],"collection":[{"href":"https:\/\/elreporterohgo.com\/noticias\/wp-json\/wp\/v2\/posts"}],"about":[{"href":"https:\/\/elreporterohgo.com\/noticias\/wp-json\/wp\/v2\/types\/post"}],"author":[{"embeddable":true,"href":"https:\/\/elreporterohgo.com\/noticias\/wp-json\/wp\/v2\/users\/2"}],"replies":[{"embeddable":true,"href":"https:\/\/elreporterohgo.com\/noticias\/wp-json\/wp\/v2\/comments?post=24302"}],"version-history":[{"count":1,"href":"https:\/\/elreporterohgo.com\/noticias\/wp-json\/wp\/v2\/posts\/24302\/revisions"}],"predecessor-version":[{"id":24304,"href":"https:\/\/elreporterohgo.com\/noticias\/wp-json\/wp\/v2\/posts\/24302\/revisions\/24304"}],"wp:featuredmedia":[{"embeddable":true,"href":"https:\/\/elreporterohgo.com\/noticias\/wp-json\/wp\/v2\/media\/24303"}],"wp:attachment":[{"href":"https:\/\/elreporterohgo.com\/noticias\/wp-json\/wp\/v2\/media?parent=24302"}],"wp:term":[{"taxonomy":"category","embeddable":true,"href":"https:\/\/elreporterohgo.com\/noticias\/wp-json\/wp\/v2\/categories?post=24302"},{"taxonomy":"post_tag","embeddable":true,"href":"https:\/\/elreporterohgo.com\/noticias\/wp-json\/wp\/v2\/tags?post=24302"}],"curies":[{"name":"wp","href":"https:\/\/api.w.org\/{rel}","templated":true}]}}