{"id":24289,"date":"2019-03-13T00:40:46","date_gmt":"2019-03-13T06:40:46","guid":{"rendered":"https:\/\/elreporterohgo.com\/noticias\/?p=24289"},"modified":"2019-03-13T00:40:48","modified_gmt":"2019-03-13T06:40:48","slug":"emboscaron-a-fiscal-regional","status":"publish","type":"post","link":"https:\/\/elreporterohgo.com\/noticias\/2019\/03\/13\/emboscaron-a-fiscal-regional\/","title":{"rendered":"Emboscaron a fiscal regional"},"content":{"rendered":"\n<p><\/p>\n\n\n\n<p>Hay un muerto y heridos graves <\/p>\n\n\n\n<p>EDOMEX. &#8211;  La Fiscal\u00eda General de Justicia del Estado de M\u00e9xico <a rel=\"noreferrer noopener\" href=\"https:s:\/\/www.facebook.com\/hashtag\/fgjem?source=feed_text&amp;epa=HASHTAG&amp;__xts__%5B0%5D=68.ARCXQxzHFm7jfMA0kde7_j7QDs1lMhynIqJFc9apwgtM8XNp8WsEwPIK6NfD7590XbD7ONbPrCeBwTlxZJc0A1iKcQx8erUYcld2SLR6JmTVkBLPoXm8FlwiBl-M-6DhCep_DI8xIkIBWtCaWwyGxdOLdVDUm696Vq9Sd3ayw0UCnzVAiTRqhCKw0W04XD9A-xARA8YxJ82gcTXQ8Fq1uM19MOSVUc-Z5nKs53vdxHLsl5c5jYkSk_f5I4owcWAmghBsl0wgnMW6yFoeO7HbjZ4gjLjSlAGsZ8C3C4a64itHR8SkKZnZYLhdzi3KwNDCaEMsa4vH2Vr21kVUlSzkQHslzw&amp;__tn__=%2ANK-R\" target=\"_blank\">#FGJEM<\/a>&nbsp;condena en\u00e9rgicamente un atentado del que fueron objeto cinco elementos de esta Instituci\u00f3n, los cuales fueron agredidos con armas de fuego la tarde de este lunes, mientras se desplazaban en una unidad oficial en un trayecto que comunica los municipios de&nbsp;<a rel=\"noreferrer noopener\" href=\"https:s:\/\/www.facebook.com\/hashtag\/zacualpan?source=feed_text&amp;epa=HASHTAG&amp;__xts__%5B0%5D=68.ARCXQxzHFm7jfMA0kde7_j7QDs1lMhynIqJFc9apwgtM8XNp8WsEwPIK6NfD7590XbD7ONbPrCeBwTlxZJc0A1iKcQx8erUYcld2SLR6JmTVkBLPoXm8FlwiBl-M-6DhCep_DI8xIkIBWtCaWwyGxdOLdVDUm696Vq9Sd3ayw0UCnzVAiTRqhCKw0W04XD9A-xARA8YxJ82gcTXQ8Fq1uM19MOSVUc-Z5nKs53vdxHLsl5c5jYkSk_f5I4owcWAmghBsl0wgnMW6yFoeO7HbjZ4gjLjSlAGsZ8C3C4a64itHR8SkKZnZYLhdzi3KwNDCaEMsa4vH2Vr21kVUlSzkQHslzw&amp;__tn__=%2ANK-R\" target=\"_blank\">#Zacualpan<\/a>&nbsp;e&nbsp;<a rel=\"noreferrer noopener\" href=\"https:s:\/\/www.facebook.com\/hashtag\/ixtapandelasal?source=feed_text&amp;epa=HASHTAG&amp;__xts__%5B0%5D=68.ARCXQxzHFm7jfMA0kde7_j7QDs1lMhynIqJFc9apwgtM8XNp8WsEwPIK6NfD7590XbD7ONbPrCeBwTlxZJc0A1iKcQx8erUYcld2SLR6JmTVkBLPoXm8FlwiBl-M-6DhCep_DI8xIkIBWtCaWwyGxdOLdVDUm696Vq9Sd3ayw0UCnzVAiTRqhCKw0W04XD9A-xARA8YxJ82gcTXQ8Fq1uM19MOSVUc-Z5nKs53vdxHLsl5c5jYkSk_f5I4owcWAmghBsl0wgnMW6yFoeO7HbjZ4gjLjSlAGsZ8C3C4a64itHR8SkKZnZYLhdzi3KwNDCaEMsa4vH2Vr21kVUlSzkQHslzw&amp;__tn__=%2ANK-R\" target=\"_blank\">#IxtapanDeLaSal<\/a>.<\/p>\n\n\n\n<ul class=\"wp-block-gallery alignright columns-3 is-cropped wp-block-gallery-1 is-layout-flex wp-block-gallery-is-layout-flex\"><li class=\"blocks-gallery-item\"><figure><img fetchpriority=\"high\" decoding=\"async\" width=\"1024\" height=\"576\" src=\"https::\/\/elreporterohgo.com\/noticias\/wp-content\/uploads\/2019\/03\/fr-i-3-1024x576.jpeg\" alt=\"\" data-id=\"24290\" data-link=\"https::\/\/elreporterohgo.com\/noticias\/?attachment_id=24290\" class=\"wp-image-24290\" srcset=\"https:\/\/elreporterohgo.com\/noticias\/wp-content\/uploads\/2019\/03\/fr-i-3-1024x576.jpeg 1024w, https:\/\/elreporterohgo.com\/noticias\/wp-content\/uploads\/2019\/03\/fr-i-3-300x169.jpeg 300w, https:\/\/elreporterohgo.com\/noticias\/wp-content\/uploads\/2019\/03\/fr-i-3-768x432.jpeg 768w, https:\/\/elreporterohgo.com\/noticias\/wp-content\/uploads\/2019\/03\/fr-i-3.jpeg 1032w\" sizes=\"(max-width: 1024px) 100vw, 1024px\" \/><\/figure><\/li><li class=\"blocks-gallery-item\"><figure><img decoding=\"async\" width=\"1024\" height=\"576\" src=\"https::\/\/elreporterohgo.com\/noticias\/wp-content\/uploads\/2019\/03\/fr-i-2-1024x576.jpeg\" alt=\"\" data-id=\"24291\" data-link=\"https::\/\/elreporterohgo.com\/noticias\/?attachment_id=24291\" class=\"wp-image-24291\" srcset=\"https:\/\/elreporterohgo.com\/noticias\/wp-content\/uploads\/2019\/03\/fr-i-2-1024x576.jpeg 1024w, https:\/\/elreporterohgo.com\/noticias\/wp-content\/uploads\/2019\/03\/fr-i-2-300x169.jpeg 300w, https:\/\/elreporterohgo.com\/noticias\/wp-content\/uploads\/2019\/03\/fr-i-2-768x432.jpeg 768w, https:\/\/elreporterohgo.com\/noticias\/wp-content\/uploads\/2019\/03\/fr-i-2.jpeg 1032w\" sizes=\"(max-width: 1024px) 100vw, 1024px\" \/><\/figure><\/li><li class=\"blocks-gallery-item\"><figure><img decoding=\"async\" width=\"1024\" height=\"576\" src=\"https::\/\/elreporterohgo.com\/noticias\/wp-content\/uploads\/2019\/03\/fr-i-1-1024x576.jpeg\" alt=\"\" data-id=\"24292\" data-link=\"https::\/\/elreporterohgo.com\/noticias\/?attachment_id=24292\" class=\"wp-image-24292\" srcset=\"https:\/\/elreporterohgo.com\/noticias\/wp-content\/uploads\/2019\/03\/fr-i-1-1024x576.jpeg 1024w, https:\/\/elreporterohgo.com\/noticias\/wp-content\/uploads\/2019\/03\/fr-i-1-300x169.jpeg 300w, https:\/\/elreporterohgo.com\/noticias\/wp-content\/uploads\/2019\/03\/fr-i-1-768x432.jpeg 768w, https:\/\/elreporterohgo.com\/noticias\/wp-content\/uploads\/2019\/03\/fr-i-1.jpeg 1280w\" sizes=\"(max-width: 1024px) 100vw, 1024px\" \/><\/figure><\/li><li class=\"blocks-gallery-item\"><figure><img loading=\"lazy\" decoding=\"async\" width=\"1024\" height=\"576\" src=\"https::\/\/elreporterohgo.com\/noticias\/wp-content\/uploads\/2019\/03\/fr-i-1024x576.jpeg\" alt=\"\" data-id=\"24293\" data-link=\"https::\/\/elreporterohgo.com\/noticias\/?attachment_id=24293\" class=\"wp-image-24293\" srcset=\"https:\/\/elreporterohgo.com\/noticias\/wp-content\/uploads\/2019\/03\/fr-i-1024x576.jpeg 1024w, https:\/\/elreporterohgo.com\/noticias\/wp-content\/uploads\/2019\/03\/fr-i-300x169.jpeg 300w, https:\/\/elreporterohgo.com\/noticias\/wp-content\/uploads\/2019\/03\/fr-i-768x432.jpeg 768w, https:\/\/elreporterohgo.com\/noticias\/wp-content\/uploads\/2019\/03\/fr-i.jpeg 1032w\" sizes=\"(max-width: 1024px) 100vw, 1024px\" \/><\/figure><\/li><\/ul>\n\n\n\n<p>Derivado de esta cobarde agresi\u00f3n, la cual se registr\u00f3 alrededor\nde las 16:00 horas, falleci\u00f3 un elemento de esta Instituci\u00f3n que tripulaba\nla unidad automotora; un Agente de Investigaci\u00f3n y el Fiscal Regional de\nIxtapan de la Sal, resultaron lesionados y fueron trasladados para su atenci\u00f3n\nm\u00e9dica. Cabe se\u00f1alar que dos elementos m\u00e1s de la PDI resultaron ilesos.<\/p>\n\n\n\n<p>Esta Instituci\u00f3n no escatimar\u00e1\nrecursos humanos y materiales para identificar, localizar y detener a los\nresponsables de esta deleznable agresi\u00f3n, la cual no quedar\u00e1 impune; los\nautores de este ataque ser\u00e1n perseguidos y presentados ante la Autoridad\nJudicial.<\/p>\n\n\n\n<p>De igual manera esta Fiscal\u00eda\nGeneral refrenda su compromiso con los familiares del elemento de esta\nInstituci\u00f3n que falleci\u00f3 en cumplimiento de su deber, a quienes se les brindar\u00e1\ntodo el apoyo y respaldo institucional, as\u00ed como tambi\u00e9n recibir\u00e1n el apoyo de\nla FGJEM quienes resultaron lesionados.<\/p>\n","protected":false},"excerpt":{"rendered":"<p>Hay un muerto y heridos graves EDOMEX. &#8211; La Fiscal\u00eda General de Justicia del Estado de M\u00e9xico #FGJEM&nbsp;condena en\u00e9rgicamente un atentado del que fueron objeto cinco elementos de esta Instituci\u00f3n, los cuales fueron agredidos con armas de fuego la tarde de este lunes, mientras se desplazaban en una unidad oficial en un trayecto que comunica<\/p>\n","protected":false},"author":2,"featured_media":24292,"comment_status":"open","ping_status":"closed","sticky":false,"template":"","format":"standard","meta":{"footnotes":""},"categories":[10],"tags":[],"class_list":{"0":"post-24289","1":"post","2":"type-post","3":"status-publish","4":"format-standard","5":"has-post-thumbnail","7":"category-hidalgo"},"_links":{"self":[{"href":"https:\/\/elreporterohgo.com\/noticias\/wp-json\/wp\/v2\/posts\/24289","targetHints":{"allow":["GET"]}}],"collection":[{"href":"https:\/\/elreporterohgo.com\/noticias\/wp-json\/wp\/v2\/posts"}],"about":[{"href":"https:\/\/elreporterohgo.com\/noticias\/wp-json\/wp\/v2\/types\/post"}],"author":[{"embeddable":true,"href":"https:\/\/elreporterohgo.com\/noticias\/wp-json\/wp\/v2\/users\/2"}],"replies":[{"embeddable":true,"href":"https:\/\/elreporterohgo.com\/noticias\/wp-json\/wp\/v2\/comments?post=24289"}],"version-history":[{"count":1,"href":"https:\/\/elreporterohgo.com\/noticias\/wp-json\/wp\/v2\/posts\/24289\/revisions"}],"predecessor-version":[{"id":24294,"href":"https:\/\/elreporterohgo.com\/noticias\/wp-json\/wp\/v2\/posts\/24289\/revisions\/24294"}],"wp:featuredmedia":[{"embeddable":true,"href":"https:\/\/elreporterohgo.com\/noticias\/wp-json\/wp\/v2\/media\/24292"}],"wp:attachment":[{"href":"https:\/\/elreporterohgo.com\/noticias\/wp-json\/wp\/v2\/media?parent=24289"}],"wp:term":[{"taxonomy":"category","embeddable":true,"href":"https:\/\/elreporterohgo.com\/noticias\/wp-json\/wp\/v2\/categories?post=24289"},{"taxonomy":"post_tag","embeddable":true,"href":"https:\/\/elreporterohgo.com\/noticias\/wp-json\/wp\/v2\/tags?post=24289"}],"curies":[{"name":"wp","href":"https:\/\/api.w.org\/{rel}","templated":true}]}}