{"id":24263,"date":"2019-03-12T16:56:51","date_gmt":"2019-03-12T22:56:51","guid":{"rendered":"https:\/\/elreporterohgo.com\/noticias\/?p=24263"},"modified":"2019-03-12T16:56:53","modified_gmt":"2019-03-12T22:56:53","slug":"campana-de-proteccion-a-la-mujer","status":"publish","type":"post","link":"https:\/\/elreporterohgo.com\/noticias\/2019\/03\/12\/campana-de-proteccion-a-la-mujer\/","title":{"rendered":"Campa\u00f1a de protecci\u00f3n a la mujer"},"content":{"rendered":"\n<figure class=\"wp-block-image\"><img fetchpriority=\"high\" decoding=\"async\" width=\"1024\" height=\"683\" src=\"https::\/\/elreporterohgo.com\/noticias\/wp-content\/uploads\/2019\/03\/Imagen53-1024x683.jpg\" alt=\"\" class=\"wp-image-24264\" srcset=\"https:\/\/elreporterohgo.com\/noticias\/wp-content\/uploads\/2019\/03\/Imagen53-1024x683.jpg 1024w, https:\/\/elreporterohgo.com\/noticias\/wp-content\/uploads\/2019\/03\/Imagen53-300x200.jpg 300w, https:\/\/elreporterohgo.com\/noticias\/wp-content\/uploads\/2019\/03\/Imagen53-768x512.jpg 768w, https:\/\/elreporterohgo.com\/noticias\/wp-content\/uploads\/2019\/03\/Imagen53.jpg 1500w\" sizes=\"(max-width: 1024px) 100vw, 1024px\" \/><\/figure>\n\n\n\n<p>APAN, Hgo.\n\u2013 Ante el incremento de feminicidios, secuestros y violencia hacia ni\u00f1as y\nmujeres por todo el pa\u00eds se hace necesario que los tres niveles de gobierno sumen\nesfuerzos para combatir tal flagelo.<\/p>\n\n\n\n<p>El Gobierno\nMunicipal de Apan puso en marcha la campa\u00f1a permanente \u201cNunca estar\u00e1s sola, en\nApan cuentas conmigo\u201d, es un mecanismo de prevenci\u00f3n de la violencia y\nprotecci\u00f3n hacia las mujeres.<\/p>\n\n\n\n<p>&nbsp;&nbsp;&nbsp;&nbsp;&nbsp;&nbsp;&nbsp;&nbsp;&nbsp;&nbsp;&nbsp; La campa\u00f1a est\u00e1 basada en la\nconcientizaci\u00f3n de la poblaci\u00f3n a trav\u00e9s de apoyos visuales colocados\nestrat\u00e9gicamente en escuelas, casas y negocios que quieran sumarse a los\nesfuerzos que se realizan para la prevenci\u00f3n y erradicaci\u00f3n de la violencia de\ng\u00e9nero. <\/p>\n\n\n\n<p>&nbsp;&nbsp;&nbsp;&nbsp;&nbsp;&nbsp;&nbsp;&nbsp;&nbsp;&nbsp;&nbsp; Este trabajo se puso en marcha durante\nel evento conmemorativo del D\u00eda Internacional de la Mujer, ah\u00ed se entreg\u00f3 el\nreconocimiento \u201cIndira Gandhi\u201d a mujeres apanenses destacadas en varios\nsectores como son: Mujer empresaria, Juana Rodr\u00edguez Mart\u00ednez; mujer\ndeportista, Mar\u00eda del Socorro Ben\u00edtez Sanabria; mujer polic\u00eda, Virginia Becerra\n\u00c1vila; mujer incansable, Alejandra Apreza Patr\u00f3n; mujer sobresaliente, Hannia\nCamal Andrade; mujer profesionista, Mar\u00eda Guadalupe Vera Hern\u00e1ndez y un\nreconocimiento a la mujer de mayor edad, Juana Mateos Romero, quien tiene 106\na\u00f1os. <\/p>\n\n\n\n<p>&nbsp;&nbsp;&nbsp;&nbsp;&nbsp;&nbsp;&nbsp;&nbsp;&nbsp;&nbsp;&nbsp; Luis Antonio Torres Osorno,\nSecretario General Municipal, afirm\u00f3 que \u201cse propone en conjunto con la\nsociedad civil, empresarios, academia, iglesia y comunidad art\u00edstica elaborar\ndesde lo municipal los protocolos necesarios y adecuados para atender y\nerradicar la violencia contra las mujeres\u201d.<\/p>\n","protected":false},"excerpt":{"rendered":"<p>APAN, Hgo. \u2013 Ante el incremento de feminicidios, secuestros y violencia hacia ni\u00f1as y mujeres por todo el pa\u00eds se hace necesario que los tres niveles de gobierno sumen esfuerzos para combatir tal flagelo. El Gobierno Municipal de Apan puso en marcha la campa\u00f1a permanente \u201cNunca estar\u00e1s sola, en Apan cuentas conmigo\u201d, es un mecanismo<\/p>\n","protected":false},"author":2,"featured_media":24264,"comment_status":"open","ping_status":"closed","sticky":false,"template":"","format":"standard","meta":{"footnotes":""},"categories":[10],"tags":[],"class_list":{"0":"post-24263","1":"post","2":"type-post","3":"status-publish","4":"format-standard","5":"has-post-thumbnail","7":"category-hidalgo"},"_links":{"self":[{"href":"https:\/\/elreporterohgo.com\/noticias\/wp-json\/wp\/v2\/posts\/24263","targetHints":{"allow":["GET"]}}],"collection":[{"href":"https:\/\/elreporterohgo.com\/noticias\/wp-json\/wp\/v2\/posts"}],"about":[{"href":"https:\/\/elreporterohgo.com\/noticias\/wp-json\/wp\/v2\/types\/post"}],"author":[{"embeddable":true,"href":"https:\/\/elreporterohgo.com\/noticias\/wp-json\/wp\/v2\/users\/2"}],"replies":[{"embeddable":true,"href":"https:\/\/elreporterohgo.com\/noticias\/wp-json\/wp\/v2\/comments?post=24263"}],"version-history":[{"count":1,"href":"https:\/\/elreporterohgo.com\/noticias\/wp-json\/wp\/v2\/posts\/24263\/revisions"}],"predecessor-version":[{"id":24265,"href":"https:\/\/elreporterohgo.com\/noticias\/wp-json\/wp\/v2\/posts\/24263\/revisions\/24265"}],"wp:featuredmedia":[{"embeddable":true,"href":"https:\/\/elreporterohgo.com\/noticias\/wp-json\/wp\/v2\/media\/24264"}],"wp:attachment":[{"href":"https:\/\/elreporterohgo.com\/noticias\/wp-json\/wp\/v2\/media?parent=24263"}],"wp:term":[{"taxonomy":"category","embeddable":true,"href":"https:\/\/elreporterohgo.com\/noticias\/wp-json\/wp\/v2\/categories?post=24263"},{"taxonomy":"post_tag","embeddable":true,"href":"https:\/\/elreporterohgo.com\/noticias\/wp-json\/wp\/v2\/tags?post=24263"}],"curies":[{"name":"wp","href":"https:\/\/api.w.org\/{rel}","templated":true}]}}