{"id":24257,"date":"2019-03-11T23:56:26","date_gmt":"2019-03-12T05:56:26","guid":{"rendered":"https:\/\/elreporterohgo.com\/noticias\/?p=24257"},"modified":"2019-03-11T23:56:27","modified_gmt":"2019-03-12T05:56:27","slug":"apoyo-al-deporte-cultura-y-actividades-artisticas","status":"publish","type":"post","link":"https:\/\/elreporterohgo.com\/noticias\/2019\/03\/11\/apoyo-al-deporte-cultura-y-actividades-artisticas\/","title":{"rendered":"Apoyo al deporte, cultura y actividades art\u00edsticas"},"content":{"rendered":"\n<p><strong>C<\/strong><\/p>\n\n\n\n<figure class=\"wp-block-image\"><img fetchpriority=\"high\" decoding=\"async\" width=\"501\" height=\"238\" src=\"https::\/\/elreporterohgo.com\/noticias\/wp-content\/uploads\/2019\/03\/IMG_3900.jpg\" alt=\"\" class=\"wp-image-24258\" srcset=\"https:\/\/elreporterohgo.com\/noticias\/wp-content\/uploads\/2019\/03\/IMG_3900.jpg 501w, https:\/\/elreporterohgo.com\/noticias\/wp-content\/uploads\/2019\/03\/IMG_3900-300x143.jpg 300w, https:\/\/elreporterohgo.com\/noticias\/wp-content\/uploads\/2019\/03\/IMG_3900-720x340.jpg 720w\" sizes=\"(max-width: 501px) 100vw, 501px\" \/><\/figure>\n\n\n\n<p>Comunicado oficial del Ayuntamiento de Apan  <\/p>\n\n\n\n<p> <br>Apan, Hgo.  &#8211; El Gobierno Municipal de Apan, se manifiesta sobre los hechos ocurridos en los \u00faltimos d\u00edas relacionados con el Centro de Bienestar Social IMSS, Apan, en los que un sector de la poblaci\u00f3n\u00a0\u00a0 ha expresado su inconformidad respecto al cierre de dicho centro. Aclarando que este Gobierno:<\/p>\n\n\n\n<p>a). &#8211; Apoya y promueve todas las actividades art\u00edsticas,\nculturales y deportivas en beneficio de la poblaci\u00f3n apanense. <\/p>\n\n\n\n<p>b). &#8211; Que con fecha 11 de enero de 2017, termin\u00f3 el convenio\nde comodato que exist\u00eda entre la delegaci\u00f3n del IMSS y el Municipio de Apan.<\/p>\n\n\n\n<p>c). &#8211; Que por este motivo el IMSS realiz\u00f3 el tr\u00e1mite\nadministrativo interno para la entrega f\u00edsica del inmueble.<\/p>\n\n\n\n<p>d). &#8211; Que para dicho tr\u00e1mite la Delegaci\u00f3n del IMSS solicito\nla presencia de elementos de seguridad p\u00fablica.<\/p>\n\n\n\n<p>e). &#8211; Que esta Presidencia mantiene la disposici\u00f3n de\ndialogar con todos los ciudadanos interesados en este tema y buscar los canales\nadecuados para la soluci\u00f3n del mismo.<\/p>\n\n\n\n<p>Este Gobierno ha tomado las previsiones necesarias para\ndireccionar las actividades tendientes a satisfacer las demandas de todos los\nsectores de la poblaci\u00f3n. <\/p>\n\n\n\n<p>ATENTAMENTE<\/p>\n\n\n\n<p>GOBIERNO MUNICIPAL DE APAN<\/p>\n","protected":false},"excerpt":{"rendered":"<p>C Comunicado oficial del Ayuntamiento de Apan Apan, Hgo. &#8211; El Gobierno Municipal de Apan, se manifiesta sobre los hechos ocurridos en los \u00faltimos d\u00edas relacionados con el Centro de Bienestar Social IMSS, Apan, en los que un sector de la poblaci\u00f3n\u00a0\u00a0 ha expresado su inconformidad respecto al cierre de dicho centro. Aclarando que este<\/p>\n","protected":false},"author":2,"featured_media":24258,"comment_status":"open","ping_status":"closed","sticky":false,"template":"","format":"standard","meta":{"footnotes":""},"categories":[10],"tags":[],"class_list":{"0":"post-24257","1":"post","2":"type-post","3":"status-publish","4":"format-standard","5":"has-post-thumbnail","7":"category-hidalgo"},"_links":{"self":[{"href":"https:\/\/elreporterohgo.com\/noticias\/wp-json\/wp\/v2\/posts\/24257","targetHints":{"allow":["GET"]}}],"collection":[{"href":"https:\/\/elreporterohgo.com\/noticias\/wp-json\/wp\/v2\/posts"}],"about":[{"href":"https:\/\/elreporterohgo.com\/noticias\/wp-json\/wp\/v2\/types\/post"}],"author":[{"embeddable":true,"href":"https:\/\/elreporterohgo.com\/noticias\/wp-json\/wp\/v2\/users\/2"}],"replies":[{"embeddable":true,"href":"https:\/\/elreporterohgo.com\/noticias\/wp-json\/wp\/v2\/comments?post=24257"}],"version-history":[{"count":1,"href":"https:\/\/elreporterohgo.com\/noticias\/wp-json\/wp\/v2\/posts\/24257\/revisions"}],"predecessor-version":[{"id":24259,"href":"https:\/\/elreporterohgo.com\/noticias\/wp-json\/wp\/v2\/posts\/24257\/revisions\/24259"}],"wp:featuredmedia":[{"embeddable":true,"href":"https:\/\/elreporterohgo.com\/noticias\/wp-json\/wp\/v2\/media\/24258"}],"wp:attachment":[{"href":"https:\/\/elreporterohgo.com\/noticias\/wp-json\/wp\/v2\/media?parent=24257"}],"wp:term":[{"taxonomy":"category","embeddable":true,"href":"https:\/\/elreporterohgo.com\/noticias\/wp-json\/wp\/v2\/categories?post=24257"},{"taxonomy":"post_tag","embeddable":true,"href":"https:\/\/elreporterohgo.com\/noticias\/wp-json\/wp\/v2\/tags?post=24257"}],"curies":[{"name":"wp","href":"https:\/\/api.w.org\/{rel}","templated":true}]}}