{"id":24245,"date":"2019-03-11T23:14:17","date_gmt":"2019-03-12T05:14:17","guid":{"rendered":"https:\/\/elreporterohgo.com\/noticias\/?p=24245"},"modified":"2019-03-11T23:14:19","modified_gmt":"2019-03-12T05:14:19","slug":"congreso-de-hidalgo-comprometido-con-los-pueblos-originarios","status":"publish","type":"post","link":"https:\/\/elreporterohgo.com\/noticias\/2019\/03\/11\/congreso-de-hidalgo-comprometido-con-los-pueblos-originarios\/","title":{"rendered":"Congreso de Hidalgo comprometido con los pueblos originarios"},"content":{"rendered":"\n<p><strong>Abre presidente de la Junta de\nGobierno mesa \u201cLa agenda pendiente en materia de representaci\u00f3n y participaci\u00f3n\npol\u00edtica: voces de los pueblos y comunidades ind\u00edgenas de M\u00e9xico\u201d<\/strong><\/p>\n\n\n\n<ul class=\"wp-block-gallery alignright columns-3 is-cropped wp-block-gallery-1 is-layout-flex wp-block-gallery-is-layout-flex\"><li class=\"blocks-gallery-item\"><figure><img fetchpriority=\"high\" decoding=\"async\" width=\"1024\" height=\"683\" src=\"https::\/\/elreporterohgo.com\/noticias\/wp-content\/uploads\/2019\/03\/Bolet\u00edn-129-Agenda-Ind\u00edgena-11.03.19-2-1024x683.jpg\" alt=\"\" data-id=\"24246\" data-link=\"https::\/\/elreporterohgo.com\/noticias\/?attachment_id=24246\" class=\"wp-image-24246\" srcset=\"https:\/\/elreporterohgo.com\/noticias\/wp-content\/uploads\/2019\/03\/Bolet\u00edn-129-Agenda-Ind\u00edgena-11.03.19-2-1024x683.jpg 1024w, https:\/\/elreporterohgo.com\/noticias\/wp-content\/uploads\/2019\/03\/Bolet\u00edn-129-Agenda-Ind\u00edgena-11.03.19-2-300x200.jpg 300w, https:\/\/elreporterohgo.com\/noticias\/wp-content\/uploads\/2019\/03\/Bolet\u00edn-129-Agenda-Ind\u00edgena-11.03.19-2-768x512.jpg 768w\" sizes=\"(max-width: 1024px) 100vw, 1024px\" \/><\/figure><\/li><li class=\"blocks-gallery-item\"><figure><img decoding=\"async\" width=\"1024\" height=\"683\" src=\"https::\/\/elreporterohgo.com\/noticias\/wp-content\/uploads\/2019\/03\/Bolet\u00edn-129-Agenda-Ind\u00edgena-11.03.19-3-1024x683.jpg\" alt=\"\" data-id=\"24247\" data-link=\"https::\/\/elreporterohgo.com\/noticias\/?attachment_id=24247\" class=\"wp-image-24247\" srcset=\"https:\/\/elreporterohgo.com\/noticias\/wp-content\/uploads\/2019\/03\/Bolet\u00edn-129-Agenda-Ind\u00edgena-11.03.19-3-1024x683.jpg 1024w, https:\/\/elreporterohgo.com\/noticias\/wp-content\/uploads\/2019\/03\/Bolet\u00edn-129-Agenda-Ind\u00edgena-11.03.19-3-300x200.jpg 300w, https:\/\/elreporterohgo.com\/noticias\/wp-content\/uploads\/2019\/03\/Bolet\u00edn-129-Agenda-Ind\u00edgena-11.03.19-3-768x512.jpg 768w\" sizes=\"(max-width: 1024px) 100vw, 1024px\" \/><\/figure><\/li><li class=\"blocks-gallery-item\"><figure><img decoding=\"async\" width=\"1024\" height=\"683\" src=\"https::\/\/elreporterohgo.com\/noticias\/wp-content\/uploads\/2019\/03\/Bolet\u00edn-129-Agenda-Ind\u00edgena-11.03.19-5-1024x683.jpg\" alt=\"\" data-id=\"24248\" data-link=\"https::\/\/elreporterohgo.com\/noticias\/?attachment_id=24248\" class=\"wp-image-24248\" srcset=\"https:\/\/elreporterohgo.com\/noticias\/wp-content\/uploads\/2019\/03\/Bolet\u00edn-129-Agenda-Ind\u00edgena-11.03.19-5-1024x683.jpg 1024w, https:\/\/elreporterohgo.com\/noticias\/wp-content\/uploads\/2019\/03\/Bolet\u00edn-129-Agenda-Ind\u00edgena-11.03.19-5-300x200.jpg 300w, https:\/\/elreporterohgo.com\/noticias\/wp-content\/uploads\/2019\/03\/Bolet\u00edn-129-Agenda-Ind\u00edgena-11.03.19-5-768x512.jpg 768w\" sizes=\"(max-width: 1024px) 100vw, 1024px\" \/><\/figure><\/li><li class=\"blocks-gallery-item\"><figure><img loading=\"lazy\" decoding=\"async\" width=\"1024\" height=\"683\" src=\"https::\/\/elreporterohgo.com\/noticias\/wp-content\/uploads\/2019\/03\/Bolet\u00edn-129-Agenda-Ind\u00edgena-11.03.19-8-1024x683.jpg\" alt=\"\" data-id=\"24249\" data-link=\"https::\/\/elreporterohgo.com\/noticias\/?attachment_id=24249\" class=\"wp-image-24249\" srcset=\"https:\/\/elreporterohgo.com\/noticias\/wp-content\/uploads\/2019\/03\/Bolet\u00edn-129-Agenda-Ind\u00edgena-11.03.19-8-1024x683.jpg 1024w, https:\/\/elreporterohgo.com\/noticias\/wp-content\/uploads\/2019\/03\/Bolet\u00edn-129-Agenda-Ind\u00edgena-11.03.19-8-300x200.jpg 300w, https:\/\/elreporterohgo.com\/noticias\/wp-content\/uploads\/2019\/03\/Bolet\u00edn-129-Agenda-Ind\u00edgena-11.03.19-8-768x512.jpg 768w\" sizes=\"(max-width: 1024px) 100vw, 1024px\" \/><\/figure><\/li><\/ul>\n\n\n\n<ul class=\"wp-block-list\"><li><em>El Congreso colaborar\u00e1 con autoridades electorales, partidos pol\u00edticos e instancias gubernamentales para lograr reformas en materia de derechos de pueblos originarios: Baptista Gonz\u00e1lez.<\/em><\/li><li><\/li><\/ul>\n\n\n\n<p>El\ndiputado presidente de la Junta de Gobierno del Congreso local, Ricardo\nBaptista Gonz\u00e1lez, dio la bienvenida a la mesa de presentaci\u00f3n \u201cLa agenda\npendiente en materia de representaci\u00f3n y participaci\u00f3n pol\u00edtica: voces de los\npueblos y comunidades ind\u00edgenas de M\u00e9xico\u201d, donde se\u00f1al\u00f3 que los temas\nelectorales \u201crequieren de atenci\u00f3n especializada; el Congreso, espacio natural\npara la discusi\u00f3n y materializaci\u00f3n de las reformas, colaborar\u00e1 con autoridades\nelectorales, partidos pol\u00edticos e instancias de gobierno para lograr este\nprop\u00f3sito\u201d.<\/p>\n\n\n\n<p>En diciembre pasado, agreg\u00f3 Baptista Gonz\u00e1lez, el Tribunal Electoral del estado resolvi\u00f3 que este Congreso deber\u00eda armonizar la Constituci\u00f3n pol\u00edtica local con las disposiciones plasmadas en nuestra carta magna, que ampl\u00edan los derechos en materia pol\u00edtico-electoral de los pueblos ind\u00edgenas, adem\u00e1s de llevar a cabo reformas en la legislaci\u00f3n secundaria con el mismo fin.<\/p>\n\n\n\n<p>\u201cSin\nduda alguna lo haremos, daremos cumplimiento al mandato judicial, pero no solo\npor eso, sino por atender, precisamente, esa agenda pendiente que tenemos con\nnuestros pueblos hermanos para hacer nuestro sistema electoral m\u00e1s incluyente y\npor ende m\u00e1s democr\u00e1tico\u201d, enfatiz\u00f3 el legislador.<\/p>\n\n\n\n<p>Dijo\nque es un hecho que, en la consolidaci\u00f3n democr\u00e1tica de nuestro sistema\npol\u00edtico y electoral, existe a\u00fan mucho por hacer en materia de participaci\u00f3n\nciudadana, y en particular en adecuar nuestras normas a la participaci\u00f3n de las\ncomunidades ind\u00edgenas, respetando la ley, pero considerando sus usos y\ncostumbres.<\/p>\n\n\n\n<p>Mencion\u00f3\nadem\u00e1s la voluntad del Congreso por cumplir \u201ccon la agenda pendiente que\ntenemos con nuestros pueblos ind\u00edgenas\u201d, y enfatiz\u00f3 en que las preocupaciones\nde las comunidades y pueblos originarios de Hidalgo difieren de una regi\u00f3n a\notra, puesto que se trata de una entidad que se encuentra entre las primeras\ndiez con mayor poblaci\u00f3n ind\u00edgena, \u201csituaci\u00f3n que nos llena de orgullo y nos\nhace part\u00edcipes de la&nbsp; pluriculturalidad\nque tiene M\u00e9xico, que nos lleva a conocer, respetar y fomentar la cultura,\ntradiciones, conocimiento y costumbres de nuestros pueblos originarios\u201d.<\/p>\n\n\n\n<p>Al\nrespecto, explic\u00f3 que la Constituci\u00f3n mexicana reconoci\u00f3 de manera espec\u00edfica\nen su reforma de 2015 la participaci\u00f3n y los derechos pol\u00edtico-electorales de\nla poblaci\u00f3n ind\u00edgena, mandatando a que las constituciones de los estados\nfueran armonizadas, situaci\u00f3n que no ocurri\u00f3 en aquel momento con nuestra\nconstituci\u00f3n local.<\/p>\n\n\n\n<p>Por\nello, dijo el diputado, \u201ccelebramos esta mesa de trabajo y discusi\u00f3n, como\nparte de los trabajos hacia las pr\u00f3ximas reformas que seguramente, con el gran\nnivel de expertise de este panel de discusi\u00f3n, enriquecer\u00e1 nuestra opini\u00f3n y la\ninformaci\u00f3n con la que contamos\u201d.<\/p>\n\n\n\n<p>Marco Antonio Ba\u00f1os Mart\u00ednez, consejero del Instituto Nacional Electoral (INE), se\u00f1al\u00f3 la disposici\u00f3n del instituto para colaborar con el Congreso del estado en el logro de los objetivos, y en beneficio los pueblos originarios.<\/p>\n\n\n\n<p>La\ninauguraci\u00f3n de la mesa cont\u00f3 adem\u00e1s con la presencia de Guillermina V\u00e1zquez\nBen\u00edtez, consejera presidenta del Instituto Estatal Electoral de Hidalgo;\nMartha L\u00f3pez Santiago, titular de la Defensor\u00eda P\u00fablica Electoral para Pueblos\ny Comunidades Ind\u00edgenas del Tribunal Electoral del Poder Judicial de la\nFederaci\u00f3n; Willibald Sonnleitner, profesor investigador de El Colegio de\nM\u00e9xico, y Augusto Hern\u00e1ndez Abogado, presidente de la Comisi\u00f3n Especial de\nDerechos Pol\u00edtico-electorales de los Pueblos y Comunidades Ind\u00edgenas del\nInstituto Estatal Electoral. <\/p>\n\n\n\n<p>Acudieron\ntambi\u00e9n a esta cita consejeros electorales, magistrados, investigadores,\nrepresentantes de partidos pol\u00edticos, legisladores, p\u00fablico y medios de\ncomunicaci\u00f3n.<\/p>\n","protected":false},"excerpt":{"rendered":"<p>Abre presidente de la Junta de Gobierno mesa \u201cLa agenda pendiente en materia de representaci\u00f3n y participaci\u00f3n pol\u00edtica: voces de los pueblos y comunidades ind\u00edgenas de M\u00e9xico\u201d El Congreso colaborar\u00e1 con autoridades electorales, partidos pol\u00edticos e instancias gubernamentales para lograr reformas en materia de derechos de pueblos originarios: Baptista Gonz\u00e1lez. El diputado presidente de la<\/p>\n","protected":false},"author":2,"featured_media":24246,"comment_status":"open","ping_status":"closed","sticky":false,"template":"","format":"standard","meta":{"footnotes":""},"categories":[10],"tags":[],"class_list":{"0":"post-24245","1":"post","2":"type-post","3":"status-publish","4":"format-standard","5":"has-post-thumbnail","7":"category-hidalgo"},"_links":{"self":[{"href":"https:\/\/elreporterohgo.com\/noticias\/wp-json\/wp\/v2\/posts\/24245","targetHints":{"allow":["GET"]}}],"collection":[{"href":"https:\/\/elreporterohgo.com\/noticias\/wp-json\/wp\/v2\/posts"}],"about":[{"href":"https:\/\/elreporterohgo.com\/noticias\/wp-json\/wp\/v2\/types\/post"}],"author":[{"embeddable":true,"href":"https:\/\/elreporterohgo.com\/noticias\/wp-json\/wp\/v2\/users\/2"}],"replies":[{"embeddable":true,"href":"https:\/\/elreporterohgo.com\/noticias\/wp-json\/wp\/v2\/comments?post=24245"}],"version-history":[{"count":1,"href":"https:\/\/elreporterohgo.com\/noticias\/wp-json\/wp\/v2\/posts\/24245\/revisions"}],"predecessor-version":[{"id":24250,"href":"https:\/\/elreporterohgo.com\/noticias\/wp-json\/wp\/v2\/posts\/24245\/revisions\/24250"}],"wp:featuredmedia":[{"embeddable":true,"href":"https:\/\/elreporterohgo.com\/noticias\/wp-json\/wp\/v2\/media\/24246"}],"wp:attachment":[{"href":"https:\/\/elreporterohgo.com\/noticias\/wp-json\/wp\/v2\/media?parent=24245"}],"wp:term":[{"taxonomy":"category","embeddable":true,"href":"https:\/\/elreporterohgo.com\/noticias\/wp-json\/wp\/v2\/categories?post=24245"},{"taxonomy":"post_tag","embeddable":true,"href":"https:\/\/elreporterohgo.com\/noticias\/wp-json\/wp\/v2\/tags?post=24245"}],"curies":[{"name":"wp","href":"https:\/\/api.w.org\/{rel}","templated":true}]}}