{"id":24241,"date":"2019-03-11T00:34:42","date_gmt":"2019-03-11T06:34:42","guid":{"rendered":"https:\/\/elreporterohgo.com\/noticias\/?p=24241"},"modified":"2019-03-11T00:34:43","modified_gmt":"2019-03-11T06:34:43","slug":"trabajo-en-unidad-es-clave-para-el-desarrollo","status":"publish","type":"post","link":"https:\/\/elreporterohgo.com\/noticias\/2019\/03\/11\/trabajo-en-unidad-es-clave-para-el-desarrollo\/","title":{"rendered":"Trabajo en unidad es clave para el desarrollo"},"content":{"rendered":"\n<figure class=\"wp-block-image\"><img fetchpriority=\"high\" decoding=\"async\" width=\"1024\" height=\"683\" src=\"https::\/\/elreporterohgo.com\/noticias\/wp-content\/uploads\/2019\/03\/unnamed-2019-03-11T003045.849-1024x683.jpg\" alt=\"\" class=\"wp-image-24242\" srcset=\"https:\/\/elreporterohgo.com\/noticias\/wp-content\/uploads\/2019\/03\/unnamed-2019-03-11T003045.849-1024x683.jpg 1024w, https:\/\/elreporterohgo.com\/noticias\/wp-content\/uploads\/2019\/03\/unnamed-2019-03-11T003045.849-300x200.jpg 300w, https:\/\/elreporterohgo.com\/noticias\/wp-content\/uploads\/2019\/03\/unnamed-2019-03-11T003045.849-768x512.jpg 768w\" sizes=\"(max-width: 1024px) 100vw, 1024px\" \/><\/figure>\n\n\n\n<figure class=\"wp-block-image\"><img decoding=\"async\" width=\"1024\" height=\"683\" src=\"https::\/\/elreporterohgo.com\/noticias\/wp-content\/uploads\/2019\/03\/unnamed-2019-03-11T002952.778-1024x683.jpg\" alt=\"\" class=\"wp-image-24243\" srcset=\"https:\/\/elreporterohgo.com\/noticias\/wp-content\/uploads\/2019\/03\/unnamed-2019-03-11T002952.778-1024x683.jpg 1024w, https:\/\/elreporterohgo.com\/noticias\/wp-content\/uploads\/2019\/03\/unnamed-2019-03-11T002952.778-300x200.jpg 300w, https:\/\/elreporterohgo.com\/noticias\/wp-content\/uploads\/2019\/03\/unnamed-2019-03-11T002952.778-768x512.jpg 768w\" sizes=\"(max-width: 1024px) 100vw, 1024px\" \/><\/figure>\n\n\n\n<p><strong>TRABAJO EN UNIDAD, CLAVE DEL DESARROLLO <\/strong><\/p>\n\n\n\n<p><strong>Afirm\u00f3 el gobernador Omar Fayad<\/strong><\/p>\n\n\n\n<p><em>&#8211; En gira de trabajo por Mixquiahuala, el gobernador entreg\u00f3 la\nremodelaci\u00f3n del parque &#8216;El Calvario&#8217;; tuvo una inversi\u00f3n de 4.2 MDP.<\/em><\/p>\n\n\n\n<p>Mixquiahuala\nde Ju\u00e1rez, Hgo. -\u00abEn Hidalgo con el trabajo coordinado y en unidad es como\nlos tres \u00f3rdenes de gobierno impulsamos el desarrollo de las regiones y salimos\nadelante\u201d, afirm\u00f3 el mandatario Omar Fayad al acudir a la inauguraci\u00f3n de la\nremodelaci\u00f3n del parque &#8216;El Calvario&#8217;.<\/p>\n\n\n\n<p>En\nsu mensaje emitido subray\u00f3: \u201cespero que esta maravillosa obra, adem\u00e1s de\naportar al restablecimiento del tejido social, brinde una nueva vista, un nuevo\naire, una nueva oportunidad y un punto de reuni\u00f3n maravilloso para la gente de este\nmunicipio\u00bb. <\/p>\n\n\n\n<p>Tambi\u00e9n\nen el marco de la conmemoraci\u00f3n del D\u00eda de la Mujer, asegur\u00f3 que su gobierno\ntrabaja para entregar cada vez m\u00e1s apoyos a este sector de la sociedad y con\nello brindarles una mayor seguridad, por eso insisti\u00f3 en que este d\u00eda debe ser\nmotivo de reflexi\u00f3n para honrar con acciones a las mujeres que han luchado por\nm\u00e1s derechos y oportunidades.<\/p>\n\n\n\n<p>En\neste sentido dijo que en Mixquiahuala se ha empezado ya con una semilla, \u201chemos\nvenido haciendo un gran esfuerzo para que aqu\u00ed haya un sistema de\nvideovigilancia muy importante y actualmente tenemos ya instaladas 160 c\u00e1maras\npara que cuando est\u00e9n en las calles sus hijos, las mujeres, as\u00ed como toda la\npoblaci\u00f3n, se sientan cuidados y aportemos en la disminuci\u00f3n del fen\u00f3meno de la\ninseguridad\u201d.<\/p>\n\n\n\n<p>Con\nla presencia de los alcaldes de Progreso, Ajacuba y de los&nbsp; representantes de los tres \u00f3rdenes de\ngobierno, Humberto Pacheco, presidente municipal anfitri\u00f3n, destac\u00f3 la coordinaci\u00f3n\nde esfuerzos para alcanzar obras como la que se entreg\u00f3 y reconoci\u00f3 el trabajo\nsin distingo que se impulsa desde la administraci\u00f3n estatal,&nbsp; para atender a la poblaci\u00f3n de esta zona.<\/p>\n\n\n\n<p>La\nremodelaci\u00f3n del parque &#8216;El Calvario&#8217; fue posible gracias al ramo 36 del Fondo\nde Aportaciones para el Fortalecimiento de las Entidades Federativas (FAFET)\n2018, cuya inversi\u00f3n fue de poco m\u00e1s de 4 millones 225 mil pesos. Se\nrehabilitaron 6 mil 467 m2, en acciones como: el mobiliario urbano, techumbre,\njardinera arco, la explanada p\u00e9rgola y el piso estampado.<\/p>\n","protected":false},"excerpt":{"rendered":"<p>TRABAJO EN UNIDAD, CLAVE DEL DESARROLLO Afirm\u00f3 el gobernador Omar Fayad &#8211; En gira de trabajo por Mixquiahuala, el gobernador entreg\u00f3 la remodelaci\u00f3n del parque &#8216;El Calvario&#8217;; tuvo una inversi\u00f3n de 4.2 MDP. Mixquiahuala de Ju\u00e1rez, Hgo. -\u00abEn Hidalgo con el trabajo coordinado y en unidad es como los tres \u00f3rdenes de gobierno impulsamos el<\/p>\n","protected":false},"author":2,"featured_media":24242,"comment_status":"open","ping_status":"closed","sticky":false,"template":"","format":"standard","meta":{"footnotes":""},"categories":[10],"tags":[],"class_list":{"0":"post-24241","1":"post","2":"type-post","3":"status-publish","4":"format-standard","5":"has-post-thumbnail","7":"category-hidalgo"},"_links":{"self":[{"href":"https:\/\/elreporterohgo.com\/noticias\/wp-json\/wp\/v2\/posts\/24241","targetHints":{"allow":["GET"]}}],"collection":[{"href":"https:\/\/elreporterohgo.com\/noticias\/wp-json\/wp\/v2\/posts"}],"about":[{"href":"https:\/\/elreporterohgo.com\/noticias\/wp-json\/wp\/v2\/types\/post"}],"author":[{"embeddable":true,"href":"https:\/\/elreporterohgo.com\/noticias\/wp-json\/wp\/v2\/users\/2"}],"replies":[{"embeddable":true,"href":"https:\/\/elreporterohgo.com\/noticias\/wp-json\/wp\/v2\/comments?post=24241"}],"version-history":[{"count":1,"href":"https:\/\/elreporterohgo.com\/noticias\/wp-json\/wp\/v2\/posts\/24241\/revisions"}],"predecessor-version":[{"id":24244,"href":"https:\/\/elreporterohgo.com\/noticias\/wp-json\/wp\/v2\/posts\/24241\/revisions\/24244"}],"wp:featuredmedia":[{"embeddable":true,"href":"https:\/\/elreporterohgo.com\/noticias\/wp-json\/wp\/v2\/media\/24242"}],"wp:attachment":[{"href":"https:\/\/elreporterohgo.com\/noticias\/wp-json\/wp\/v2\/media?parent=24241"}],"wp:term":[{"taxonomy":"category","embeddable":true,"href":"https:\/\/elreporterohgo.com\/noticias\/wp-json\/wp\/v2\/categories?post=24241"},{"taxonomy":"post_tag","embeddable":true,"href":"https:\/\/elreporterohgo.com\/noticias\/wp-json\/wp\/v2\/tags?post=24241"}],"curies":[{"name":"wp","href":"https:\/\/api.w.org\/{rel}","templated":true}]}}