{"id":24228,"date":"2019-03-10T12:41:08","date_gmt":"2019-03-10T18:41:08","guid":{"rendered":"https:\/\/elreporterohgo.com\/noticias\/?p=24228"},"modified":"2019-03-10T17:33:06","modified_gmt":"2019-03-10T23:33:06","slug":"espacio-deportivo-para-atender-a-la-ninez","status":"publish","type":"post","link":"https:\/\/elreporterohgo.com\/noticias\/2019\/03\/10\/espacio-deportivo-para-atender-a-la-ninez\/","title":{"rendered":"Espacio deportivo para atender a la ni\u00f1ez"},"content":{"rendered":"\n<figure class=\"wp-block-image\"><img fetchpriority=\"high\" decoding=\"async\" width=\"1024\" height=\"768\" src=\"https::\/\/elreporterohgo.com\/noticias\/wp-content\/uploads\/2019\/03\/IMG-20190308-WA0032-1024x768.jpg\" alt=\"\" class=\"wp-image-24229\" srcset=\"https:\/\/elreporterohgo.com\/noticias\/wp-content\/uploads\/2019\/03\/IMG-20190308-WA0032-1024x768.jpg 1024w, https:\/\/elreporterohgo.com\/noticias\/wp-content\/uploads\/2019\/03\/IMG-20190308-WA0032-300x225.jpg 300w, https:\/\/elreporterohgo.com\/noticias\/wp-content\/uploads\/2019\/03\/IMG-20190308-WA0032-768x576.jpg 768w, https:\/\/elreporterohgo.com\/noticias\/wp-content\/uploads\/2019\/03\/IMG-20190308-WA0032.jpg 1152w\" sizes=\"(max-width: 1024px) 100vw, 1024px\" \/><\/figure>\n\n\n\n<figure class=\"wp-block-image\"><img decoding=\"async\" width=\"480\" height=\"752\" src=\"https::\/\/elreporterohgo.com\/noticias\/wp-content\/uploads\/2019\/03\/IMG-20190309-WA0027.jpg\" alt=\"\" class=\"wp-image-24230\" srcset=\"https:\/\/elreporterohgo.com\/noticias\/wp-content\/uploads\/2019\/03\/IMG-20190309-WA0027.jpg 480w, https:\/\/elreporterohgo.com\/noticias\/wp-content\/uploads\/2019\/03\/IMG-20190309-WA0027-191x300.jpg 191w\" sizes=\"(max-width: 480px) 100vw, 480px\" \/><\/figure>\n\n\n\n<p>Pugna por el Centro de Bienestar Social del IMS<\/p>\n\n\n\n<p>que es propiedad del municipio de Apan<\/p>\n\n\n\n<p>Por Juan\nSabino Cruz<\/p>\n\n\n\n<p>APAN, Hgo.-\nExisten opiniones encontradas en torno al destino que se dar\u00e1 a las instalaciones\ndel Centro de Bienestar Social del IMSS, el predio es propiedad municipal y se\npretende convertirlo en instalaciones del Centro de Asistencia Infantil\nComunitaria (CAIC).<\/p>\n\n\n\n<p>Guadalupe\nMu\u00f1oz Romero, mujer altruista, en los a\u00f1os noventa apertura el Centro de\nBienestar Social del IMSS de Apan, esto como una extensi\u00f3n del Centro del\nCentro de Bienestar Social del IMSS de Ciudad Sahag\u00fan, ah\u00ed se practicaban\ndiversas disciplinas deportivas, con mayor \u00e9xito en el lima lama, adem\u00e1s de\napoyaba a la gente en la continuaci\u00f3n de sus estudios.<\/p>\n\n\n\n<p>Mu\u00f1oz Romero fue Presidenta Municipal de Apan en el periodo 2000-2003, ah\u00ed tuvo la oportunidad de donar el predio municipal al Instituto Mexicano del Seguro Social y esa instituci\u00f3n se habr\u00eda hecho cargo de todos los gastos de operaci\u00f3n, pero no lo hizo, as\u00ed el predio siempre ha sido propiedad municipal. <\/p>\n\n\n\n<p>En la pasada administraci\u00f3n municipal, hubo ciertos enfrentamientos porque se le exig\u00eda al ayuntamiento el pag\u00f3 del recibo de energ\u00eda el\u00e9ctrica que estaba atrasado.<\/p>\n\n\n\n<p>Lo\ncierto que con todos los problemas que se han presentado, el predio nunca ha\ncambiado su estatus, es propiedad municipal.<\/p>\n\n\n\n<p>URGE\nINMUEBLE PARA CAIC<\/p>\n\n\n\n<p>El\nCentro de Asistencia Infantil Comunitaria de Apan actualmente funciona en un inmueble\nalquilado, al parecer con una renta superior a los 20 mil mensuales.<\/p>\n\n\n\n<p>Ante\nesta situaci\u00f3n, la actual administraci\u00f3n Municipal que encabeza \u00c1ngeles Anaya\nOrtega ha solicitado al delegado del IMSS la devoluci\u00f3n del inmueble que ocupa\nel Centro de Bienestar Social del IMSS, se busca reforzar la infraestructura y\ncumpliendo la normativa que indique Protecci\u00f3n Civil se acondicione para\ninstalaciones permanentes del Centro de Asistencia Infantil Comunitaria donde\nestudian cientos de ni\u00f1os apanenses.<\/p>\n\n\n\n<p>UNIDAD\nDEPORTIVA<\/p>\n\n\n\n<p>El\nasunto no debe politizarse, mejor ser\u00eda dialogar y las divergencias existentes\nconvertirlas en coincidencias para encontrar un punto de acuerdo y este podr\u00eda\nser que los deportistas practiquen la disciplina que les guste en la Unidad \u201c\u00c1ngel\nLozada\u201d, misma que es objeto de reconstrucci\u00f3n a cargo de la empresa Grupo\nModelo que apoya al municipio de Apan.<\/p>\n\n\n\n<p>Existen\nopiniones encontradas en torno&nbsp; este\nasunto, inclusive, hay manifestaciones a favor de los deportistas para que\nsigan en sus instalaciones y otras en favor de los ni\u00f1os del CAIC de Apan, por\nende, lo mejor ser\u00e1 dialogar para encontrar acuerdos y juntos trabajar por el\nprogreso del municipio de Apan.<\/p>\n","protected":false},"excerpt":{"rendered":"<p>Pugna por el Centro de Bienestar Social del IMS que es propiedad del municipio de Apan Por Juan Sabino Cruz APAN, Hgo.- Existen opiniones encontradas en torno al destino que se dar\u00e1 a las instalaciones del Centro de Bienestar Social del IMSS, el predio es propiedad municipal y se pretende convertirlo en instalaciones del Centro<\/p>\n","protected":false},"author":2,"featured_media":24229,"comment_status":"open","ping_status":"closed","sticky":false,"template":"","format":"standard","meta":{"footnotes":""},"categories":[10],"tags":[],"class_list":{"0":"post-24228","1":"post","2":"type-post","3":"status-publish","4":"format-standard","5":"has-post-thumbnail","7":"category-hidalgo"},"_links":{"self":[{"href":"https:\/\/elreporterohgo.com\/noticias\/wp-json\/wp\/v2\/posts\/24228","targetHints":{"allow":["GET"]}}],"collection":[{"href":"https:\/\/elreporterohgo.com\/noticias\/wp-json\/wp\/v2\/posts"}],"about":[{"href":"https:\/\/elreporterohgo.com\/noticias\/wp-json\/wp\/v2\/types\/post"}],"author":[{"embeddable":true,"href":"https:\/\/elreporterohgo.com\/noticias\/wp-json\/wp\/v2\/users\/2"}],"replies":[{"embeddable":true,"href":"https:\/\/elreporterohgo.com\/noticias\/wp-json\/wp\/v2\/comments?post=24228"}],"version-history":[{"count":3,"href":"https:\/\/elreporterohgo.com\/noticias\/wp-json\/wp\/v2\/posts\/24228\/revisions"}],"predecessor-version":[{"id":24233,"href":"https:\/\/elreporterohgo.com\/noticias\/wp-json\/wp\/v2\/posts\/24228\/revisions\/24233"}],"wp:featuredmedia":[{"embeddable":true,"href":"https:\/\/elreporterohgo.com\/noticias\/wp-json\/wp\/v2\/media\/24229"}],"wp:attachment":[{"href":"https:\/\/elreporterohgo.com\/noticias\/wp-json\/wp\/v2\/media?parent=24228"}],"wp:term":[{"taxonomy":"category","embeddable":true,"href":"https:\/\/elreporterohgo.com\/noticias\/wp-json\/wp\/v2\/categories?post=24228"},{"taxonomy":"post_tag","embeddable":true,"href":"https:\/\/elreporterohgo.com\/noticias\/wp-json\/wp\/v2\/tags?post=24228"}],"curies":[{"name":"wp","href":"https:\/\/api.w.org\/{rel}","templated":true}]}}