{"id":24194,"date":"2019-03-06T21:30:10","date_gmt":"2019-03-07T03:30:10","guid":{"rendered":"https:\/\/elreporterohgo.com\/noticias\/?p=24194"},"modified":"2019-03-06T21:30:11","modified_gmt":"2019-03-07T03:30:11","slug":"solicitan-apoyo-al-congreso-para-revisar-contrataciones-y-condiciones-laborales","status":"publish","type":"post","link":"https:\/\/elreporterohgo.com\/noticias\/2019\/03\/06\/solicitan-apoyo-al-congreso-para-revisar-contrataciones-y-condiciones-laborales\/","title":{"rendered":"Solicitan apoyo al Congreso para revisar contrataciones y condiciones laborales"},"content":{"rendered":"\n<ul class=\"wp-block-list\"><li><em>Ante Comisi\u00f3n de Salud dicen tener confianza en\nreestructuraciones federales: Nuestro conflicto no es pol\u00edtico, sino la\nsituaci\u00f3n laboral de 272 personas y los beneficiados de los programas.<\/em><em><\/em><\/li><\/ul>\n\n\n\n<p>Un nutrido contingente de personal de salud de Prospera\nacudi\u00f3 a las instalaciones del Congreso del estado para exponer su condici\u00f3n\nrepentina de desempleo, del pasado 28 de febrero, y solicitar la intervenci\u00f3n\nde los legisladores para ser reinsertados en el \u00e1mbito laboral. Fueron\natendidos por los diputados Humberto Veras Godoy y Rafael Garnica Alonso,\npresidente e integrante de la Comisi\u00f3n de Salud de la LXIV Legislatura,\nrespectivamente. <\/p>\n\n\n\n<ul class=\"wp-block-gallery alignright columns-2 is-cropped wp-block-gallery-1 is-layout-flex wp-block-gallery-is-layout-flex\"><li class=\"blocks-gallery-item\"><figure><img fetchpriority=\"high\" decoding=\"async\" width=\"1024\" height=\"683\" src=\"https::\/\/elreporterohgo.com\/noticias\/wp-content\/uploads\/2019\/03\/Bolet\u00edn-124-Ex-empelados-PROSPERA-06.03.19-1-1024x683.jpg\" alt=\"\" data-id=\"24195\" data-link=\"https::\/\/elreporterohgo.com\/noticias\/?attachment_id=24195\" class=\"wp-image-24195\" srcset=\"https:\/\/elreporterohgo.com\/noticias\/wp-content\/uploads\/2019\/03\/Bolet\u00edn-124-Ex-empelados-PROSPERA-06.03.19-1-1024x683.jpg 1024w, https:\/\/elreporterohgo.com\/noticias\/wp-content\/uploads\/2019\/03\/Bolet\u00edn-124-Ex-empelados-PROSPERA-06.03.19-1-300x200.jpg 300w, https:\/\/elreporterohgo.com\/noticias\/wp-content\/uploads\/2019\/03\/Bolet\u00edn-124-Ex-empelados-PROSPERA-06.03.19-1-768x512.jpg 768w\" sizes=\"(max-width: 1024px) 100vw, 1024px\" \/><\/figure><\/li><li class=\"blocks-gallery-item\"><figure><img decoding=\"async\" width=\"1024\" height=\"683\" src=\"https::\/\/elreporterohgo.com\/noticias\/wp-content\/uploads\/2019\/03\/Bolet\u00edn-124-Ex-empelados-PROSPERA-06.03.19-2-1024x683.jpg\" alt=\"\" data-id=\"24196\" data-link=\"https::\/\/elreporterohgo.com\/noticias\/?attachment_id=24196\" class=\"wp-image-24196\" srcset=\"https:\/\/elreporterohgo.com\/noticias\/wp-content\/uploads\/2019\/03\/Bolet\u00edn-124-Ex-empelados-PROSPERA-06.03.19-2-1024x683.jpg 1024w, https:\/\/elreporterohgo.com\/noticias\/wp-content\/uploads\/2019\/03\/Bolet\u00edn-124-Ex-empelados-PROSPERA-06.03.19-2-300x200.jpg 300w, https:\/\/elreporterohgo.com\/noticias\/wp-content\/uploads\/2019\/03\/Bolet\u00edn-124-Ex-empelados-PROSPERA-06.03.19-2-768x512.jpg 768w\" sizes=\"(max-width: 1024px) 100vw, 1024px\" \/><\/figure><\/li><\/ul>\n\n\n\n<p>Explicaron m\u00e9dicos, psic\u00f3logos, nutri\u00f3logos, enfermeras,\nt\u00e9cnicos de inform\u00e1tica y promotores de salud, que tienen plena confianza en el\nPlan Nacional de Desarrollo que lleva a cabo el presidente Andr\u00e9s Manuel L\u00f3pez\nObrador, seg\u00fan el cual una vez eliminado Prospera se transitar\u00e1 a programas de\nbecas: \u201cTenemos confianza en las reestructuraciones, nuestro conflicto no es\npol\u00edtico, sino la situaci\u00f3n laboral de 272 personas que est\u00e1n ahora\ndesempleadas\u201d, dijeron. <\/p>\n\n\n\n<p>Abundaron en que no solo la cuesti\u00f3n laboral es tema de\npreocupaci\u00f3n para ellos, tambi\u00e9n lo es la situaci\u00f3n en que quedan las personas\nque son atendidas por estos especialistas en salud, con actividades como\nconsultas, talleres de autocuidado, vigilancia nutricional, desarrollo\ninfantil, saneamiento b\u00e1sico, ni\u00f1as embarazadas y mujeres lactantes, que\nprecisan de atenci\u00f3n que no puede ser postergada, y pusieron como ejemplo la\nayuda que reciben ni\u00f1os en crecimiento que se ver\u00e1n afectados de manera\nirreversible si no son atendidos continuadamente.<\/p>\n\n\n\n<p>El diputado Humberto Veras Godoy, presidente de la\nComisi\u00f3n de Salud del Congreso estatal, se\u00f1al\u00f3 en su oportunidad que las y los\nlegisladores ser\u00e1n portadores de sus demandas ante las autoridades competentes\ny que tendr\u00e1n su acompa\u00f1amiento permanente a efecto de resolver este problema,\nya que lo fundamental es mantener la seguridad laboral, por lo que se reunir\u00e1n\ncon el delegado estatal de Programas para el Desarrollo Federal, Abraham\nMendoza Zenteno, el pr\u00f3ximo 12 de marzo, para que sean atendidos y escuchados y\nse pueda generar una soluci\u00f3n.<\/p>\n\n\n\n<p>El personal detall\u00f3 que la labor principal que\ndesempe\u00f1aban era de prevenci\u00f3n y promoci\u00f3n de salud para familias vulnerables,\npor lo que propusieron a los legisladores que, dentro del Plan Sectorial de\nSalud, Morena Salud, ellos podr\u00edan fortalecerlo, pues conocen el \u00e1rea y est\u00e1n\ncapacitados, ya que sus actividades han ido m\u00e1s hacia cultura preventiva que\ncurativa. <\/p>\n\n\n\n<p>\u201cEl\nprimer nivel de atenci\u00f3n se est\u00e1 descobijando, y es donde nosotros quisi\u00e9ramos\nser considerados\u201d, se\u00f1alaron. <\/p>\n\n\n\n<p>Expusieron asimismo su estado como trabajadores: no se\nles tom\u00f3 en cuenta la antig\u00fcedad y no tuvieron prestaciones, trabajaron bajo\ncontrato, desarrollaron actividades de primer nivel independientemente de su\nestatus laboral; pidieron considerar complicaciones laborales para personas que\ntrabajaron en zonas rurales altamente marginadas.<\/p>\n\n\n\n<p>Demandaron igualmente irregularidades en su\ncontrataci\u00f3n, como la firma de inicio de contrato y a la vez la de renuncia; el\nhecho de que trabajadores despu\u00e9s de 14 a\u00f1os nunca vieron mejorada su situaci\u00f3n\nlaboral, como falta de seguro de vida, falta de prestaciones, por lo que\naprovecharon esta reuni\u00f3n para solicitar mejor\u00edas en esas condiciones.<\/p>\n\n\n\n<p>Finalmente, Veras Godoy y Garnica Alonso manifestaron\nque la LXIV Legislatura es un Congreso abierto para todos, como lo ha\nestablecido su hom\u00f3logo Ricardo Baptista Gonz\u00e1lez, presidente de la Junta de\nGobierno.<\/p>\n","protected":false},"excerpt":{"rendered":"<p>Ante Comisi\u00f3n de Salud dicen tener confianza en reestructuraciones federales: Nuestro conflicto no es pol\u00edtico, sino la situaci\u00f3n laboral de 272 personas y los beneficiados de los programas. Un nutrido contingente de personal de salud de Prospera acudi\u00f3 a las instalaciones del Congreso del estado para exponer su condici\u00f3n repentina de desempleo, del pasado 28<\/p>\n","protected":false},"author":2,"featured_media":24195,"comment_status":"open","ping_status":"closed","sticky":false,"template":"","format":"standard","meta":{"footnotes":""},"categories":[10],"tags":[],"class_list":{"0":"post-24194","1":"post","2":"type-post","3":"status-publish","4":"format-standard","5":"has-post-thumbnail","7":"category-hidalgo"},"_links":{"self":[{"href":"https:\/\/elreporterohgo.com\/noticias\/wp-json\/wp\/v2\/posts\/24194","targetHints":{"allow":["GET"]}}],"collection":[{"href":"https:\/\/elreporterohgo.com\/noticias\/wp-json\/wp\/v2\/posts"}],"about":[{"href":"https:\/\/elreporterohgo.com\/noticias\/wp-json\/wp\/v2\/types\/post"}],"author":[{"embeddable":true,"href":"https:\/\/elreporterohgo.com\/noticias\/wp-json\/wp\/v2\/users\/2"}],"replies":[{"embeddable":true,"href":"https:\/\/elreporterohgo.com\/noticias\/wp-json\/wp\/v2\/comments?post=24194"}],"version-history":[{"count":1,"href":"https:\/\/elreporterohgo.com\/noticias\/wp-json\/wp\/v2\/posts\/24194\/revisions"}],"predecessor-version":[{"id":24197,"href":"https:\/\/elreporterohgo.com\/noticias\/wp-json\/wp\/v2\/posts\/24194\/revisions\/24197"}],"wp:featuredmedia":[{"embeddable":true,"href":"https:\/\/elreporterohgo.com\/noticias\/wp-json\/wp\/v2\/media\/24195"}],"wp:attachment":[{"href":"https:\/\/elreporterohgo.com\/noticias\/wp-json\/wp\/v2\/media?parent=24194"}],"wp:term":[{"taxonomy":"category","embeddable":true,"href":"https:\/\/elreporterohgo.com\/noticias\/wp-json\/wp\/v2\/categories?post=24194"},{"taxonomy":"post_tag","embeddable":true,"href":"https:\/\/elreporterohgo.com\/noticias\/wp-json\/wp\/v2\/tags?post=24194"}],"curies":[{"name":"wp","href":"https:\/\/api.w.org\/{rel}","templated":true}]}}