{"id":24152,"date":"2019-03-05T16:40:59","date_gmt":"2019-03-05T22:40:59","guid":{"rendered":"https:\/\/elreporterohgo.com\/noticias\/?p=24152"},"modified":"2019-03-05T16:41:00","modified_gmt":"2019-03-05T22:41:00","slug":"consienten-al-productor-de-ganado","status":"publish","type":"post","link":"https:\/\/elreporterohgo.com\/noticias\/2019\/03\/05\/consienten-al-productor-de-ganado\/","title":{"rendered":"Consienten al productor de ganado"},"content":{"rendered":"\n<p>Veterinaria y alimentos balanceados<\/p>\n\n\n\n<figure class=\"wp-block-image\"><img fetchpriority=\"high\" decoding=\"async\" width=\"1024\" height=\"683\" src=\"https::\/\/elreporterohgo.com\/noticias\/wp-content\/uploads\/2019\/03\/IMG_0707-1024x683.jpg\" alt=\"\" class=\"wp-image-24153\" srcset=\"https:\/\/elreporterohgo.com\/noticias\/wp-content\/uploads\/2019\/03\/IMG_0707-1024x683.jpg 1024w, https:\/\/elreporterohgo.com\/noticias\/wp-content\/uploads\/2019\/03\/IMG_0707-300x200.jpg 300w, https:\/\/elreporterohgo.com\/noticias\/wp-content\/uploads\/2019\/03\/IMG_0707-768x512.jpg 768w\" sizes=\"(max-width: 1024px) 100vw, 1024px\" \/><\/figure>\n\n\n\n<figure class=\"wp-block-image\"><img decoding=\"async\" width=\"1024\" height=\"927\" src=\"https::\/\/elreporterohgo.com\/noticias\/wp-content\/uploads\/2019\/03\/IMG_0712-1024x927.jpg\" alt=\"\" class=\"wp-image-24154\" srcset=\"https:\/\/elreporterohgo.com\/noticias\/wp-content\/uploads\/2019\/03\/IMG_0712-1024x927.jpg 1024w, https:\/\/elreporterohgo.com\/noticias\/wp-content\/uploads\/2019\/03\/IMG_0712-300x271.jpg 300w, https:\/\/elreporterohgo.com\/noticias\/wp-content\/uploads\/2019\/03\/IMG_0712-768x695.jpg 768w\" sizes=\"(max-width: 1024px) 100vw, 1024px\" \/><\/figure>\n\n\n\n<figure class=\"wp-block-image\"><img decoding=\"async\" width=\"1024\" height=\"683\" src=\"https::\/\/elreporterohgo.com\/noticias\/wp-content\/uploads\/2019\/03\/IMG_0709-1024x683.jpg\" alt=\"\" class=\"wp-image-24155\" srcset=\"https:\/\/elreporterohgo.com\/noticias\/wp-content\/uploads\/2019\/03\/IMG_0709-1024x683.jpg 1024w, https:\/\/elreporterohgo.com\/noticias\/wp-content\/uploads\/2019\/03\/IMG_0709-300x200.jpg 300w, https:\/\/elreporterohgo.com\/noticias\/wp-content\/uploads\/2019\/03\/IMG_0709-768x512.jpg 768w\" sizes=\"(max-width: 1024px) 100vw, 1024px\" \/><\/figure>\n\n\n\n<figure class=\"wp-block-image\"><img loading=\"lazy\" decoding=\"async\" width=\"1024\" height=\"683\" src=\"https::\/\/elreporterohgo.com\/noticias\/wp-content\/uploads\/2019\/03\/IMG_0705-1024x683.jpg\" alt=\"\" class=\"wp-image-24156\" srcset=\"https:\/\/elreporterohgo.com\/noticias\/wp-content\/uploads\/2019\/03\/IMG_0705-1024x683.jpg 1024w, https:\/\/elreporterohgo.com\/noticias\/wp-content\/uploads\/2019\/03\/IMG_0705-300x200.jpg 300w, https:\/\/elreporterohgo.com\/noticias\/wp-content\/uploads\/2019\/03\/IMG_0705-768x512.jpg 768w\" sizes=\"(max-width: 1024px) 100vw, 1024px\" \/><\/figure>\n\n\n\n<p>Apan, Hgo.- Esta abierta al p\u00fablico la farmacia veterinaria \u201cVEYSA\u201d, donde adem\u00e1s se vende una gran variedad de alimentos balanceados para todo tipo de animales.<\/p>\n\n\n\n<p>El matrimonio integrado por Ver\u00f3nica Ruano N\u00e1poles y Sandro Gonz\u00e1lez\nDelgado, un matrimonio emprendedor, decidi\u00f3 poner en marcha el proyecto de\nfarmacia veterinaria y alimentos balanceados para servir con eficiencia y\ncalidad a los productores de ganado de Apan y la regi\u00f3n del altiplano de\nHidalgo.<\/p>\n\n\n\n<p>Inclusive, se tiene gran variedad de productos para el\ncuidado de la mascota.<\/p>\n\n\n\n<p>La ma\u00f1ana del s\u00e1bado dos de marzo, el padre acudi\u00f3 a bendecir\nel establecimiento, los anfitriones sirvieron bocadillos que compartieron con\nvecinos y clientes que llegaron a realizar sus compras.<\/p>\n\n\n\n<p>El establecimiento se ubica en la calle Benito Ju\u00e1rez, n\u00famero\n19, colonia centro de Apan, a unos pasos de la estaci\u00f3n del tren. Tel\u00e9fono celular\n7712426003.<\/p>\n","protected":false},"excerpt":{"rendered":"<p>Veterinaria y alimentos balanceados Apan, Hgo.- Esta abierta al p\u00fablico la farmacia veterinaria \u201cVEYSA\u201d, donde adem\u00e1s se vende una gran variedad de alimentos balanceados para todo tipo de animales. El matrimonio integrado por Ver\u00f3nica Ruano N\u00e1poles y Sandro Gonz\u00e1lez Delgado, un matrimonio emprendedor, decidi\u00f3 poner en marcha el proyecto de farmacia veterinaria y alimentos balanceados<\/p>\n","protected":false},"author":2,"featured_media":24154,"comment_status":"open","ping_status":"closed","sticky":false,"template":"","format":"standard","meta":{"footnotes":""},"categories":[10],"tags":[],"class_list":{"0":"post-24152","1":"post","2":"type-post","3":"status-publish","4":"format-standard","5":"has-post-thumbnail","7":"category-hidalgo"},"_links":{"self":[{"href":"https:\/\/elreporterohgo.com\/noticias\/wp-json\/wp\/v2\/posts\/24152","targetHints":{"allow":["GET"]}}],"collection":[{"href":"https:\/\/elreporterohgo.com\/noticias\/wp-json\/wp\/v2\/posts"}],"about":[{"href":"https:\/\/elreporterohgo.com\/noticias\/wp-json\/wp\/v2\/types\/post"}],"author":[{"embeddable":true,"href":"https:\/\/elreporterohgo.com\/noticias\/wp-json\/wp\/v2\/users\/2"}],"replies":[{"embeddable":true,"href":"https:\/\/elreporterohgo.com\/noticias\/wp-json\/wp\/v2\/comments?post=24152"}],"version-history":[{"count":1,"href":"https:\/\/elreporterohgo.com\/noticias\/wp-json\/wp\/v2\/posts\/24152\/revisions"}],"predecessor-version":[{"id":24157,"href":"https:\/\/elreporterohgo.com\/noticias\/wp-json\/wp\/v2\/posts\/24152\/revisions\/24157"}],"wp:featuredmedia":[{"embeddable":true,"href":"https:\/\/elreporterohgo.com\/noticias\/wp-json\/wp\/v2\/media\/24154"}],"wp:attachment":[{"href":"https:\/\/elreporterohgo.com\/noticias\/wp-json\/wp\/v2\/media?parent=24152"}],"wp:term":[{"taxonomy":"category","embeddable":true,"href":"https:\/\/elreporterohgo.com\/noticias\/wp-json\/wp\/v2\/categories?post=24152"},{"taxonomy":"post_tag","embeddable":true,"href":"https:\/\/elreporterohgo.com\/noticias\/wp-json\/wp\/v2\/tags?post=24152"}],"curies":[{"name":"wp","href":"https:\/\/api.w.org\/{rel}","templated":true}]}}